{"id":150813,"date":"2025-06-04T06:56:08","date_gmt":"2025-06-04T06:56:08","guid":{"rendered":"https:\/\/www.europesays.com\/fr\/150813\/"},"modified":"2025-06-04T06:56:08","modified_gmt":"2025-06-04T06:56:08","slug":"en-video-les-bleus-fetent-lanniversaire-de-desire-doue-a-clairefontaine","status":"publish","type":"post","link":"https:\/\/www.europesays.com\/fr\/150813\/","title":{"rendered":"en vid\u00e9o, les Bleus f\u00eatent l\u2019anniversaire de D\u00e9sir\u00e9 Dou\u00e9 \u00e0 Clairefontaine"},"content":{"rendered":"<p>D\u00e9sir\u00e9 Dou\u00e9 a pu f\u00eater son 20e anniversaire aux c\u00f4t\u00e9s de ses co\u00e9quipiers en \u00e9quipe de France. Quatre jours apr\u00e8s la victoire en C1, le joueur s\u2019attaque \u00e0 la Ligue des nations.<\/p>\n<p class=\"fig-paragraph\">20 ans et d\u00e9j\u00e0 un tr\u00e8s beau palmar\u00e8s.\u00a0<a href=\"http:\/\/www.lefigaro.fr\/sports\/football\/ligue-des-champions\/le-scan-sport-la-folle-popularite-de-desire-doue-sur-les-reseaux-sociaux-20250603\" data-fig-type=\"NewsFlash\" data-gtm-custom-categorie=\"navigation\" data-gtm-custom-action=\"crossclick\" data-gtm-custom-label=\"Contextuel\" data-gtm-event=\"customEventSPE\" data-fig-domain=\"LEFIGARO\" rel=\"nofollow noopener\" target=\"_blank\">D\u00e9sir\u00e9 Dou\u00e9<\/a>\u00a0a bien s\u00fbr \u00e9t\u00e9 appel\u00e9 en \u00e9quipe de France \u00e0 l\u2019occasion de ce nouveau rassemblement \u00e0 Clairefontaine. Le joueur est<a href=\"http:\/\/www.lefigaro.fr\/sports\/football\/ligue-des-champions\/desire-doue-naissance-d-un-phenomene-20250601\" data-fig-type=\"Article\" data-gtm-custom-categorie=\"navigation\" data-gtm-custom-action=\"crossclick\" data-gtm-custom-label=\"Contextuel\" data-gtm-event=\"customEventSPE\" data-fig-domain=\"LEFIGARO\" rel=\"nofollow noopener\" target=\"_blank\">\u00a0\u00e9tincelant depuis plusieurs mois avec le PSG<\/a>. Dernier exemple en date et non des moindres, sa performance exceptionnelle en finale de la Ligue des champions, ponctu\u00e9e d\u2019un doubl\u00e9 et d\u2019une passe d\u00e9cisive.<\/p>\n<p class=\"fig-paragraph\">Dou\u00e9 a c\u00e9l\u00e9br\u00e9 son 20e anniversaire devant ses co\u00e9quipiers en Bleus. Il les a chaleureusement remerci\u00e9s et a rappel\u00e9 sa joie de faire partie de l\u2019\u00e9quipe de France. Prochain objectif pour l\u2019ancien Rennais, soulever la Ligue des nations et garnir encore un peu plus son armoire \u00e0 troph\u00e9e. Pour cela, il faudra d\u00e9j\u00e0 battre l\u2019Espagne jeudi 5 juin au soir \u00e0 Stuttgart.<\/p>\n","protected":false},"excerpt":{"rendered":"D\u00e9sir\u00e9 Dou\u00e9 a pu f\u00eater son 20e anniversaire aux c\u00f4t\u00e9s de ses co\u00e9quipiers en \u00e9quipe de France. Quatre&hellip;\n","protected":false},"author":2,"featured_media":150814,"comment_status":"","ping_status":"","sticky":false,"template":"","format":"standard","meta":{"footnotes":""},"categories":[1412],"tags":[525,20536,18013,1640,20532,814,20535,64,20534,1451,85,2257,63,1452,1453,1454,1455,1011,27,6477,20533,955,1980,60],"class_list":{"0":"post-150813","1":"post","2":"type-post","3":"status-publish","4":"format-standard","5":"has-post-thumbnail","7":"category-f1","8":"tag-calendrier","9":"tag-clairefontaine","10":"tag-coupe-du-monde-2018","11":"tag-desire-doue","12":"tag-didier-deschamps","13":"tag-direct","14":"tag-eliminatoires","15":"tag-equipe-de-france","16":"tag-euro-2020","17":"tag-f1","18":"tag-fff","19":"tag-foot","20":"tag-football","21":"tag-formula-1","22":"tag-formula1","23":"tag-formule-1","24":"tag-formule1","25":"tag-fr","26":"tag-france","27":"tag-kylian-mbappe","28":"tag-les-bleus","29":"tag-match","30":"tag-resultats","31":"tag-sports"},"share_on_mastodon":{"url":"https:\/\/pubeurope.com\/@fr\/114623793270763538","error":""},"_links":{"self":[{"href":"https:\/\/www.europesays.com\/fr\/wp-json\/wp\/v2\/posts\/150813","targetHints":{"allow":["GET"]}}],"collection":[{"href":"https:\/\/www.europesays.com\/fr\/wp-json\/wp\/v2\/posts"}],"about":[{"href":"https:\/\/www.europesays.com\/fr\/wp-json\/wp\/v2\/types\/post"}],"author":[{"embeddable":true,"href":"https:\/\/www.europesays.com\/fr\/wp-json\/wp\/v2\/users\/2"}],"replies":[{"embeddable":true,"href":"https:\/\/www.europesays.com\/fr\/wp-json\/wp\/v2\/comments?post=150813"}],"version-history":[{"count":0,"href":"https:\/\/www.europesays.com\/fr\/wp-json\/wp\/v2\/posts\/150813\/revisions"}],"wp:featuredmedia":[{"embeddable":true,"href":"https:\/\/www.europesays.com\/fr\/wp-json\/wp\/v2\/media\/150814"}],"wp:attachment":[{"href":"https:\/\/www.europesays.com\/fr\/wp-json\/wp\/v2\/media?parent=150813"}],"wp:term":[{"taxonomy":"category","embeddable":true,"href":"https:\/\/www.europesays.com\/fr\/wp-json\/wp\/v2\/categories?post=150813"},{"taxonomy":"post_tag","embeddable":true,"href":"https:\/\/www.europesays.com\/fr\/wp-json\/wp\/v2\/tags?post=150813"}],"curies":[{"name":"wp","href":"https:\/\/api.w.org\/{rel}","templated":true}]}}