{"id":150815,"date":"2025-06-04T06:57:19","date_gmt":"2025-06-04T06:57:19","guid":{"rendered":"https:\/\/www.europesays.com\/fr\/150815\/"},"modified":"2025-06-04T06:57:19","modified_gmt":"2025-06-04T06:57:19","slug":"challenge-dv-la-remontee-de-victor-loulergue-et-daubin-sparfel-actualite","status":"publish","type":"post","link":"https:\/\/www.europesays.com\/fr\/150815\/","title":{"rendered":"Challenge DV : La remont\u00e9e de Victor Loulergue et d&rsquo;Aubin Sparfel &#8211; Actualit\u00e9"},"content":{"rendered":"<p style=\"text-align: justify;\">Alpes Is\u00e8re Tour, Course de la Paix, Fl\u00e8che du Sud, les courses UCI offraient encore beaucoup de points pour le Challenge DV la semaine pass\u00e9e. Les coureurs Espoirs en ont bien profit\u00e9 pour remonter aux classements.<\/p>\n<p>Le premier b\u00e9n\u00e9ficiaire est Victor Loulergue. Sous le maillot de l&rsquo;\u00e9quipe de France Espoirs, le soci\u00e9taire de la Conti f\u00e9d\u00e9rale Bourg-en-Bresse Ain Cyclisme a gagn\u00e9 la premi\u00e8re \u00e9tape de la Course de la Paix, sa cinqui\u00e8me victoire de l&rsquo;ann\u00e9e. Le coureur de 20 ans remonte \u00e0 la 4e place du Challenge DV, un petit point devant un autre coureur de Conti f\u00e9d\u00e9rale, Antoine Raugel (VC Villefranche Beaujolais), 5e. Victor Loulergue conforte aussi sa place de leader du classement Espoirs devant Mathias Sanlaville (Team Atria-Montlu\u00e7on Cyclisme), 8e du classement Amateur.\u00a0<\/p>\n<p>Victor Loulergue remonte aussi \u00e0 la 3e place du classement Espoirs Continental, o\u00f9 il est le premier repr\u00e9sentant des Conti f\u00e9d\u00e9rales. Mais la t\u00eate de ce classement est occup\u00e9e par Aubin Sparfel. Le coureur de Decathlon AG2R La Mondiale DT est le grand vainqueur de la semaine. Il progresse de huit places d&rsquo;un coup. Le vainqueur du Tour du Finist\u00e8re a rempli ses poches de points dans l&rsquo;Alpes Is\u00e8re Tour : 380. Le vice-Champion de France de cyclo-cross occupe donc la premi\u00e8re place du classement Espoirs Continental du Challenge DV avec 111 points d&rsquo;avance sur Maxime Decomble (Groupama-FDJ), son dauphin de l&rsquo;Alpes Is\u00e8re Tour. Aubin Sparfel esp\u00e8re poursuivre sa moisson au Tour d&rsquo;Italie (<a href=\"https:\/\/www.directvelo.com\/actualite\/121083\/aubin-sparfel-je-voulais-me-tester\" target=\"_blank\" rel=\"noopener\"><strong>lire ici<\/strong><\/a>).<\/p>\n<p><strong>KEVIN LE CUNFF GAGNE ET PROGRESSE AU CLASSEMENT<\/strong><\/p>\n<p>Le classement des 19 ans du Challenge DirectVelo conna\u00eet lui aussi un changement de leader. Kylian Breton (VC Pays de Loud\u00e9ac) prend la t\u00eate gr\u00e2ce \u00e0 ses 11e et 12e places au Tour de Loire-Atantique. Le voici quatre points devant son co\u00e9quipier et ancien leader, Antoine Basset, et douze devant Sacha Bergaud (SCO Dijon-Team Materiel-velo.com).<\/p>\n<p>Dans le classement Amateur, Matthew Fox (VC Rouen 76) conserve la t\u00eate apr\u00e8s la Fl\u00e8che du Sud o\u00f9 il s&rsquo;est class\u00e9 deux fois 3e d&rsquo;\u00e9tape. Le cap des 1000 points est en vue pour le coureur des Antipodes. Louis Hardouin (Guidon Chalettois) et Alfred George (SCO Dijon-Team Materiel-velo.com) compl\u00e8tent toujours le podium. Mais dans le Top 10, un coureur poursuit sa remont\u00e9e. K\u00e9vin Le Cunff gagne encore une place. Le coureur du Team Madras Capesterre Belle-Eau est d\u00e9sormais 7e apr\u00e8s sa victoire sur le fil dans le Grand Prix de l&rsquo;US Lamentin, sa quatorzi\u00e8me depuis le d\u00e9but de saison et son troisi\u00e8me classement g\u00e9n\u00e9ral. L&rsquo;ex-pro est le coureur avec le plus de victoires cette saison au sein du peloton fran\u00e7ais.<\/p>\n<p>Suivez les classements du Challenge DV Amateur <a href=\"https:\/\/www.directvelo.com\/challenge\/2025\/6\" target=\"_blank\" rel=\"noopener\"><strong>en cliquant ici<\/strong><\/a>.\u00a0\u00a0<\/p>\n<p><strong>Classement individuel du Challenge DV<\/strong> :\u00a0<\/p>\n<p style=\"text-align: justify;\"><strong>Classement Espoirs du Challenge DV<\/strong> :\u00a0<\/p>\n<p style=\"text-align: justify;\"><strong>Classement des 19 ans du Challenge DV<\/strong> :\u00a0<\/p>\n<p style=\"text-align: justify;\"><strong>Classement Espoirs Continental du Challenge DV<\/strong> :\u00a0<\/p>\n","protected":false},"excerpt":{"rendered":"Alpes Is\u00e8re Tour, Course de la Paix, Fl\u00e8che du Sud, les courses UCI offraient encore beaucoup de points&hellip;\n","protected":false},"author":2,"featured_media":150816,"comment_status":"","ping_status":"","sticky":false,"template":"","format":"standard","meta":{"footnotes":""},"categories":[1411],"tags":[834,828,836,829,837,827,83,826,824,823,1154,207,814,817,815,816,822,821,832,211,839,1011,27,820,818,819,835,831,830,833,838,60,212,208,825],"class_list":{"0":"post-150815","1":"post","2":"type-post","3":"status-publish","4":"format-standard","5":"has-post-thumbnail","7":"category-cyclisme","8":"tag-attaque","9":"tag-belgique","10":"tag-braquet","11":"tag-bretagne","12":"tag-chute","13":"tag-competition","14":"tag-coupe-de-france","15":"tag-coureur","16":"tag-course-cyclisme","17":"tag-course-cycliste","18":"tag-cycling","19":"tag-cyclisme","20":"tag-direct","21":"tag-direct-velo","22":"tag-directvelo","23":"tag-directvelo-com","24":"tag-epreuve","25":"tag-epreuve-cycliste","26":"tag-federation-francaise-de-cyclisme","27":"tag-ffc","28":"tag-flandres","29":"tag-fr","30":"tag-france","31":"tag-live","32":"tag-live-course","33":"tag-live-epreuve","34":"tag-peloton","35":"tag-radio-peloton","36":"tag-radio-tour","37":"tag-ravitaillement","38":"tag-relance","39":"tag-sports","40":"tag-uci","41":"tag-velo","42":"tag-velos"},"share_on_mastodon":{"url":"https:\/\/pubeurope.com\/@fr\/114623797253545811","error":""},"_links":{"self":[{"href":"https:\/\/www.europesays.com\/fr\/wp-json\/wp\/v2\/posts\/150815","targetHints":{"allow":["GET"]}}],"collection":[{"href":"https:\/\/www.europesays.com\/fr\/wp-json\/wp\/v2\/posts"}],"about":[{"href":"https:\/\/www.europesays.com\/fr\/wp-json\/wp\/v2\/types\/post"}],"author":[{"embeddable":true,"href":"https:\/\/www.europesays.com\/fr\/wp-json\/wp\/v2\/users\/2"}],"replies":[{"embeddable":true,"href":"https:\/\/www.europesays.com\/fr\/wp-json\/wp\/v2\/comments?post=150815"}],"version-history":[{"count":0,"href":"https:\/\/www.europesays.com\/fr\/wp-json\/wp\/v2\/posts\/150815\/revisions"}],"wp:featuredmedia":[{"embeddable":true,"href":"https:\/\/www.europesays.com\/fr\/wp-json\/wp\/v2\/media\/150816"}],"wp:attachment":[{"href":"https:\/\/www.europesays.com\/fr\/wp-json\/wp\/v2\/media?parent=150815"}],"wp:term":[{"taxonomy":"category","embeddable":true,"href":"https:\/\/www.europesays.com\/fr\/wp-json\/wp\/v2\/categories?post=150815"},{"taxonomy":"post_tag","embeddable":true,"href":"https:\/\/www.europesays.com\/fr\/wp-json\/wp\/v2\/tags?post=150815"}],"curies":[{"name":"wp","href":"https:\/\/api.w.org\/{rel}","templated":true}]}}