{"id":150822,"date":"2025-06-04T07:01:10","date_gmt":"2025-06-04T07:01:10","guid":{"rendered":"https:\/\/www.europesays.com\/fr\/150822\/"},"modified":"2025-06-04T07:01:10","modified_gmt":"2025-06-04T07:01:10","slug":"barnier-philippe-ciotti-un-telescopage-en-librairie-qui-dit-beaucoup-de-levolution-des-republicains","status":"publish","type":"post","link":"https:\/\/www.europesays.com\/fr\/150822\/","title":{"rendered":"Barnier, Philippe, Ciotti\u2026 Un t\u00e9lescopage en librairie qui dit beaucoup de l\u2019\u00e9volution des R\u00e9publicains"},"content":{"rendered":"<p>        <img decoding=\"async\" loading=\"lazy\" src=\"https:\/\/www.europesays.com\/fr\/wp-content\/uploads\/2025\/06\/4bb1119_sirius-fs-upload-1-vcxy8iqv8rtx-1748945636261-2025-06-03-0kd-kleki.png\"  width=\"728\" height=\"362\" alt=\"Michel Barnier, \u00c9douard Philippe et \u00c9ric Ciotti sortent un livre ce mercredi\u00a04\u00a0juin\u00a02025.\"\/>   <\/p>\n<p>Michel Barnier, \u00c9douard Philippe et \u00c9ric Ciotti sortent un livre ce mercredi\u00a04\u00a0juin\u00a02025.<\/p>\n<p class=\"asset asset-text\">POLITIQUE &#8211; Il y a dix\u00a0ans, Michel Barnier, \u00c9douard Philippe et \u00c9ric Ciotti appartenaient \u00e0 la m\u00eame famille politique\u00a0: <a href=\"https:\/\/www.huffingtonpost.fr\/politique\/article\/congres-lr-bruno-retailleau-bat-laurent-wauquiez-et-prend-la-tete-du-parti-de-droite_250191.html\" target=\"_blank\" rel=\"noopener\">Les R\u00e9publicains<\/a>. Une d\u00e9cennie plus tard, ce mercredi 4\u00a0juin, c\u2019est pourtant bien s\u00e9par\u00e9es que ces trois personnalit\u00e9s issues de l\u2019ex-UMP sortent des ouvrages politiques aux allures de manifeste.<\/p>\n<p class=\"asset asset-text\">Le premier, qui publie Ce que j\u2019ai appris de vous chez Calmann-L\u00e9vy, \u00e9voque son (court) bail \u00e0 Matignon. Un t\u00e9moignage tr\u00e8s personnel \u00e0 travers lequel l\u2019ex-Premier ministre livre ses r\u00e9flexions sur son trimestre pass\u00e9 \u00e0 la t\u00eate du gouvernement, jusqu\u2019\u00e0 la motion de censure qui l\u2019a fait chuter. Pour le maire du\u00a0Havre, qui sort Le prix de nos mensonges chez JC Latt\u00e8s, il est davantage question de faire un diagnostic de l\u2019\u00e9tat du pays et d\u2019avancer des propositions afin d\u2019acc\u00e9l\u00e9rer dans la campagne \u00e0 bas bruit qu\u2019il m\u00e8ne dans l\u2019optique de la pr\u00e9sidentielle 2027.<\/p>\n<p class=\"asset asset-text\">Quant \u00e0 \u00c9ric Ciotti, qui publie Je ne regrette rien \u00e9dit\u00e9 par Fayard (r\u00e9cemment pass\u00e9 sous le giron de Vincent Bollor\u00e9), l\u2019objectif est de justifier son ralliement \u00e0 l\u2019extr\u00eame droite apr\u00e8s la dissolution et son alliance solitaire avec le RN, sans en aviser les cadres du parti dont il \u00e9tait pourtant pr\u00e9sident. Ce qui, au-del\u00e0 des images cocasses, a bris\u00e9 <a href=\"https:\/\/www.huffingtonpost.fr\/politique\/article\/legislatives-2024-en-s-alliant-a-marine-le-pen-eric-ciotti-brise-le-tabou-ultime-de-la-droite-et-la-fait-exploser_235315.html\" target=\"_blank\" rel=\"noopener\">le tabou ultime de la droite dite \u00ab\u00a0r\u00e9publicaine\u00a0\u00bb<\/a>, qui a longtemps mis un point d\u2019honneur \u00e0 se tenir \u00e9loign\u00e9e de l\u2019extr\u00eame droite.<\/p>\n<p>    Virage id\u00e9ologique et r\u00e9tr\u00e9cissement    <\/p>\n<p class=\"asset asset-text\">Fruit du hasard, ce t\u00e9lescopage en librairies dit beaucoup de l\u2019\u00e9volution de l\u2019ex-UMP, qui est pass\u00e9 de parti de masse dans les ann\u00e9es 2000\u00a0\u00e0 formation d\u2019appoint miracul\u00e9e, \u00e0 la faveur de l\u00e9gislatives permettant \u00e0 l\u2019ex\u00e9cutif de garder (un peu) la main en s\u2019alliant avec LR, plut\u00f4t que de confier le gouvernement \u00e0 la gauche arriv\u00e9e en t\u00eate. Le tout en op\u00e9rant un virage id\u00e9ologique qui l\u2019a condamn\u00e9 au r\u00e9tr\u00e9cissement. Ce que racontent les trajectoires des trois auteurs du jour.<\/p>\n<p class=\"asset asset-text\">Prenons \u00c9douard Philippe. Appartenant \u00e0 la famille jupp\u00e9iste, l\u2019ancien Premier ministre incarne le courant lib\u00e9ral europ\u00e9en qui a parfaitement trouv\u00e9 ses aises dans l\u2019offre centriste propos\u00e9e par Emmanuel Macron, chantre d\u2019une \u00e9conomie lib\u00e9rale, r\u00e9tif au conservatisme social et fervent d\u00e9fenseur de l\u2019UE. Raison pour laquelle le maire (alors LR) du\u00a0Havre et ex-secr\u00e9taire g\u00e9n\u00e9ral de l\u2019UMP a \u00e9t\u00e9 le premier \u00e0 franchir &#8211; <a href=\"https:\/\/www.huffingtonpost.fr\/politique\/article\/pourquoi-je-quitte-les-republicains-et-appelle-a-faire-emerger-un-mouvement-humaniste-de-droite-de-soutien-a-macron_102139.html\" target=\"_blank\" rel=\"noopener\">avec d\u2019autres<\/a> &#8211; le Rubicon.<\/p>\n<p class=\"asset asset-text\">Jusqu\u2019\u00e0 cr\u00e9er, quelques ann\u00e9es plus tard, son propre mouvement, Horizons, per\u00e7u d\u00e9sormais comme le <a href=\"https:\/\/www.huffingtonpost.fr\/politique\/article\/loi-immigration-la-deputee-naima-moutchou-n-arrange-pas-les-affaires-du-gouvernement_225073.html\" target=\"_blank\" rel=\"noopener\">flottant droit<\/a> du navire macroniste. Une embarcation qui, en r\u00e9alit\u00e9, ne cesse de <a href=\"https:\/\/www.huffingtonpost.fr\/politique\/article\/le-port-du-voile-et-l-interdiction-proposee-par-gabriel-attal-symbole-de-la-lente-derive-du-macronisme_250324.html\" target=\"_blank\" rel=\"noopener\">d\u00e9virer sur sa droite<\/a>. \u00c0 l\u2019inverse, \u00c9ric Ciotti faisait partie du courant conservateur et identitaire, ce qui l\u2019a naturellement men\u00e9 \u00e0 soutenir Fran\u00e7ois Fillon (rival d\u2019Alain Jupp\u00e9) lors de la primaire de la droite en 2016. Le d\u00e9put\u00e9 des Alpes-Maritimes est r\u00e9v\u00e9lateur du glissement progressif qui s\u2019est op\u00e9r\u00e9 au sein de cette famille politique, jusqu\u2019\u00e0 se retrouver d\u00e9pourvue de son aile dite \u00ab\u00a0orl\u00e9aniste\u00a0\u00bb (la droite lib\u00e9rale) et contrainte de <a href=\"https:\/\/www.huffingtonpost.fr\/politique\/article\/immigration-les-republicains-devoilent-leur-plan-copie-colle-sur-celui-du-rn_218100.html\" target=\"_blank\" rel=\"noopener\">singer l\u2019extr\u00eame droite sur de nombreux sujets<\/a>.<\/p>\n<p>    Un parti pris en \u00e9tau    <\/p>\n<p class=\"asset asset-text\">\u00ab\u00a0Il se trouve que Les R\u00e9publicains qui \u00e9tait le grand parti des lib\u00e9raux europ\u00e9istes au d\u00e9but des ann\u00e9es 2000 et qui s\u2019est \u00e9largi du c\u00f4t\u00e9 des nationalistes identitaires sous le quinquennat de Nicolas Sarkozy est aujourd\u2019hui pris en \u00e9tau entre les deux grandes forces qui repr\u00e9sentent les deux grandes familles des droites. D\u2019un c\u00f4t\u00e9, ce qu\u2019on appelle couramment la Macronie et de l\u2019autre c\u00f4t\u00e9, le Rassemblement national et ses satellites\u00a0\u00bb, expliquait en 2024\u00a0Gilles Richard, professeur d\u2019histoire contemporaine \u00e0 l\u2019Universit\u00e9 Rennes-II, <a href=\"https:\/\/www.radiofrance.fr\/franceculture\/podcasts\/le-temps-du-debat\/quelle-union-de-la-droite-5842357\" target=\"_blank\" rel=\"noopener\" title=\"Nouvelle fen\u00eatre\">au micro de France Culture<\/a>.<\/p>\n<p class=\"asset asset-text\">Dans le fond, \u00c9ric Ciotti est juste all\u00e9 eu bout de sa logique en rejoignant la force la plus compatible avec son courant, comme \u00c9douard Philippe avant lui. \u00c0 ceci pr\u00e8s que le maire du\u00a0Havre n\u2019\u00e9tait pas patron du parti de droite (et donc garant de toutes ses sensibilit\u00e9s) et qu\u2019il n\u2019a pas quitt\u00e9 sa famille politique au prix d\u2019un psychodrame terminant devant les tribunaux et <a href=\"https:\/\/www.youtube.com\/watch?v=80aJSNNd7Z4\" target=\"_blank\" rel=\"noopener\" title=\"Nouvelle fen\u00eatre\">de reniements spectaculaires<\/a>. Et Michel Barnier dans tout \u00e7a\u00a0? \u00c0 l\u2019inverse des deux autres, le Savoyard est rest\u00e9 fid\u00e8le \u00e0 son parti, et incarne le difficile entre-deux que certains s\u2019efforcent de faire survivre au sein du parti, d\u00e9sormais aux mains du (tr\u00e8s) conservateur Bruno Retailleau.<\/p>\n<p class=\"asset asset-text\">Une ligne consistant \u00e0 m\u00e9nager l\u2019ADN europ\u00e9en de cette famille politique avec <a href=\"https:\/\/www.huffingtonpost.fr\/politique\/article\/michel-barnier-premier-ministre-toutes-ces-positions-qui-ont-pu-faire-pencher-la-balance-en-sa-faveur_239221.html\" target=\"_blank\" rel=\"noopener\">ses aspirations souverainistes et identitaires<\/a>, parfois contradictoires avec le projet de l\u2019UE. Le \u00ab\u00a0n\u00e9gociateur du Brexit\u00a0\u00bb incarne \u00e9galement la droite de gouvernement pr\u00e9sent\u00e9e comme \u00ab\u00a0responsable\u00a0\u00bb. Une position, revendiqu\u00e9e aujourd\u2019hui par Bruno Retailleau, consistant \u00e0 montrer aux \u00e9lecteurs que Les R\u00e9publicains ne se contenteront plus de regarder passer les trains et de s\u2019agiter bruyamment dans l\u2019opposition. Qui plus est dans une p\u00e9riode de crise budg\u00e9taire et d\u2019instabilit\u00e9s internationales. C\u2019est d\u2019ailleurs ce que pr\u00f4nait de longue date le dernier pr\u00e9sident de cette famille politique, Nicolas Sarkozy. Ce qui revient, finalement, \u00e0 r\u00e9concilier la droite conservatrice avec sa cousine lib\u00e9rale, gr\u00e2ce \u00e0 laquelle elle revient aux responsabilit\u00e9s, en pla\u00e7ant l\u2019un des siens \u00e0 Matignon. Une sorte d\u2019UMP, canal historique, et hors les murs.<\/p>\n","protected":false},"excerpt":{"rendered":"Michel Barnier, \u00c9douard Philippe et \u00c9ric Ciotti sortent un livre ce mercredi\u00a04\u00a0juin\u00a02025. POLITIQUE &#8211; Il y a dix\u00a0ans,&hellip;\n","protected":false},"author":2,"featured_media":150823,"comment_status":"","ping_status":"","sticky":false,"template":"","format":"standard","meta":{"footnotes":""},"categories":[1357],"tags":[1379,58,3080,59,6537,1011,27,6319,2003,1380,27636,316],"class_list":{"0":"post-150822","1":"post","2":"type-post","3":"status-publish","4":"format-standard","5":"has-post-thumbnail","7":"category-livres","8":"tag-books","9":"tag-divertissement","10":"tag-edouard-philippe","11":"tag-entertainment","12":"tag-eric-ciotti","13":"tag-fr","14":"tag-france","15":"tag-les-republicains","16":"tag-livre","17":"tag-livres","18":"tag-michel-barnier","19":"tag-politique"},"share_on_mastodon":{"url":"https:\/\/pubeurope.com\/@fr\/114623813092691100","error":""},"_links":{"self":[{"href":"https:\/\/www.europesays.com\/fr\/wp-json\/wp\/v2\/posts\/150822","targetHints":{"allow":["GET"]}}],"collection":[{"href":"https:\/\/www.europesays.com\/fr\/wp-json\/wp\/v2\/posts"}],"about":[{"href":"https:\/\/www.europesays.com\/fr\/wp-json\/wp\/v2\/types\/post"}],"author":[{"embeddable":true,"href":"https:\/\/www.europesays.com\/fr\/wp-json\/wp\/v2\/users\/2"}],"replies":[{"embeddable":true,"href":"https:\/\/www.europesays.com\/fr\/wp-json\/wp\/v2\/comments?post=150822"}],"version-history":[{"count":0,"href":"https:\/\/www.europesays.com\/fr\/wp-json\/wp\/v2\/posts\/150822\/revisions"}],"wp:featuredmedia":[{"embeddable":true,"href":"https:\/\/www.europesays.com\/fr\/wp-json\/wp\/v2\/media\/150823"}],"wp:attachment":[{"href":"https:\/\/www.europesays.com\/fr\/wp-json\/wp\/v2\/media?parent=150822"}],"wp:term":[{"taxonomy":"category","embeddable":true,"href":"https:\/\/www.europesays.com\/fr\/wp-json\/wp\/v2\/categories?post=150822"},{"taxonomy":"post_tag","embeddable":true,"href":"https:\/\/www.europesays.com\/fr\/wp-json\/wp\/v2\/tags?post=150822"}],"curies":[{"name":"wp","href":"https:\/\/api.w.org\/{rel}","templated":true}]}}