{"id":150824,"date":"2025-06-04T07:02:09","date_gmt":"2025-06-04T07:02:09","guid":{"rendered":"https:\/\/www.europesays.com\/fr\/150824\/"},"modified":"2025-06-04T07:02:09","modified_gmt":"2025-06-04T07:02:09","slug":"bien-joue-dingue-hyper-decevant-les-internautes-mitiges-face-au-plus-grand-coup-de-bluff-de-koh-lanta","status":"publish","type":"post","link":"https:\/\/www.europesays.com\/fr\/150824\/","title":{"rendered":"\u00abBien jou\u00e9\u00bb, \u00abDingue\u00bb, \u00abhyper d\u00e9cevant\u00bb\u2026 Les internautes mitig\u00e9s face au \u00abplus grand coup de bluff de \u201cKoh-Lanta\u201d\u00bb"},"content":{"rendered":"<p><strong>REVUE DE TWEETS &#8211;<\/strong> Les t\u00e9l\u00e9spectateurs de TF1 ont d\u00e9couvert mardi soir l\u2019\u00e9v\u00e9nement \u00abhistorique\u00bb de \u00abKoh-Lanta, la revanche des 4 terres\u00bb annonc\u00e9 par la production depuis le lancement de la saison. Avec des r\u00e9actions tr\u00e8s vari\u00e9es.<\/p>\n<p class=\"fig-paragraph\">Les amateurs de\u00a0<a href=\"https:\/\/tvmag.lefigaro.fr\/programme-tv\/programme\/koh-lanta-f536973817\" target=\"_blank\" rel=\"noopener\" data-gtm-custom-categorie=\"navigation\" data-gtm-custom-action=\"crossclick\" data-gtm-custom-label=\"Contextuel\" data-gtm-event=\"customEventSPE\"><strong>\u00ab Koh-Lanta\u00a0\u00bb<\/strong><\/a> \u00a0ont d\u00fb attendre le quatorzi\u00e8me \u00e9pisode de la saison \u00ab La revanche des 4 terres\u00a0\u00bb pour d\u00e9couvrir ce que la production et la cha\u00eene ont qualifi\u00e9 de\u00a0<a href=\"http:\/\/tvmag.lefigaro.fr\/programme-tv\/tele-realite\/le-plus-grand-coup-de-bluff-de-toute-l-histoire-de-koh-lanta-que-s-est-il-passe-dans-l-episode-du-3-juin-20250603\" target=\"_blank\" data-fig-type=\"Article\" rel=\"noopener\" data-gtm-custom-categorie=\"navigation\" data-gtm-custom-action=\"crossclick\" data-gtm-custom-label=\"Contextuel\" data-gtm-event=\"customEventSPE\" data-fig-domain=\"TVMAG\">\u00ab plus grand coup de bluff de toute l\u2019histoire\u00a0\u00bb<\/a> \u00a0du jeu d\u2019aventures. Mardi soir, les t\u00e9l\u00e9spectateurs ont comment\u00e9 sur les r\u00e9seaux sociaux la strat\u00e9gie brillamment orchestr\u00e9e par <strong>Claire <\/strong>et <strong>J\u00e9r\u00f4me le Catalan<\/strong>. Ces derniers, en minorit\u00e9, ont fait croire aux candidats de l\u2019alliance adverse qu\u2019ils disposaient d\u2019un collier les immunisant tous les deux. En r\u00e9alit\u00e9, l\u2019objet obtenu apr\u00e8s un jeu \u00e9liminatoire n\u2019avait aucun pouvoir.<\/p>\n<p class=\"fig-paragraph\">Gr\u00e2ce \u00e0 leur force de persuasion, mais aussi \u00e0 l\u2019\u00e9puisement et \u00e0 la na\u00efvet\u00e9 de leurs adversaires, Claire et J\u00e9r\u00f4me le Catalan ont r\u00e9ussi \u00e0 bouleverser leur destin\u00e9e. Alors que leurs chances d\u2019atteindre la course de l\u2019orientation \u00e9taient quasi nulles, ils ont franchi l\u2019avant-dernier conseil de \u00ab Koh-Lanta, la revanche des 4 terres\u00a0\u00bb sans encombre,\u00a0<a href=\"http:\/\/tvmag.lefigaro.fr\/programme-tv\/tele-realite\/noemie-eliminee-de-koh-lanta-nous-avons-tous-doute-du-collier-d-immunite-de-claire-et-jerome-le-catalan-20250603\" target=\"_blank\" data-fig-type=\"Article\" rel=\"noopener\" data-gtm-custom-categorie=\"navigation\" data-gtm-custom-action=\"crossclick\" data-gtm-custom-label=\"Contextuel\" data-gtm-event=\"customEventSPE\" data-fig-domain=\"TVMAG\"><strong>No\u00e9mie<\/strong> \u00e9tant \u00e9limin\u00e9e<\/a>. Sur Internet, beaucoup de t\u00e9l\u00e9spectateurs ont fait r\u00e9f\u00e9rence \u00e0 d\u2019autres coups de bluff survenus lors des pr\u00e9c\u00e9dentes saisons de \u00ab Koh-Lanta\u00a0\u00bb en citant le collier imaginaire de\u00a0<a href=\"https:\/\/tvmag.lefigaro.fr\/programme-tv\/setha-koh-lanta-je-suis-contente-que-colin-soit-elimine-c-est-le-karma_024c8014-c258-11ec-bc7c-5e1d2856d80f\" target=\"_blank\" data-fig-type=\"Article\" rel=\"noopener\" data-gtm-custom-categorie=\"navigation\" data-gtm-custom-action=\"crossclick\" data-gtm-custom-label=\"Contextuel\" data-gtm-event=\"customEventSPE\" data-fig-domain=\"TVMAG\">Setha<\/a>, les faux colliers fabriqu\u00e9s par Maxime et Javier ou encore l\u2019\u00e9change de Julie et de Tania.<\/p>\n<p class=\"fig-body-link\">\n            \u00c0 lire aussi<br \/>\n        <a class=\"fig-body-link__link\" href=\"http:\/\/tvmag.lefigaro.fr\/programme-tv\/tele-realite\/koh-lanta-notre-top-5-des-coups-de-bluff-les-plus-marquants-de-l-histoire-du-jeu-d-aventures-de-tf1-20250603\" target=\"_blank\" data-fig-type=\"Article\" rel=\"noopener\" data-gtm-custom-categorie=\"navigation\" data-gtm-custom-action=\"crossclick\" data-gtm-custom-label=\"Contextuel\" data-gtm-event=\"customEventSPE\" data-fig-domain=\"TVMAG\">\u00abKoh-Lanta\u00bb\u00a0: notre top 5 des coups de bluff les plus marquants de l\u2019histoire du jeu d\u2019aventures de TF1<br \/>\n    <\/a>\n<\/p>\n<p>\u00ab L\u2019arnaque du si\u00e8cle\u00a0\u00bb<\/p>\n<p class=\"fig-paragraph\">\u00ab Si le coup de bluff est un faux collier donn\u00e9 par la production, c\u2019est hyper d\u00e9cevant, a \u00e9crit un internaute mardi soir sur X. Je pr\u00e9f\u00e8re largement les faux colliers de Maxime et de Javier qui, au moins, venaient de leur propre initiative. C\u2019\u00e9tait un vrai coup de bluff.\u00a0\u00bb Beaucoup de d\u00e9ception \u00e9mane des commentaires que nous avons consult\u00e9s. \u00ab Non seulement le coup de bluff est d\u00e9ceptif mais, en plus, avec leur teasing, on conna\u00eet d\u00e9j\u00e0 l\u2019issue du conseil puisqu\u2019on sait que cela va fonctionner\u00a0\u00bb, reproche un autre observateur.<\/p>\n<p class=\"fig-paragraph\">\u00ab On nous tease THE coup de bluff depuis des semaines pour qu\u2019au final ce soit le collier \u00e9clat\u00e9 de J\u00e9r\u00f4me et Claire\u00a0? Plut\u00f4t l\u2019arnaque du si\u00e8cle\u00a0\u00bb, s\u2019agace un t\u00e9l\u00e9spectateur qui s\u2019attendait \u00e0 mieux. \u00ab\u00a0<a href=\"http:\/\/tvmag.lefigaro.fr\/programme-tv\/tele-realite\/le-plus-grand-coup-de-bluff-de-toute-l-histoire-de-koh-lanta-coup-de-genie-ou-coup-de-com-20250603\" target=\"_blank\" data-fig-type=\"Article\" rel=\"noopener\" data-gtm-custom-categorie=\"navigation\" data-gtm-custom-action=\"crossclick\" data-gtm-custom-label=\"Contextuel\" data-gtm-event=\"customEventSPE\" data-fig-domain=\"TVMAG\">Le plus grand coup de bluff de l\u2019histoire de \u201cKoh-Lanta\u201d<\/a> \u00a0n\u2019est pas int\u00e9ressant dans la mesure o\u00f9 c\u2019est la production qui l\u2019a initi\u00e9. C\u2019est la production qui a d\u00e9lib\u00e9r\u00e9ment mis en \u0153uvre ce coup de bluff. Ce n\u2019est ni naturel, ni authentique. C\u2019est calcul\u00e9 et c\u2019est dommage\u00a0\u00bb, analyse un autre.<\/p>\n<p>\u00ab Le coup de bluff est dingue mais le teasing a un peu g\u00e2ch\u00e9 l\u2019effet surprise\u00a0\u00bb<\/p>\n<p class=\"fig-paragraph\">Certains y ont tout de m\u00eame vu un tr\u00e8s joli coup de strat\u00e9gie mais en se montrant plus nuanc\u00e9. \u00ab C\u2019est bien jou\u00e9, d\u2019accord. Mais le plus grand coup de bluff de l\u2019histoire de \u201cKoh-Lanta\u201d\u00a0? Vous vous \u00eates laiss\u00e9 emporter un peu TF1, non\u00a0?\u00a0\u00bb, interroge un fan du jeu d\u2019aventures. \u00ab C\u2019\u00e9tait une masterclass, il n\u2019y a pas de d\u00e9bat\u00a0\u00bb, tranche un autre. \u00ab \u00c0 ce stade du jeu, si Claire et J\u00e9r\u00f4me arrivent \u00e0 faire passer ce bluff jusqu\u2019au bout, c\u2019est fort\u00a0! C\u2019est faire tapis avec un jeu vide. Si, en plus, J\u00e9r\u00f4me chope un vrai collier d\u2019immunit\u00e9 en prime, c\u2019est le jackpot\u00a0!\u00a0\u00bb, se r\u00e9jouit un internaute.<\/p>\n<p class=\"fig-paragraph\">\u00ab Le coup de bluff est dingue mais le teasing a un peu g\u00e2ch\u00e9 l\u2019effet surprise, j\u2019aurais tellement kiff\u00e9 le d\u00e9couvrir en direct\u00a0\u00bb, regrette un dernier. Ce fameux coup de bluff n\u2019est pas termin\u00e9. Claire et J\u00e9r\u00f4me le Catalan ont poursuivi leur strat\u00e9gie jusqu\u2019\u00e0 l\u2019ultime conseil de l\u2019aventure. \u00c0 d\u00e9couvrir mardi 10 juin \u00e0 partir de 21h10 sur TF1 dans le quinzi\u00e8me \u00e9pisode de\u00a0<a href=\"http:\/\/tvmag.lefigaro.fr\/programme-tv\/tele-realite\/ages-de-20-a-63-ans-decouvrez-les-24-candidats-de-koh-lanta-la-revanche-des-4-terres-20250204\" target=\"_blank\" data-fig-type=\"Article\" rel=\"noopener\" data-gtm-custom-categorie=\"navigation\" data-gtm-custom-action=\"crossclick\" data-gtm-custom-label=\"Contextuel\" data-gtm-event=\"customEventSPE\" data-fig-domain=\"TVMAG\">\u00ab Koh-Lanta, la revanche des 4 terres\u00a0\u00bb<\/a>.<\/p>\n","protected":false},"excerpt":{"rendered":"REVUE DE TWEETS &#8211; Les t\u00e9l\u00e9spectateurs de TF1 ont d\u00e9couvert mardi soir l\u2019\u00e9v\u00e9nement \u00abhistorique\u00bb de \u00abKoh-Lanta, la revanche&hellip;\n","protected":false},"author":2,"featured_media":150825,"comment_status":"","ping_status":"","sticky":false,"template":"","format":"standard","meta":{"footnotes":""},"categories":[1356],"tags":[685,687,689,681,58,683,59,1011,27,680,688,684,686,682,252,1364],"class_list":{"0":"post-150824","1":"post","2":"type-post","3":"status-publish","4":"format-standard","5":"has-post-thumbnail","7":"category-television","8":"tag-actu-tele-realite","9":"tag-actu-telerealite","10":"tag-candidat-tele-realite","11":"tag-denis-brogniart","12":"tag-divertissement","13":"tag-emission-tele-realite","14":"tag-entertainment","15":"tag-fr","16":"tag-france","17":"tag-koh-lanta","18":"tag-news-tele-realite","19":"tag-programme-tele-realite","20":"tag-scoop-telerealite","21":"tag-tele-realite","22":"tag-television","23":"tag-tv"},"share_on_mastodon":{"url":"https:\/\/pubeurope.com\/@fr\/114623816901942390","error":""},"_links":{"self":[{"href":"https:\/\/www.europesays.com\/fr\/wp-json\/wp\/v2\/posts\/150824","targetHints":{"allow":["GET"]}}],"collection":[{"href":"https:\/\/www.europesays.com\/fr\/wp-json\/wp\/v2\/posts"}],"about":[{"href":"https:\/\/www.europesays.com\/fr\/wp-json\/wp\/v2\/types\/post"}],"author":[{"embeddable":true,"href":"https:\/\/www.europesays.com\/fr\/wp-json\/wp\/v2\/users\/2"}],"replies":[{"embeddable":true,"href":"https:\/\/www.europesays.com\/fr\/wp-json\/wp\/v2\/comments?post=150824"}],"version-history":[{"count":0,"href":"https:\/\/www.europesays.com\/fr\/wp-json\/wp\/v2\/posts\/150824\/revisions"}],"wp:featuredmedia":[{"embeddable":true,"href":"https:\/\/www.europesays.com\/fr\/wp-json\/wp\/v2\/media\/150825"}],"wp:attachment":[{"href":"https:\/\/www.europesays.com\/fr\/wp-json\/wp\/v2\/media?parent=150824"}],"wp:term":[{"taxonomy":"category","embeddable":true,"href":"https:\/\/www.europesays.com\/fr\/wp-json\/wp\/v2\/categories?post=150824"},{"taxonomy":"post_tag","embeddable":true,"href":"https:\/\/www.europesays.com\/fr\/wp-json\/wp\/v2\/tags?post=150824"}],"curies":[{"name":"wp","href":"https:\/\/api.w.org\/{rel}","templated":true}]}}