{"id":150828,"date":"2025-06-04T07:04:09","date_gmt":"2025-06-04T07:04:09","guid":{"rendered":"https:\/\/www.europesays.com\/fr\/150828\/"},"modified":"2025-06-04T07:04:09","modified_gmt":"2025-06-04T07:04:09","slug":"jardin-dete-sauve-qui-peut-freud-la-derniere-confession-nos-critiques-des-sorties-cinema-de-la-semaine-liberation","status":"publish","type":"post","link":"https:\/\/www.europesays.com\/fr\/150828\/","title":{"rendered":"\u00abJardin d\u2019\u00e9t\u00e9\u00bb, \u00abSauve qui peut\u00bb, \u00abFreud, la derni\u00e8re confession\u00bb\u2026 Nos critiques des sorties cin\u00e9ma de la semaine \u2013 Lib\u00e9ration"},"content":{"rendered":"<p class=\"sc-ksZaOG ehjQrN text-element\">Pour aider nos lecteurs \u00e0 s\u2019y retrouver dans une offre culturelle foisonnante, les journalistes du service Culture de Lib\u00e9 vous d\u00e9blaient le terrain dans l\u2019actualit\u00e9 des sorties de films, d\u2019albums, de spectacles, de s\u00e9ries et d\u2019expositions. <a href=\"https:\/\/www.liberation.fr\/selections-culture\/\" rel=\"noopener\" title=\"https:\/\/www.liberation.fr\/selections-culture\/\" target=\"_blank\">Retrouvez l\u2019ensemble de nos s\u00e9lections<\/a>.<\/p>\n<p class=\"sc-ksZaOG ehjQrN text-element\">Dans un splendide film restaur\u00e9 en 4K plus de trente ans apr\u00e8s sa sortie, le cin\u00e9aste japonais injustement m\u00e9connu sonde avec d\u00e9licatesse la curiosit\u00e9 morbide de trois gamins. <a href=\"https:\/\/www.liberation.fr\/culture\/jardin-dete-de-shinji-somai-beau-et-mioches-20250604_2EJ573TSB5GONIIBGTIEYISP64\/\" target=\"_blank\" rel=\"noreferrer noopener\" title=\"https:\/\/www.liberation.fr\/culture\/jardin-dete-de-shinji-somai-beau-et-mioches-20250604_2EJ573TSB5GONIIBGTIEYISP64\/\">Lire notre critique<\/a>. <\/p>\n<p class=\"sc-ksZaOG ehjQrN text-element\">Dans un documentaire captivant, Alexe Poukine infiltre des ateliers th\u00e9\u00e2traux \u00e0 l\u2019h\u00f4pital. L\u2019occasion pour le personnel de travailler ses capacit\u00e9s d\u2019empathie et de laisser s\u2019exprimer sa propre d\u00e9tresse. <a href=\"https:\/\/www.liberation.fr\/culture\/sauve-qui-peut-du-care-a-louvrage-20250603_4BYNUWGXFNHPNKZYAEA7N5TSZ4\/?redirected=1\" target=\"_blank\" rel=\"noopener\" title=\"https:\/\/www.liberation.fr\/culture\/sauve-qui-peut-du-care-a-louvrage-20250603_4BYNUWGXFNHPNKZYAEA7N5TSZ4\/?redirected=1\">Lire notre critique<\/a>. <\/p>\n<p class=\"sc-ksZaOG ehjQrN text-element\">A peine sauv\u00e9e par l\u2019interpr\u00e9tation de l\u2019acteur, la chronique guind\u00e9e des derniers jours du neurologue s\u2019appesantit sur une discussion imaginaire avec l\u2019\u00e9crivain C. S. Lewis. <a href=\"https:\/\/www.liberation.fr\/culture\/freud-la-derniere-confession-avec-anthony-hopkins-divan-mauvais-20250603_2KZ55T2MJJF2FMB55WMH34DBV4\/\" target=\"_blank\" rel=\"noopener\" title=\"https:\/\/www.liberation.fr\/culture\/freud-la-derniere-confession-avec-anthony-hopkins-divan-mauvais-20250603_2KZ55T2MJJF2FMB55WMH34DBV4\/\">Lire notre critique<\/a>. <\/p>\n<p class=\"sc-ksZaOG ehjQrN text-element\">R\u00e9cit des gal\u00e8res d\u2019un vendeur crapuleux face \u00e0 ses clients tortionnaires, le nouveau long du prolifique Kurosawa vire au t\u00e9l\u00e9film balourd et incompr\u00e9hensible. <a href=\"https:\/\/www.liberation.fr\/culture\/cinema\/cloud-de-kiyoshi-kurosawa-big-cata-20250603_MA6BZMJFUZFNPJRP3OXZNN5RDA\/\" target=\"_blank\" rel=\"noopener\" title=\"https:\/\/www.liberation.fr\/culture\/cinema\/cloud-de-kiyoshi-kurosawa-big-cata-20250603_MA6BZMJFUZFNPJRP3OXZNN5RDA\/\">Lire notre critique<\/a>. <\/p>\n<p class=\"sc-ksZaOG ehjQrN text-element\">C\u00e9sar Acevedo suit un bourreau en qu\u00eate d\u2019expiation dans une jungle de carton-p\u00e2te. Un ratage aussi bien sur la forme que sur le fond. <a href=\"https:\/\/www.liberation.fr\/culture\/cinema\/horizonte-de-cesar-acevedo-on-nen-voit-pas-le-bout-20250604_4JGSSRVD6VDX3C6YLAQMQALGWA\/\" target=\"_blank\" rel=\"noreferrer noopener\" title=\"https:\/\/www.liberation.fr\/culture\/cinema\/horizonte-de-cesar-acevedo-on-nen-voit-pas-le-bout-20250604_4JGSSRVD6VDX3C6YLAQMQALGWA\/\">Lire notre critique<\/a>. <\/p>\n<p class=\"sc-ksZaOG ehjQrN text-element\">En bref, l\u2019actualit\u00e9 des sorties reste \u00e0 mar\u00e9e basse en ce d\u00e9but de mois de juin. Mais l\u2019\u00e9merveillement est au rendez-vous du Jardin d\u2019\u00e9t\u00e9, splendeur posthume du japonais Shinji Somai sur les myst\u00e8res de l\u2019enfance, et Alexe Poukine fait puissamment jouer les puissances du vrai et du faux dans son documentaire hospitalier Sauve qui peut, sur les failles du syst\u00e8me de sant\u00e9 et la formation de ses soignants. Chaque jour, retrouvez les choix du service Culture de Lib\u00e9 : expositions le lundi, th\u00e9\u00e2tre, danse et op\u00e9ra le mardi, sorties cin\u00e9 le mercredi, musique le vendredi, s\u00e9ries le dimanche. Ainsi que le Top 10 de la semaine le samedi. Tout ce qui nous a plu (et parfois d\u00e9plu) dans l\u2019actualit\u00e9 de la culture.<\/p>\n","protected":false},"excerpt":{"rendered":"Pour aider nos lecteurs \u00e0 s\u2019y retrouver dans une offre culturelle foisonnante, les journalistes du service Culture de&hellip;\n","protected":false},"author":2,"featured_media":150829,"comment_status":"","ping_status":"","sticky":false,"template":"","format":"standard","meta":{"footnotes":""},"categories":[1354],"tags":[58,59,1346,1011,27,1360,6517],"class_list":{"0":"post-150828","1":"post","2":"type-post","3":"status-publish","4":"format-standard","5":"has-post-thumbnail","7":"category-films","8":"tag-divertissement","9":"tag-entertainment","10":"tag-films","11":"tag-fr","12":"tag-france","13":"tag-movies","14":"tag-sorties-cinema"},"share_on_mastodon":{"url":"https:\/\/pubeurope.com\/@fr\/114623824965978362","error":""},"_links":{"self":[{"href":"https:\/\/www.europesays.com\/fr\/wp-json\/wp\/v2\/posts\/150828","targetHints":{"allow":["GET"]}}],"collection":[{"href":"https:\/\/www.europesays.com\/fr\/wp-json\/wp\/v2\/posts"}],"about":[{"href":"https:\/\/www.europesays.com\/fr\/wp-json\/wp\/v2\/types\/post"}],"author":[{"embeddable":true,"href":"https:\/\/www.europesays.com\/fr\/wp-json\/wp\/v2\/users\/2"}],"replies":[{"embeddable":true,"href":"https:\/\/www.europesays.com\/fr\/wp-json\/wp\/v2\/comments?post=150828"}],"version-history":[{"count":0,"href":"https:\/\/www.europesays.com\/fr\/wp-json\/wp\/v2\/posts\/150828\/revisions"}],"wp:featuredmedia":[{"embeddable":true,"href":"https:\/\/www.europesays.com\/fr\/wp-json\/wp\/v2\/media\/150829"}],"wp:attachment":[{"href":"https:\/\/www.europesays.com\/fr\/wp-json\/wp\/v2\/media?parent=150828"}],"wp:term":[{"taxonomy":"category","embeddable":true,"href":"https:\/\/www.europesays.com\/fr\/wp-json\/wp\/v2\/categories?post=150828"},{"taxonomy":"post_tag","embeddable":true,"href":"https:\/\/www.europesays.com\/fr\/wp-json\/wp\/v2\/tags?post=150828"}],"curies":[{"name":"wp","href":"https:\/\/api.w.org\/{rel}","templated":true}]}}