{"id":150846,"date":"2025-06-04T07:13:11","date_gmt":"2025-06-04T07:13:11","guid":{"rendered":"https:\/\/www.europesays.com\/fr\/150846\/"},"modified":"2025-06-04T07:13:11","modified_gmt":"2025-06-04T07:13:11","slug":"loire-lenseignante-en-droit-a-t-elle-trompe-le-public-comme-fausse-avocate","status":"publish","type":"post","link":"https:\/\/www.europesays.com\/fr\/150846\/","title":{"rendered":"Loire. L\u2019enseignante en droit a-t-elle tromp\u00e9 le public comme fausse avocate ?"},"content":{"rendered":"<p>Drap\u00e9e dans un tailleur noir et dans sa dignit\u00e9, la jeune femme de 27 ans ne c\u00e8de pas. \u00ab J\u2019apporte des affaires \u00e0 des avocats. Mais je sais que je n\u2019ai pas le droit de le faire vu que je ne suis pas avocate. \u00bb La salle d\u2019audience en reste bouche b\u00e9e. M\u00eame le pr\u00e9sident, Jo\u00ebl Hennebois, exprime son scepticisme : \u00ab Je ne sais pas si vous vous entendez. Mais ce n\u2019est pas bien clair votre histoire, Madame\u2026 \u00bb<\/p>\n<p>\u00ab Je suis apporteuse d\u2019affaires en mati\u00e8re de divorce \u00bb<\/p>\n<p>Hulya Aktas, elle, ne voit pas o\u00f9 est le probl\u00e8me. En 2023, alors qu\u2019elle \u00e9tait doctorante et charg\u00e9e d\u2019enseignement dans les facs de droit de Saint-Etienne et Lyon, cette juriste a d\u00e9rap\u00e9. En donnant du \u00ab ch\u00e8re cons\u0153ur \u00bb \u00e0 une avocate, en se pr\u00e9sentant \u00e0 la t\u00eate du \u00ab cabinet Hulya Aktas, droit des affaires et immobilier \u00bb.<\/p>\n<p>Probl\u00e8me : elle n\u2019est pas r\u00e9guli\u00e8rement inscrite au&#8230;<\/p>\n","protected":false},"excerpt":{"rendered":"Drap\u00e9e dans un tailleur noir et dans sa dignit\u00e9, la jeune femme de 27 ans ne c\u00e8de pas.&hellip;\n","protected":false},"author":2,"featured_media":150847,"comment_status":"","ping_status":"","sticky":false,"template":"","format":"standard","meta":{"footnotes":""},"categories":[9653],"tags":[1111,11,2430,7539,1777,674,274,107,1011,27,3367,12,25,4001,7538],"class_list":{"0":"post-150846","1":"post","2":"type-post","3":"status-publish","4":"format-standard","5":"has-post-thumbnail","7":"category-saint-etienne","8":"tag-actu","9":"tag-actualites","10":"tag-auvergne-rhone-alpes","11":"tag-edition-loire-sud","12":"tag-eu","13":"tag-europe","14":"tag-faits-divers-justice","15":"tag-fil-info","16":"tag-fr","17":"tag-france","18":"tag-loire","19":"tag-news","20":"tag-republique-francaise","21":"tag-saint-etienne","22":"tag-saint-etienne-ville"},"share_on_mastodon":{"url":"https:\/\/pubeurope.com\/@fr\/114623860141109759","error":""},"_links":{"self":[{"href":"https:\/\/www.europesays.com\/fr\/wp-json\/wp\/v2\/posts\/150846","targetHints":{"allow":["GET"]}}],"collection":[{"href":"https:\/\/www.europesays.com\/fr\/wp-json\/wp\/v2\/posts"}],"about":[{"href":"https:\/\/www.europesays.com\/fr\/wp-json\/wp\/v2\/types\/post"}],"author":[{"embeddable":true,"href":"https:\/\/www.europesays.com\/fr\/wp-json\/wp\/v2\/users\/2"}],"replies":[{"embeddable":true,"href":"https:\/\/www.europesays.com\/fr\/wp-json\/wp\/v2\/comments?post=150846"}],"version-history":[{"count":0,"href":"https:\/\/www.europesays.com\/fr\/wp-json\/wp\/v2\/posts\/150846\/revisions"}],"wp:featuredmedia":[{"embeddable":true,"href":"https:\/\/www.europesays.com\/fr\/wp-json\/wp\/v2\/media\/150847"}],"wp:attachment":[{"href":"https:\/\/www.europesays.com\/fr\/wp-json\/wp\/v2\/media?parent=150846"}],"wp:term":[{"taxonomy":"category","embeddable":true,"href":"https:\/\/www.europesays.com\/fr\/wp-json\/wp\/v2\/categories?post=150846"},{"taxonomy":"post_tag","embeddable":true,"href":"https:\/\/www.europesays.com\/fr\/wp-json\/wp\/v2\/tags?post=150846"}],"curies":[{"name":"wp","href":"https:\/\/api.w.org\/{rel}","templated":true}]}}