{"id":150850,"date":"2025-06-04T07:17:14","date_gmt":"2025-06-04T07:17:14","guid":{"rendered":"https:\/\/www.europesays.com\/fr\/150850\/"},"modified":"2025-06-04T07:17:14","modified_gmt":"2025-06-04T07:17:14","slug":"voici-tout-ce-que-vous-devez-savoir","status":"publish","type":"post","link":"https:\/\/www.europesays.com\/fr\/150850\/","title":{"rendered":"voici tout ce que vous devez savoir"},"content":{"rendered":"<p>            Par<br \/>\n        <strong><br \/>\n            <a href=\"https:\/\/actu.fr\/auteur\/amandine-mehl\" title=\"Consulter tous les articles de Amandine Mehl\" rel=\"nofollow noopener\" target=\"_blank\">Amandine Mehl<\/a><br \/>\n        <\/strong><\/p>\n<p>        Publi\u00e9 le<\/p>\n<p>            4 juin 2025 \u00e0 7h02        <\/p>\n<p>La <strong>Foire exposition de Nancy<\/strong> revient pour une<strong> 89e \u00e9dition<\/strong> du 7 au 15\u00a0juin 2025 au sein du parc des expositions.<\/p>\n<p class=\" wall-content\">Voici tout ce que vous devez savoir.<\/p>\n<p>Les ann\u00e9es 60\u2032 s\u2019invitent \u00e0 la Foire exposition de Nancy<\/p>\n<p class=\" wall-content\">Cette nouvelle \u00e9dition sera plac\u00e9e sous le signe des <strong>ann\u00e9es 60\u2032<\/strong> avec une <strong>exposition<\/strong> de pr\u00e8s de 1200\u2009m\u00b2 intitul\u00e9e \u00ab<strong>\u2009Ann\u00e9es pop\u2009! Ann\u00e9es choc\u2009!<\/strong>\u2009\u00bb.<\/p>\n<p class=\" wall-content\">Musique, vie quotidienne, inventions, sport, loisirs, design, mode, litt\u00e9rature\u2026 la Foire exposition promet aux visiteurs un <strong>v\u00e9ritable voyage dans le temps<\/strong> gr\u00e2ce \u00e0 une \u00ab\u2009sc\u00e9nographie color\u00e9e et originale\u2009\u00bb.<\/p>\n<p>Vid\u00e9os : en ce moment sur ActuCe que vous pourrez trouver \u00e0 la Foire exposition de Nancy<\/p>\n<p class=\" wall-content\">Durant neuf jours, de <strong>nombreux commer\u00e7ants<\/strong> sp\u00e9cialis\u00e9s dans <strong>divers domaines<\/strong> seront pr\u00e9sents\u2009:<\/p>\n<p class=\" wall-content\"><strong>Hall A \u2013 Maison &amp; mobilit\u00e9, espace civique<\/strong><\/p>\n<ul class=\" wall-content\">\n<li>Ameublement d\u00e9coration\u2009;<\/li>\n<li>Am\u00e9nagement et r\u00e9novation de l\u2019habitat\u2009;<\/li>\n<li>Cuisines et bains\u2009;<\/li>\n<li>Installations ext\u00e9rieures et jardin\u2009;<\/li>\n<li>Forces de d\u00e9fense, de s\u00e9curit\u00e9 et de secours.<\/li>\n<\/ul>\n<p class=\" wall-content\"><strong>Hall B \u2013 Place aux d\u00e9couvertes<\/strong><\/p>\n<ul class=\" wall-content\">\n<li>Passion Grand Est\u2009;<\/li>\n<li>Quartier des d\u00e9monstrateurs\u2009;<\/li>\n<li>P\u00f4le Italie\u2009;<\/li>\n<li>Gastronomie\u2009;<\/li>\n<li>Village de l\u2019artisanat.<\/li>\n<\/ul>\n<p class=\" wall-content\"><strong>Hall C \u2013 Voyage &amp; bien-\u00eatre<\/strong><\/p>\n<ul class=\" wall-content\">\n<li>Expo \u00e9v\u00e9nement\u2009;<\/li>\n<li>Mode, sant\u00e9 et bien-\u00eatre\u2009;<\/li>\n<li>Artisans du monde.<\/li>\n<\/ul>\n<p class=\" wall-content\"><strong>Hall D \u2013 Place au divertissement<\/strong><\/p>\n<ul class=\" wall-content\">\n<li>Les jeux du Stan (du samedi\u00a07 au lundi 9\u00a0juin)\u2009;<\/li>\n<li>Espace arcade\u2009;<\/li>\n<li>Jeux de soci\u00e9t\u00e9 avec La Caverne du Gobelin.<\/li>\n<\/ul>\n<p class=\" wall-content\"><strong>Hall G \u2013 \u00c9v\u00e9nements \u00e9ph\u00e9m\u00e8res<\/strong><\/p>\n<ul class=\" wall-content\">\n<li>Festival Vintage, Rock et U.S Car \u2013 Route 66 (du samedi\u00a07 au lundi 9\u00a0juin)\u2009;<\/li>\n<li>Le village des sports by Intersport (samedi\u00a014 et dimanche 15\u00a0juin).<\/li>\n<\/ul>\n<p class=\" wall-content\">De <strong>nombreuses animations<\/strong> seront \u00e9galement propos\u00e9es en ext\u00e9rieur.<\/p>\n<p>Yanns, Chris Marques, Jean-Baptiste Guegan, La\u00ebtitia Millot\u2026<\/p>\n<p class=\" wall-content\">En parall\u00e8le, les visiteurs pourront assister \u00e0 <strong>diff\u00e9rents spectacles<\/strong>\u2009: concert de Jean-Baptiste Guegan le 7\u00a0juin, soir\u00e9e g\u00e9n\u00e9ration 90-2000 le 14\u00a0juin, spectacle de drones les samedis 7 et 14\u00a0juin\u2026<\/p>\n<p class=\" wall-content\">Il leur sera aussi possible de rencontrer le chanteur <strong>Yanns<\/strong> le 8\u00a0juin, <strong>Chris Marques<\/strong> le 9\u00a0juin, <strong>Magali Ripoll<\/strong> le 12\u00a0juin et <strong>La\u00ebtitia Millot<\/strong> le 14\u00a0juin.<\/p>\n<p>Retrouvez toutes les informations pratiques <a href=\"https:\/\/foireexpo-nancy.com\/infos-pratiques\/\" rel=\"nofollow noopener\" target=\"_blank\">ici<\/a>.<\/p>\n<p class=\" wall-content\">Suivez toute l\u2019actualit\u00e9 de vos villes et m\u00e9dias favoris en vous inscrivant \u00e0 <a href=\"https:\/\/moncompte.actu.fr\" title=\"D\u00e9couvez Mon Actu\" rel=\"nofollow noopener\" data-trk=\"{&quot;cta&quot;:{&quot;action&quot;:&quot;https:\\\/\\\/moncompte.actu.fr&quot;,&quot;category&quot;:&quot;mon compte&quot;,&quot;from&quot;:&quot;article footer&quot;,&quot;name&quot;:&quot;Mon actu&quot;,&quot;type&quot;:&quot;cta&quot;}}\" target=\"_blank\">Mon Actu<\/a>.<\/p>\n","protected":false},"excerpt":{"rendered":"Par Amandine Mehl Publi\u00e9 le 4 juin 2025 \u00e0 7h02 La Foire exposition de Nancy revient pour une&hellip;\n","protected":false},"author":2,"featured_media":150851,"comment_status":"","ping_status":"","sticky":false,"template":"","format":"standard","meta":{"footnotes":""},"categories":[9635],"tags":[1111,11,215,33,1777,674,1011,27,775,1702,12,25],"class_list":{"0":"post-150850","1":"post","2":"type-post","3":"status-publish","4":"format-standard","5":"has-post-thumbnail","7":"category-nancy","8":"tag-actu","9":"tag-actualites","10":"tag-commerce","11":"tag-economie","12":"tag-eu","13":"tag-europe","14":"tag-fr","15":"tag-france","16":"tag-grand-est","17":"tag-nancy","18":"tag-news","19":"tag-republique-francaise"},"share_on_mastodon":{"url":"https:\/\/pubeurope.com\/@fr\/114623875859143278","error":""},"_links":{"self":[{"href":"https:\/\/www.europesays.com\/fr\/wp-json\/wp\/v2\/posts\/150850","targetHints":{"allow":["GET"]}}],"collection":[{"href":"https:\/\/www.europesays.com\/fr\/wp-json\/wp\/v2\/posts"}],"about":[{"href":"https:\/\/www.europesays.com\/fr\/wp-json\/wp\/v2\/types\/post"}],"author":[{"embeddable":true,"href":"https:\/\/www.europesays.com\/fr\/wp-json\/wp\/v2\/users\/2"}],"replies":[{"embeddable":true,"href":"https:\/\/www.europesays.com\/fr\/wp-json\/wp\/v2\/comments?post=150850"}],"version-history":[{"count":0,"href":"https:\/\/www.europesays.com\/fr\/wp-json\/wp\/v2\/posts\/150850\/revisions"}],"wp:featuredmedia":[{"embeddable":true,"href":"https:\/\/www.europesays.com\/fr\/wp-json\/wp\/v2\/media\/150851"}],"wp:attachment":[{"href":"https:\/\/www.europesays.com\/fr\/wp-json\/wp\/v2\/media?parent=150850"}],"wp:term":[{"taxonomy":"category","embeddable":true,"href":"https:\/\/www.europesays.com\/fr\/wp-json\/wp\/v2\/categories?post=150850"},{"taxonomy":"post_tag","embeddable":true,"href":"https:\/\/www.europesays.com\/fr\/wp-json\/wp\/v2\/tags?post=150850"}],"curies":[{"name":"wp","href":"https:\/\/api.w.org\/{rel}","templated":true}]}}