{"id":150852,"date":"2025-06-04T07:18:09","date_gmt":"2025-06-04T07:18:09","guid":{"rendered":"https:\/\/www.europesays.com\/fr\/150852\/"},"modified":"2025-06-04T07:18:09","modified_gmt":"2025-06-04T07:18:09","slug":"la-crau-du-piboulon-devient-la-premiere-reserve-metropolitaine-de-biodivesite","status":"publish","type":"post","link":"https:\/\/www.europesays.com\/fr\/150852\/","title":{"rendered":"La Crau du Piboulon devient la premi\u00e8re r\u00e9serve m\u00e9tropolitaine de biodivesit\u00e9"},"content":{"rendered":"<p>Ce lundi 2\u00a0juin a vu na\u00eetre la premi\u00e8re \u00ab\u00a0<a href=\"https:\/\/www.laprovence.com\/article\/edition-aix-pays-daix\/6471504\/autour-daix-les-refuges-nature-reprennent-du-poil-de-la-bete.html\" target=\"_blank\" rel=\"nofollow noopener\">r\u00e9serve m\u00e9tropolitaine de biodiversit\u00e9<\/a>\u00a0\u00bb \u00e0 la Crau du Piboulon, situ\u00e9e \u00e0 cheval entre Mallemort et Alleins. Cette pelouse substeppique, n\u00e9e de l\u2019ancien lit de la Durance voit d\u00e9sormais son <a href=\"https:\/\/www.laprovence.com\/article\/region\/52521390860661\/biotope-leader-europeen-dans-lenvironnement-aide-la-nature-a-reprendre-ses-droits-a-la-barben\" target=\"_blank\" rel=\"nofollow noopener\">biotope <\/a>officiellement prot\u00e9g\u00e9 par un arr\u00eat\u00e9 pr\u00e9fectoral de protection des biotopes (APB).<\/p>\n<p>Il s\u2019agit l\u00e0 d\u2019une \u00e9tape importante pour la pr\u00e9servation du <a href=\"https:\/\/www.laprovence.com\/article\/region\/20937368560970\/patrimoine-naturel-enjeux-ecologiques-simiane-collongue-sengage-avec-la-lpo-paca\" target=\"_blank\" rel=\"nofollow noopener\">patrimoine naturel<\/a>. En effet, cette zone singuli\u00e8re abrite de nombreuses esp\u00e8ces remarquables avec plus de 400 esp\u00e8ces connues en milieux ouverts, arbustifs et forestiers, et 233 d\u00e9j\u00e0 r\u00e9pertori\u00e9es. Parmi elles, 19 esp\u00e8ces \u00e0 conserver, dont 11 prot\u00e9g\u00e9es.<\/p>\n<p>Cette zone de la \u00ab\u00a0Crau de Piboulon\u00a0\u00bb est l\u2019un des trois sites d\u00e9monstrateurs m\u00e9tropolitains avec le \u00ab\u00a0<a href=\"https:\/\/www.laprovence.com\/article\/region\/4455960330192215\/le-puits-de-madame-un-site-naturel-a-decouvrir-et-a-preserver-a-la-barben\" target=\"_blank\" rel=\"nofollow noopener\">Puits de Madame<\/a>\u00a0\u00bb et le \u00ab\u00a0Vallon nord de l\u2019\u00c9toile\u00a0\u00bb, pour lesquels la M\u00e9tropole souhaite obtenir un classement en APPB qui permettra de mieux prot\u00e9ger les conditions de vie des esp\u00e8ces prot\u00e9g\u00e9es.<\/p>\n","protected":false},"excerpt":{"rendered":"Ce lundi 2\u00a0juin a vu na\u00eetre la premi\u00e8re \u00ab\u00a0r\u00e9serve m\u00e9tropolitaine de biodiversit\u00e9\u00a0\u00bb \u00e0 la Crau du Piboulon, situ\u00e9e&hellip;\n","protected":false},"author":2,"featured_media":150853,"comment_status":"","ping_status":"","sticky":false,"template":"","format":"standard","meta":{"footnotes":""},"categories":[9619],"tags":[17,1111,11,28027,10123,6475,2834,436,1777,674,1011,27,28026,12,28025,882,25,16637,2310],"class_list":{"0":"post-150852","1":"post","2":"type-post","3":"status-publish","4":"format-standard","5":"has-post-thumbnail","7":"category-toulon","8":"tag-17","9":"tag-actu","10":"tag-actualites","11":"tag-alleins","12":"tag-crau","13":"tag-devient","14":"tag-entre","15":"tag-environnement","16":"tag-eu","17":"tag-europe","18":"tag-fr","19":"tag-france","20":"tag-mallemort","21":"tag-news","22":"tag-piboulon","23":"tag-provence-alpes-cote-dazur","24":"tag-republique-francaise","25":"tag-situee","26":"tag-toulon"},"share_on_mastodon":{"url":"https:\/\/pubeurope.com\/@fr\/114623879820382926","error":""},"_links":{"self":[{"href":"https:\/\/www.europesays.com\/fr\/wp-json\/wp\/v2\/posts\/150852","targetHints":{"allow":["GET"]}}],"collection":[{"href":"https:\/\/www.europesays.com\/fr\/wp-json\/wp\/v2\/posts"}],"about":[{"href":"https:\/\/www.europesays.com\/fr\/wp-json\/wp\/v2\/types\/post"}],"author":[{"embeddable":true,"href":"https:\/\/www.europesays.com\/fr\/wp-json\/wp\/v2\/users\/2"}],"replies":[{"embeddable":true,"href":"https:\/\/www.europesays.com\/fr\/wp-json\/wp\/v2\/comments?post=150852"}],"version-history":[{"count":0,"href":"https:\/\/www.europesays.com\/fr\/wp-json\/wp\/v2\/posts\/150852\/revisions"}],"wp:featuredmedia":[{"embeddable":true,"href":"https:\/\/www.europesays.com\/fr\/wp-json\/wp\/v2\/media\/150853"}],"wp:attachment":[{"href":"https:\/\/www.europesays.com\/fr\/wp-json\/wp\/v2\/media?parent=150852"}],"wp:term":[{"taxonomy":"category","embeddable":true,"href":"https:\/\/www.europesays.com\/fr\/wp-json\/wp\/v2\/categories?post=150852"},{"taxonomy":"post_tag","embeddable":true,"href":"https:\/\/www.europesays.com\/fr\/wp-json\/wp\/v2\/tags?post=150852"}],"curies":[{"name":"wp","href":"https:\/\/api.w.org\/{rel}","templated":true}]}}