{"id":150854,"date":"2025-06-04T07:19:08","date_gmt":"2025-06-04T07:19:08","guid":{"rendered":"https:\/\/www.europesays.com\/fr\/150854\/"},"modified":"2025-06-04T07:19:08","modified_gmt":"2025-06-04T07:19:08","slug":"nettoyer-la-mer-ca-commence-par-la-terre-loperation-rade-propre-prend-ses-quartiers-a-toulon","status":"publish","type":"post","link":"https:\/\/www.europesays.com\/fr\/150854\/","title":{"rendered":"\u00ab\u00a0Nettoyer la mer, \u00e7a commence par la terre\u00a0\u00bb: l&rsquo;op\u00e9ration Rade propre prend ses quartiers \u00e0 Toulon"},"content":{"rendered":"<p>Sous l\u2019eau, les plongeurs avancent \u00e0 l\u2019aveugle. \u00ab\u00a0La difficult\u00e9, c\u2019est la visibilit\u00e9\u00a0\u00bb, explique Ga\u00ebl, second ma\u00eetre. \u00ab\u00a0Une fois qu\u2019on remonte un objet, on ne voit plus rien, on est dans le brouillard\u00a0\u00bb. Depuis deux semaines, les militaires fouillent les fonds marins entre Saint-Mandrier et la Tour Royale \u00e0 Toulon, pour collecter des d\u00e9chets: caddies, chaises de terrasse, parasols, v\u00e9los ou encore batterie. \u00ab\u00a0On les attache ensemble et on les remonte \u00e0 l\u2019aide de ballons gonfl\u00e9s d\u2019air, avant qu\u2019ils ne soient sortis de l\u2019eau par une grue qui les d\u00e9pose sur un chaland multi-mission\u00a0\u00bb. Ces objets, une fois \u00e0 bord, sont transport\u00e9s vers la base navale pour \u00eatre tri\u00e9s.<\/p>\n<p>L\u2019an dernier, 155m3 de d\u00e9tritus ont \u00e9t\u00e9 extraits de la rade. \u00ab\u00a0Depuis 2010, on a ramass\u00e9 200 bennes mais, chaque ann\u00e9e, on en trouve un peu moins\u00a0\u00bb, souligne le capitaine de vaisseau Alban, responsable environnement de la pr\u00e9fecture maritime. \u00ab\u00a0C\u2019est bon signe, mais \u00e7a veut dire qu\u2019on doit aller chercher plus loin.\u00a0\u00bb<\/p>\n<p><strong>Pr\u00e9venir plut\u00f4t que ramasser<\/strong><\/p>\n<p>La pollution en mer commence bien avant le rivage. \u00ab\u00a0Environ 80% des d\u00e9chets marins proviennent de la terre\u00a0\u00bb, rappelle le capitaine. Souvent jet\u00e9s au sol, ils sont emport\u00e9s par la pluie, le vent ou les rivi\u00e8res jusqu\u2019\u00e0 la rade. \u00ab\u00a0Ce que vous jetez par terre finit en mer, c\u2019est pour \u00e7a que sur les plaques d\u2019\u00e9gout du port il est \u00e9crit: \u201cLa mer commence ici\u00a0\u00bb \u00bb, insiste-t-il.<\/p>\n<p>Face \u00e0 cette r\u00e9alit\u00e9, l\u2019\u00e9ducation est cruciale, c\u2019est pourquoi des \u00e9l\u00e8ves de l\u2019\u00e9cole des Remparts Lafayette ont \u00e9t\u00e9 invit\u00e9s \u00e0 observer l\u2019op\u00e9ration et \u00e0 visiter les stands de sensibilisation mis \u00e0 disposition sur le port. Malgr\u00e9 une certaine biodiversit\u00e9, les plongeurs dressent un constat pr\u00e9occupant: \u00ab\u00a0Il y a du poisson, mais aucune v\u00e9g\u00e9tation, pas de poulpes, pas d\u2019\u00e9toiles de mer, l\u2019eau est trop pollu\u00e9e pour permettre \u00e0 ces esp\u00e8ces de s\u2019installer\u00a0\u00bb, d\u00e9crit Ga\u00ebl. Le message est clair, pour retrouver une mer propre et vivante, le premier geste est simple: \u00ab\u00a0Ne rien jeter par terre\u00a0\u00bb.<\/p>\n<p>              <img ci-src=\"https:\/\/www.varmatin.com\/vie-locale\/protec\/DATA_ART_15648113-FKARXxno.jpg?vh=7c4412&amp;ci_seal=aff575a02b\" alt=\"\"\/><\/p>\n","protected":false},"excerpt":{"rendered":"Sous l\u2019eau, les plongeurs avancent \u00e0 l\u2019aveugle. \u00ab\u00a0La difficult\u00e9, c\u2019est la visibilit\u00e9\u00a0\u00bb, explique Ga\u00ebl, second ma\u00eetre. \u00ab\u00a0Une fois&hellip;\n","protected":false},"author":2,"featured_media":150855,"comment_status":"","ping_status":"","sticky":false,"template":"","format":"standard","meta":{"footnotes":""},"categories":[9619],"tags":[1111,11,1777,674,1011,27,12,882,25,2310,3366],"class_list":{"0":"post-150854","1":"post","2":"type-post","3":"status-publish","4":"format-standard","5":"has-post-thumbnail","7":"category-toulon","8":"tag-actu","9":"tag-actualites","10":"tag-eu","11":"tag-europe","12":"tag-fr","13":"tag-france","14":"tag-news","15":"tag-provence-alpes-cote-dazur","16":"tag-republique-francaise","17":"tag-toulon","18":"tag-vie-locale"},"share_on_mastodon":{"url":"https:\/\/pubeurope.com\/@fr\/114623883707139267","error":""},"_links":{"self":[{"href":"https:\/\/www.europesays.com\/fr\/wp-json\/wp\/v2\/posts\/150854","targetHints":{"allow":["GET"]}}],"collection":[{"href":"https:\/\/www.europesays.com\/fr\/wp-json\/wp\/v2\/posts"}],"about":[{"href":"https:\/\/www.europesays.com\/fr\/wp-json\/wp\/v2\/types\/post"}],"author":[{"embeddable":true,"href":"https:\/\/www.europesays.com\/fr\/wp-json\/wp\/v2\/users\/2"}],"replies":[{"embeddable":true,"href":"https:\/\/www.europesays.com\/fr\/wp-json\/wp\/v2\/comments?post=150854"}],"version-history":[{"count":0,"href":"https:\/\/www.europesays.com\/fr\/wp-json\/wp\/v2\/posts\/150854\/revisions"}],"wp:featuredmedia":[{"embeddable":true,"href":"https:\/\/www.europesays.com\/fr\/wp-json\/wp\/v2\/media\/150855"}],"wp:attachment":[{"href":"https:\/\/www.europesays.com\/fr\/wp-json\/wp\/v2\/media?parent=150854"}],"wp:term":[{"taxonomy":"category","embeddable":true,"href":"https:\/\/www.europesays.com\/fr\/wp-json\/wp\/v2\/categories?post=150854"},{"taxonomy":"post_tag","embeddable":true,"href":"https:\/\/www.europesays.com\/fr\/wp-json\/wp\/v2\/tags?post=150854"}],"curies":[{"name":"wp","href":"https:\/\/api.w.org\/{rel}","templated":true}]}}