{"id":150864,"date":"2025-06-04T07:26:10","date_gmt":"2025-06-04T07:26:10","guid":{"rendered":"https:\/\/www.europesays.com\/fr\/150864\/"},"modified":"2025-06-04T07:26:10","modified_gmt":"2025-06-04T07:26:10","slug":"hockey-sur-glace-ligue-magnus-bruleurs-de-loups-deux-joueurs-emblematiques-vont-finalement-rester","status":"publish","type":"post","link":"https:\/\/www.europesays.com\/fr\/150864\/","title":{"rendered":"Hockey sur glace &#8211; Ligue Magnus. Br\u00fbleurs de loups : deux joueurs embl\u00e9matiques vont finalement rester"},"content":{"rendered":"<p>\u00c0 cette \u00e9poque de l\u2019ann\u00e9e, les supporters de hockey sont autant friands de conna\u00eetre les recrues que de savoir quels joueurs de leur \u00e9quipe favorite portera toujours le chandail \u00e0 la rentr\u00e9e suivante. Aux Br\u00fbleurs de loups, deux bonnes nouvelles sont arriv\u00e9es le mardi 3\u00a0juin, <a title=\"hockey Bdl conf presse rentr\u00e9e 2025\" href=\"https:\/\/www.ledauphine.com\/sport\/2025\/06\/03\/organisation-recrutement-chl-ce-qu-il-faut-retenir-de-la-conference-de-presse-des-bruleurs-de-loups\" target=\"_blank\" rel=\"noopener\">lors de la conf\u00e9rence de presse de lancement de la saison 2025-2026<\/a>.<\/p>\n<p>Purs produits de la formation grenobloise, Aur\u00e9lien Dair (25 ans, 26 en septembre) et Adel Koudri (26 ans) d\u00e9fendront une saison de plus le maillot des Br\u00fbleurs de loups, en Ligue Magnus et en CHL (Champions Hockey League). Ce, alors qu\u2019ils auraient pu changer d\u2019air pendant l\u2019\u00e9t\u00e9, ou plut\u00f4t de pays.<\/p>\n<p>  Un bon de sortie\u2026 sans point de chute au bout<\/p>\n<p>\u00ab\u00a0Deux de nos joueurs avaient cet \u00e9t\u00e9 une autorisation de sortie, pour un club \u00e0 l\u2019\u00e9tranger, valable jusqu\u2019au 31\u00a0mai. Ils n\u2019ont pas trouv\u00e9 un club \u00e0 la hauteur de leurs attentes, donc ils seront encore parmi nous la saison prochaine\u00a0\u00bb, a expliqu\u00e9 leur pr\u00e9sident <a href=\"https:\/\/www.ledauphine.com\/p\/jacques-reboh\" target=\"_blank\" rel=\"noopener\">Jacques Reboh<\/a>.<\/p>\n<p>Une bonne nouvelle car Dair (56 matches et 46 points en Ligue Magnus 2024-2025) et Koudri (58 matches, 36 points) ont particip\u00e9 \u00e0 la reconqu\u00eate de la Ligue Magnus, en mars et avril derniers. Une saison que <a title=\"hockey Mondial 2025 s\u00e9lection France\" href=\"https:\/\/www.ledauphine.com\/sport\/2025\/05\/06\/texier-treille-bozon-12-regionaux-appeles-avec-les-bleus-pour-disputer-le-mondial\" target=\"_blank\" rel=\"noopener\">l\u2019a\u00een\u00e9 des fr\u00e8res Dair a boucl\u00e9e au championnat du monde \u00c9lite, avec les Bleus<\/a>.<\/p>\n<p>Toujours pr\u00e9sents dans l\u2019effectif dirig\u00e9 par <a href=\"https:\/\/www.ledauphine.com\/p\/per-hanberg\" target=\"_blank\" rel=\"noopener\">Per Hanberg<\/a>, ils auront \u00e0 c\u0153ur de laisser Grenoble au sommet de la hi\u00e9rarchie fran\u00e7aise. Et sans doute, aussi, de briller sur la sc\u00e8ne europ\u00e9enne, \u00e0 compter du 28\u00a0ao\u00fbt, face \u00e0 la cr\u00e8me du hockey du Vieux continent.<\/p>\n","protected":false},"excerpt":{"rendered":"\u00c0 cette \u00e9poque de l\u2019ann\u00e9e, les supporters de hockey sont autant friands de conna\u00eetre les recrues que de&hellip;\n","protected":false},"author":2,"featured_media":150865,"comment_status":"","ping_status":"","sticky":false,"template":"","format":"standard","meta":{"footnotes":""},"categories":[9566],"tags":[1111,11,2430,112,1777,674,1701,1011,27,2731,2732,4133,10145,108,10146,1985,12,25,517,1947],"class_list":{"0":"post-150864","1":"post","2":"type-post","3":"status-publish","4":"format-standard","5":"has-post-thumbnail","7":"category-grenoble","8":"tag-actu","9":"tag-actualites","10":"tag-auvergne-rhone-alpes","11":"tag-edition-grenoble-agglomeration","12":"tag-eu","13":"tag-europe","14":"tag-fil-info-sport","15":"tag-fr","16":"tag-france","17":"tag-grenoble","18":"tag-grenoble-bassin","19":"tag-hockey-sur-glace","20":"tag-hockey-sur-glace-grenoble","21":"tag-isere","22":"tag-ligue-magnus-hockey-sur-glace","23":"tag-metropole-de-grenoble","24":"tag-news","25":"tag-republique-francaise","26":"tag-sport","27":"tag-sport-national"},"share_on_mastodon":{"url":"https:\/\/pubeurope.com\/@fr\/114623911232132936","error":""},"_links":{"self":[{"href":"https:\/\/www.europesays.com\/fr\/wp-json\/wp\/v2\/posts\/150864","targetHints":{"allow":["GET"]}}],"collection":[{"href":"https:\/\/www.europesays.com\/fr\/wp-json\/wp\/v2\/posts"}],"about":[{"href":"https:\/\/www.europesays.com\/fr\/wp-json\/wp\/v2\/types\/post"}],"author":[{"embeddable":true,"href":"https:\/\/www.europesays.com\/fr\/wp-json\/wp\/v2\/users\/2"}],"replies":[{"embeddable":true,"href":"https:\/\/www.europesays.com\/fr\/wp-json\/wp\/v2\/comments?post=150864"}],"version-history":[{"count":0,"href":"https:\/\/www.europesays.com\/fr\/wp-json\/wp\/v2\/posts\/150864\/revisions"}],"wp:featuredmedia":[{"embeddable":true,"href":"https:\/\/www.europesays.com\/fr\/wp-json\/wp\/v2\/media\/150865"}],"wp:attachment":[{"href":"https:\/\/www.europesays.com\/fr\/wp-json\/wp\/v2\/media?parent=150864"}],"wp:term":[{"taxonomy":"category","embeddable":true,"href":"https:\/\/www.europesays.com\/fr\/wp-json\/wp\/v2\/categories?post=150864"},{"taxonomy":"post_tag","embeddable":true,"href":"https:\/\/www.europesays.com\/fr\/wp-json\/wp\/v2\/tags?post=150864"}],"curies":[{"name":"wp","href":"https:\/\/api.w.org\/{rel}","templated":true}]}}