{"id":150866,"date":"2025-06-04T07:28:22","date_gmt":"2025-06-04T07:28:22","guid":{"rendered":"https:\/\/www.europesays.com\/fr\/150866\/"},"modified":"2025-06-04T07:28:22","modified_gmt":"2025-06-04T07:28:22","slug":"ce-bar-de-rennes-a-offert-350-verres-pour-la-victoire-du-psg","status":"publish","type":"post","link":"https:\/\/www.europesays.com\/fr\/150866\/","title":{"rendered":"ce bar de Rennes a offert 350 verres pour la victoire du PSG"},"content":{"rendered":"<p>            Par<br \/>\n        <strong><br \/>\n            <a href=\"https:\/\/actu.fr\/auteur\/brian-legoff\" title=\"Consulter tous les articles de Brian Le Goff\" rel=\"nofollow noopener\" target=\"_blank\">Brian Le Goff<\/a><br \/>\n        <\/strong><\/p>\n<p>        Publi\u00e9 le<\/p>\n<p>            4 juin 2025 \u00e0 8h44        <\/p>\n<p>C\u2019est <strong>\u00ab\u2009ce qui s\u2019appelle une fausse bonne id\u00e9e\u2009\u00bb<\/strong>, pointe elle-m\u00eame la responsable de l\u2019\u00e9tablissement, <strong>Louisa Dupont<\/strong>. \u00c0 l\u2019occasion de la finale de la <a href=\"https:\/\/actu.fr\/tag\/ligue-des-champions\" rel=\"nofollow noopener\" target=\"_blank\">Ligue des champions<\/a> opposant le PSG et l\u2019Inter Milan, le <a href=\"https:\/\/actu.fr\/bretagne\/rennes_35238\/nouveau-a-rennes-elles-lancent-un-concept-inedit-avec-leur-bar-friperie_61323269.html\" rel=\"nofollow noopener\" target=\"_blank\">Bar NOW\u2009!, ouvert il y a pr\u00e8s d\u2019un an<\/a> pr\u00e8s du mail Fran\u00e7ois Mitterrand \u00e0 Rennes, avait annonc\u00e9 la couleur avant la rencontre. <strong>Pour chaque but du club parisien, il offrait sa tourn\u00e9e \u00e0 tous ses clients.<\/strong><\/p>\n<blockquote class=\"ac-article-quote wall-content\">\n<p>On ne diffuse habituellement pas les matchs de foot, mais le parcours du PSG jusqu&rsquo;au sommet nous a incit\u00e9 \u00e0 le faire. On avait d\u00e9j\u00e0 r\u00e9alis\u00e9 l&rsquo;op\u00e9ration \u00ab\u00a0Un verre offert pour chaque but du PSG\u00a0\u00bb pour la demi-finale.<\/p>\n<p>    <strong>Louisa Dupont<\/strong><br \/>\n        Responsable du bar NOW !    <\/p><\/blockquote>\n<p class=\" wall-content\">Si, en <strong>demi-finale<\/strong>, les Parisiens ont marqu\u00e9 <strong>que deux buts<\/strong>, l\u2019\u00e9quipe du bar rennais ne s\u2019attendait pas forc\u00e9ment \u00e0 en voir plus en <strong>finale.<\/strong> Mais, c\u2019\u00e9tait sans compter sur le talent des jeunes joueurs de <a href=\"https:\/\/actu.fr\/ile-de-france\/ury_77477\/victoire-du-psg-il-a-ete-vraiment-cool-ce-jour-ou-le-coach-luis-enrique-etait-en-foret-de-fontainebleau_62713439.html\" rel=\"nofollow noopener\" target=\"_blank\">Luis Enrique<\/a> qui ont d\u00e9livr\u00e9 un v\u00e9ritable festival de buts,<strong> 5-0<\/strong>, remportant ainsi la <a href=\"https:\/\/actu.fr\/ile-de-france\/paris_75056\/irresistible-le-psg-remporte-la-premiere-ligue-des-champions-de-son-histoire-au-terme-d-une-finale-de-reve_62712076.html\" rel=\"nofollow noopener\" target=\"_blank\">Ligue des champions pour la premi\u00e8re fois de son histoire<\/a>.<\/p>\n<p>\u00ab\u2009M\u00eame les clients nous disaient que ce n\u2019\u00e9tait pas la peine\u2009\u00bb<\/p>\n<p class=\" wall-content\">Et Louisa Dupont <strong>n\u2019ayant qu\u2019une parole<\/strong>, elle a ainsi <strong>tenu la promesse<\/strong> faite \u00e0 sa client\u00e8le et a donc offert 350 verres au total. \u00ab\u2009On voyait au fur et \u00e0 mesure le nombre de buts augmenter, <strong>on se demandait jusqu\u2019o\u00f9 \u00e7a irait<\/strong>.\u2009\u00bb<\/p>\n<blockquote class=\"ac-article-quote wall-content\">\n<p>M\u00eame les clients nous disaient que ce n&rsquo;\u00e9tait pas la peine, que l&rsquo;on ne s&rsquo;attendait pas \u00e0 \u00e7a et qu&rsquo;il fallait arr\u00eater d&rsquo;offrir notre tourn\u00e9e.<\/p>\n<p>    <strong>Louisa Dupont<\/strong><br \/>\n        Responsable du bar NOW !    <\/p><\/blockquote>\n<p>Vid\u00e9os : en ce moment sur Actu<\/p>\n<p class=\" wall-content\">\u00ab\u2009C\u2019\u00e9tait une <strong>soir\u00e9e fantastique,<\/strong> mais, ce lundi, notre comptable nous a furieusement grond\u00e9s\u2009\u00bb, encha\u00eene-t-elle, avant de conclure avec une le\u00e7on en t\u00eate. <strong>\u00ab\u2009La prochaine fois, je pense qu\u2019on dira d\u00e8s le d\u00e9part que l\u2019offre est limit\u00e9e<\/strong>.\u2009\u00bb<\/p>\n<p class=\" wall-content\">Suivez toute l\u2019actualit\u00e9 de vos villes et m\u00e9dias favoris en vous inscrivant \u00e0 <a href=\"https:\/\/moncompte.actu.fr\" title=\"D\u00e9couvez Mon Actu\" rel=\"nofollow noopener\" data-trk=\"{&quot;cta&quot;:{&quot;action&quot;:&quot;https:\\\/\\\/moncompte.actu.fr&quot;,&quot;category&quot;:&quot;mon compte&quot;,&quot;from&quot;:&quot;article footer&quot;,&quot;name&quot;:&quot;Mon actu&quot;,&quot;type&quot;:&quot;cta&quot;}}\" target=\"_blank\">Mon Actu<\/a>.<\/p>\n<ul class=\"ac-article-tag wall-content\">\n<li><a href=\"https:\/\/actu.fr\/tag\/ligue-des-champions\" data-trk=\"{&quot;cta&quot;:{&quot;action&quot;:&quot;Ligue des Champions&quot;,&quot;category&quot;:&quot;tag&quot;,&quot;from&quot;:&quot;article footer&quot;,&quot;name&quot;:&quot;Ligue des Champions&quot;,&quot;type&quot;:&quot;cta&quot;}}\" rel=\"nofollow noopener\" target=\"_blank\">#Ligue des Champions<\/a><\/li>\n<li><a href=\"https:\/\/actu.fr\/tag\/paris-saint-germain-psg\" data-trk=\"{&quot;cta&quot;:{&quot;action&quot;:&quot;Paris Saint Germain (PSG)&quot;,&quot;category&quot;:&quot;tag&quot;,&quot;from&quot;:&quot;article footer&quot;,&quot;name&quot;:&quot;Paris Saint Germain (PSG)&quot;,&quot;type&quot;:&quot;cta&quot;}}\" rel=\"nofollow noopener\" target=\"_blank\">#Paris Saint Germain (PSG)<\/a><\/li>\n<\/ul>\n","protected":false},"excerpt":{"rendered":"Par Brian Le Goff Publi\u00e9 le 4 juin 2025 \u00e0 8h44 C\u2019est \u00ab\u2009ce qui s\u2019appelle une fausse bonne&hellip;\n","protected":false},"author":2,"featured_media":150867,"comment_status":"","ping_status":"","sticky":false,"template":"","format":"standard","meta":{"footnotes":""},"categories":[2821],"tags":[1111,11,829,1777,674,1011,27,447,12,2332,584,25,104],"class_list":{"0":"post-150866","1":"post","2":"type-post","3":"status-publish","4":"format-standard","5":"has-post-thumbnail","7":"category-rennes","8":"tag-actu","9":"tag-actualites","10":"tag-bretagne","11":"tag-eu","12":"tag-europe","13":"tag-fr","14":"tag-france","15":"tag-ligue-des-champions","16":"tag-news","17":"tag-paris-saint-germain-psg","18":"tag-rennes","19":"tag-republique-francaise","20":"tag-societe"},"share_on_mastodon":{"url":"https:\/\/pubeurope.com\/@fr\/114623919100432363","error":""},"_links":{"self":[{"href":"https:\/\/www.europesays.com\/fr\/wp-json\/wp\/v2\/posts\/150866","targetHints":{"allow":["GET"]}}],"collection":[{"href":"https:\/\/www.europesays.com\/fr\/wp-json\/wp\/v2\/posts"}],"about":[{"href":"https:\/\/www.europesays.com\/fr\/wp-json\/wp\/v2\/types\/post"}],"author":[{"embeddable":true,"href":"https:\/\/www.europesays.com\/fr\/wp-json\/wp\/v2\/users\/2"}],"replies":[{"embeddable":true,"href":"https:\/\/www.europesays.com\/fr\/wp-json\/wp\/v2\/comments?post=150866"}],"version-history":[{"count":0,"href":"https:\/\/www.europesays.com\/fr\/wp-json\/wp\/v2\/posts\/150866\/revisions"}],"wp:featuredmedia":[{"embeddable":true,"href":"https:\/\/www.europesays.com\/fr\/wp-json\/wp\/v2\/media\/150867"}],"wp:attachment":[{"href":"https:\/\/www.europesays.com\/fr\/wp-json\/wp\/v2\/media?parent=150866"}],"wp:term":[{"taxonomy":"category","embeddable":true,"href":"https:\/\/www.europesays.com\/fr\/wp-json\/wp\/v2\/categories?post=150866"},{"taxonomy":"post_tag","embeddable":true,"href":"https:\/\/www.europesays.com\/fr\/wp-json\/wp\/v2\/tags?post=150866"}],"curies":[{"name":"wp","href":"https:\/\/api.w.org\/{rel}","templated":true}]}}