{"id":150868,"date":"2025-06-04T07:29:07","date_gmt":"2025-06-04T07:29:07","guid":{"rendered":"https:\/\/www.europesays.com\/fr\/150868\/"},"modified":"2025-06-04T07:29:07","modified_gmt":"2025-06-04T07:29:07","slug":"le-trafic-cts-fortement-perturbe-apres-larrachage-dune-ligne-aerienne-ce-quil-faut-savoir","status":"publish","type":"post","link":"https:\/\/www.europesays.com\/fr\/150868\/","title":{"rendered":"le trafic CTS fortement perturb\u00e9 apr\u00e8s l&rsquo;arrachage d&rsquo;une ligne a\u00e9rienne, ce qu&rsquo;il faut savoir"},"content":{"rendered":"<p>            Par<br \/>\n        <strong><br \/>\n            <a href=\"https:\/\/actu.fr\/auteur\/ivan-capecchi\" title=\"Consulter tous les articles de Ivan CAPECCHI\" target=\"_blank\" rel=\"noopener\">Ivan CAPECCHI<\/a><br \/>\n        <\/strong><\/p>\n<p>        Publi\u00e9 le<\/p>\n<p>            4 juin 2025 \u00e0 8h46        <\/p>\n<p>Le trafic <a href=\"https:\/\/actu.fr\/tag\/compagnie-des-transports-strasbourgeois-cts\" target=\"_blank\" rel=\"noopener\">CTS<\/a> est <strong>fortement perturb\u00e9<\/strong> \u00e0 <strong>Strasbourg<\/strong> ce mercredi 4 juin 2025, en raison d\u2019un <strong>incident technique<\/strong> survenu en d\u00e9but de matin\u00e9e.<\/p>\n<p class=\" wall-content\">Vers 7h30,<strong> un camion a arrach\u00e9 la ligne a\u00e9rienne de contact<\/strong> servant \u00e0 l\u2019alimentation \u00e9lectrique des rames, alors qu\u2019il man\u0153uvrait dans le secteur de la <strong>station Cervant\u00e8s<\/strong>, sur la ligne de tram A.<\/p>\n<p class=\" wall-content\">Cet incident a caus\u00e9 <strong>d\u2019importants dommages mat\u00e9riels<\/strong>, entra\u00eenant des <strong>perturbations sur les lignes A et D du tram<\/strong>.<\/p>\n<p>Plusieurs arr\u00eats de tram non desservis<\/p>\n<p class=\" wall-content\">La circulation est <strong>suspendue entre les stations Rotonde et Parc des Sports pour la ligne A<\/strong>, et <strong>entre Rotonde et Poteries pour la ligne D<\/strong>.<\/p>\n<p class=\" wall-content\">Afin de limiter l\u2019impact pour les usagers, la CTS a d\u00e9ploy\u00e9 des <strong>bus de remplacement<\/strong> sur les tron\u00e7ons concern\u00e9s.<\/p>\n<p>Pas de retour \u00e0 la normale avant jeudi au moins<\/p>\n<p class=\" wall-content\">Dans un communiqu\u00e9, la compagnie fait savoir que les \u00e9quipes techniques sont mobilis\u00e9es pour r\u00e9parer les installations.<\/p>\n<p class=\" wall-content\">Cependant, en raison de la <strong>complexit\u00e9 des op\u00e9rations<\/strong> \u2013 n\u00e9cessitant l\u2019intervention de v\u00e9hicules de levage sp\u00e9cialis\u00e9s \u2013 <strong>la reprise du trafic n\u2019est pas envisag\u00e9e avant le d\u00e9but de l\u2019exploitation du jeudi 5 juin au plus t\u00f4t<\/strong>.<\/p>\n<p class=\" wall-content\">Pour suivre l\u2019\u00e9volution de la situation, les usagers sont invit\u00e9s \u00e0 consulter les informations en temps r\u00e9el sur le compte X CTS_Infos Trafic.<\/p>\n<p class=\" wall-content\">Suivez toute l\u2019actualit\u00e9 de vos villes et m\u00e9dias favoris en vous inscrivant \u00e0 <a href=\"https:\/\/moncompte.actu.fr\" title=\"D\u00e9couvez Mon Actu\" rel=\"nofollow noopener\" data-trk=\"{&quot;cta&quot;:{&quot;action&quot;:&quot;https:\\\/\\\/moncompte.actu.fr&quot;,&quot;category&quot;:&quot;mon compte&quot;,&quot;from&quot;:&quot;article footer&quot;,&quot;name&quot;:&quot;Mon actu&quot;,&quot;type&quot;:&quot;cta&quot;}}\" target=\"_blank\">Mon Actu<\/a>.<\/p>\n<ul class=\"ac-article-tag wall-content\">\n<li><a href=\"https:\/\/actu.fr\/tag\/compagnie-des-transports-strasbourgeois-cts\" data-trk=\"{&quot;cta&quot;:{&quot;action&quot;:&quot;Compagnie des transports strasbourgeois (CTS)&quot;,&quot;category&quot;:&quot;tag&quot;,&quot;from&quot;:&quot;article footer&quot;,&quot;name&quot;:&quot;Compagnie des transports strasbourgeois (CTS)&quot;,&quot;type&quot;:&quot;cta&quot;}}\" target=\"_blank\" rel=\"noopener\">#Compagnie des transports strasbourgeois (CTS)<\/a><\/li>\n<\/ul>\n","protected":false},"excerpt":{"rendered":"Par Ivan CAPECCHI Publi\u00e9 le 4 juin 2025 \u00e0 8h46 Le trafic CTS est fortement perturb\u00e9 \u00e0 Strasbourg&hellip;\n","protected":false},"author":2,"featured_media":150869,"comment_status":"","ping_status":"","sticky":false,"template":"","format":"standard","meta":{"footnotes":""},"categories":[2820],"tags":[1111,11,7344,1777,674,1011,27,775,12,25,104,640],"class_list":{"0":"post-150868","1":"post","2":"type-post","3":"status-publish","4":"format-standard","5":"has-post-thumbnail","7":"category-strasbourg","8":"tag-actu","9":"tag-actualites","10":"tag-compagnie-des-transports-strasbourgeois-cts","11":"tag-eu","12":"tag-europe","13":"tag-fr","14":"tag-france","15":"tag-grand-est","16":"tag-news","17":"tag-republique-francaise","18":"tag-societe","19":"tag-strasbourg"},"share_on_mastodon":{"url":"https:\/\/pubeurope.com\/@fr\/114623923082906329","error":""},"_links":{"self":[{"href":"https:\/\/www.europesays.com\/fr\/wp-json\/wp\/v2\/posts\/150868","targetHints":{"allow":["GET"]}}],"collection":[{"href":"https:\/\/www.europesays.com\/fr\/wp-json\/wp\/v2\/posts"}],"about":[{"href":"https:\/\/www.europesays.com\/fr\/wp-json\/wp\/v2\/types\/post"}],"author":[{"embeddable":true,"href":"https:\/\/www.europesays.com\/fr\/wp-json\/wp\/v2\/users\/2"}],"replies":[{"embeddable":true,"href":"https:\/\/www.europesays.com\/fr\/wp-json\/wp\/v2\/comments?post=150868"}],"version-history":[{"count":0,"href":"https:\/\/www.europesays.com\/fr\/wp-json\/wp\/v2\/posts\/150868\/revisions"}],"wp:featuredmedia":[{"embeddable":true,"href":"https:\/\/www.europesays.com\/fr\/wp-json\/wp\/v2\/media\/150869"}],"wp:attachment":[{"href":"https:\/\/www.europesays.com\/fr\/wp-json\/wp\/v2\/media?parent=150868"}],"wp:term":[{"taxonomy":"category","embeddable":true,"href":"https:\/\/www.europesays.com\/fr\/wp-json\/wp\/v2\/categories?post=150868"},{"taxonomy":"post_tag","embeddable":true,"href":"https:\/\/www.europesays.com\/fr\/wp-json\/wp\/v2\/tags?post=150868"}],"curies":[{"name":"wp","href":"https:\/\/api.w.org\/{rel}","templated":true}]}}