{"id":150870,"date":"2025-06-04T07:30:10","date_gmt":"2025-06-04T07:30:10","guid":{"rendered":"https:\/\/www.europesays.com\/fr\/150870\/"},"modified":"2025-06-04T07:30:10","modified_gmt":"2025-06-04T07:30:10","slug":"strasbourg-un-camion-arrache-la-ligne-aerienne-du-tram-la-circulation-interrompue-entre-rotonde-et-parc-des-sports-poteries","status":"publish","type":"post","link":"https:\/\/www.europesays.com\/fr\/150870\/","title":{"rendered":"Strasbourg. Un camion arrache la ligne a\u00e9rienne du tram, la circulation interrompue entre Rotonde et Parc des sports\/Poteries"},"content":{"rendered":"<p class=\"xsm-p\">Cet accident a engendr\u00e9 des dommages techniques tr\u00e8s cons\u00e9quents qui ont eu pour effet l\u2019interruption des lignes de tram A et D entre les stations Rotonde et la station Parc des Sports pour le tram A et Poteries pour le tram D, pr\u00e9cise la compagnie dans un communiqu\u00e9.<\/p>\n<p class=\"xsm-p\">La CTS a mis en place des bus de remplacement.<\/p>\n<p class=\"xsm-p\">Les \u00e9quipes techniques de la CTS sont d\u2019ores et d\u00e9j\u00e0 \u00e0 pied d\u2019\u0153uvre pour r\u00e9parer les d\u00e9g\u00e2ts caus\u00e9s et s\u2019attachent \u00e0 restaurer l\u2019ensemble des services au plus vite.<\/p>\n<p class=\"xsm-p\">N\u00e9anmoins, du fait de l\u2019ampleur des travaux \u00e0 mener, lesquels supposent des v\u00e9hicules de levage (camion rail-route et nacelle), le retour \u00e0 la normale n\u2019interviendra pas au mieux avant jeudi 5 juin\u00a0au matin.<\/p>\n<p class=\"xsm-p\">Pour toute information en temps r\u00e9el de l\u2019\u00e9volution de la situation, la CTS recommande \u00e0 ses clients de consulter son compte X\u00a0<a href=\"https:\/\/x.com\/CTS_Infostrafic\" target=\"_blank\" rel=\"nofollow\">CTS_Infos Trafic<\/a>.<\/p>\n","protected":false},"excerpt":{"rendered":"Cet accident a engendr\u00e9 des dommages techniques tr\u00e8s cons\u00e9quents qui ont eu pour effet l\u2019interruption des lignes de&hellip;\n","protected":false},"author":2,"featured_media":150871,"comment_status":"","ping_status":"","sticky":false,"template":"","format":"standard","meta":{"footnotes":""},"categories":[2820],"tags":[119,1111,11,2880,1777,674,107,1011,27,775,12,25,640,2803],"class_list":{"0":"post-150870","1":"post","2":"type-post","3":"status-publish","4":"format-standard","5":"has-post-thumbnail","7":"category-strasbourg","8":"tag-accident","9":"tag-actu","10":"tag-actualites","11":"tag-edition-strasbourg","12":"tag-eu","13":"tag-europe","14":"tag-fil-info","15":"tag-fr","16":"tag-france","17":"tag-grand-est","18":"tag-news","19":"tag-republique-francaise","20":"tag-strasbourg","21":"tag-transport"},"share_on_mastodon":{"url":"https:\/\/pubeurope.com\/@fr\/114623927137138247","error":""},"_links":{"self":[{"href":"https:\/\/www.europesays.com\/fr\/wp-json\/wp\/v2\/posts\/150870","targetHints":{"allow":["GET"]}}],"collection":[{"href":"https:\/\/www.europesays.com\/fr\/wp-json\/wp\/v2\/posts"}],"about":[{"href":"https:\/\/www.europesays.com\/fr\/wp-json\/wp\/v2\/types\/post"}],"author":[{"embeddable":true,"href":"https:\/\/www.europesays.com\/fr\/wp-json\/wp\/v2\/users\/2"}],"replies":[{"embeddable":true,"href":"https:\/\/www.europesays.com\/fr\/wp-json\/wp\/v2\/comments?post=150870"}],"version-history":[{"count":0,"href":"https:\/\/www.europesays.com\/fr\/wp-json\/wp\/v2\/posts\/150870\/revisions"}],"wp:featuredmedia":[{"embeddable":true,"href":"https:\/\/www.europesays.com\/fr\/wp-json\/wp\/v2\/media\/150871"}],"wp:attachment":[{"href":"https:\/\/www.europesays.com\/fr\/wp-json\/wp\/v2\/media?parent=150870"}],"wp:term":[{"taxonomy":"category","embeddable":true,"href":"https:\/\/www.europesays.com\/fr\/wp-json\/wp\/v2\/categories?post=150870"},{"taxonomy":"post_tag","embeddable":true,"href":"https:\/\/www.europesays.com\/fr\/wp-json\/wp\/v2\/tags?post=150870"}],"curies":[{"name":"wp","href":"https:\/\/api.w.org\/{rel}","templated":true}]}}