{"id":150872,"date":"2025-06-04T07:31:11","date_gmt":"2025-06-04T07:31:11","guid":{"rendered":"https:\/\/www.europesays.com\/fr\/150872\/"},"modified":"2025-06-04T07:31:11","modified_gmt":"2025-06-04T07:31:11","slug":"pour-lutter-contre-les-meubles-touristiques-nice-veut-developper-la-location-mixte-pour-les-etudiants","status":"publish","type":"post","link":"https:\/\/www.europesays.com\/fr\/150872\/","title":{"rendered":"Pour lutter contre les meubl\u00e9s touristiques, Nice veut d\u00e9velopper la location mixte pour les \u00e9tudiants"},"content":{"rendered":"<p>Op\u00e9ration s\u00e9duction \u00e0 destination des propri\u00e9taires: la Ville de Nice a pr\u00e9sent\u00e9 mardi le dispositif de la location mixte (1.), mis en \u0153uvre pour la premi\u00e8re fois \u00e0 Nice en 2021.<\/p>\n<p>L\u2019id\u00e9e est de permettre aux propri\u00e9taires de b\u00e9n\u00e9ficier d\u2019une autorisation de changement d\u2019usage en meubl\u00e9 touristique, en conciliant la location \u00e0 des \u00e9tudiants allocataires CAF la majeure partie de l\u2019ann\u00e9e, et \u00e0 des touristes durant les trois ou quatre mois de la haute saison.<\/p>\n<p>Rue Gambetta, r\u00e9sidence \u00ab\u00a0Le C\u00e8dre Bleu\u00a0\u00bb, Ahmad Harak\u00e9 participe \u00e0 ce dispositif. Il est l\u2019un des propri\u00e9taires des 14 logements mixtes mis \u00e0 disposition des \u00e9tudiants, hors (grandes) vacances d\u2019\u00e9t\u00e9. Et il en est tr\u00e8s satisfait. \u00ab\u00a0L\u2019ann\u00e9e est occup\u00e9e facilement par les \u00e9tudiants, et de juin \u00e0 septembre c\u2019est la meilleure p\u00e9riode pour les saisonniers, on loue tr\u00e8s tr\u00e8s bien dans ce quartier, s\u2019enthousiasme-t-il. La rentabilit\u00e9? C\u2019est vite \u00e9tudi\u00e9, on fonce. Et \u00e7a malgr\u00e9 le petit inconv\u00e9nient du tarif plafonn\u00e9 par le Crous pour les \u00e9tudiants.\u00a0\u00bb<\/p>\n<p>Noah, Antibois de 20 ans, vient d\u2019obtenir sa licence de g\u00e9ologie. L\u2019ann\u00e9e prochaine, il continue son cursus \u00e0 Sophia Antipolis, et habitera chez ses parents, \u00e0 Antibes. Il a rendu les cl\u00e9s de son studio ni\u00e7ois de 23m\u00b2 hier matin (545 euros par mois, 344 euros avec les aides) qui sera lou\u00e9 en meubl\u00e9 touristique d\u00e8s le lendemain. <\/p>\n<p>\u00ab\u00a0\u00c0 Nice, on atteint facilement les 600 euros au-dessus de 20m\u00b2, donc c\u2019est int\u00e9ressant\u00a0\u00bb, explique-t-il. Le d\u00e9m\u00e9nagement l\u2019\u00e9t\u00e9? \u00ab\u00a0Pour moi, \u00e7a ne pose pas de probl\u00e8me car je peux retourner chez mes parents, mais pour ceux qui doivent rester trois ans, si tous les \u00e9t\u00e9s il faut d\u00e9m\u00e9nager, c\u2019est beaucoup plus gal\u00e8re.\u00a0\u00bb<\/p>\n<p>Ce dispositif de logement mixte s\u2019int\u00e8gre en fait dans <a href=\"https:\/\/www.nicematin.com\/immobilier\/locations-type-airbnb-a-nice-bientot-des-quotas--981387\" rel=\"nofollow noopener\" target=\"_blank\">la batterie de mesures annonc\u00e9es par Christian Estrosi le 8 avril pour l\u2019automne, afin de r\u00e9guler les locations de meubl\u00e9s touristiques.<\/a> Des quotas devraient notamment \u00eatre instaur\u00e9s dans les quartiers les plus touch\u00e9s.<\/p>\n<p>Lutte contre les meubl\u00e9s touristiques<\/p>\n<p>Anthony Borr\u00e9, premier adjoint au maire de Nice en charge notamment du Logement, esp\u00e8re ainsi que le logement mixte va monter en puissance gr\u00e2ce \u00e0 ce tour de vis en approche. D\u2019autant que sur les 142 logements mixtes existants \u00e0 Nice, 80 sont rentr\u00e9s cette ann\u00e9e.<\/p>\n<p>\u00ab\u00a0En faisant un changement d\u2019usage classique, on aurait impos\u00e9 \u00e0 M. Harak\u00e9 une compensation tr\u00e8s forte et dissuasive pour qu\u2019il investisse dans le logement social, explique-t-il. Il aurait alors \u00e9t\u00e9 oblig\u00e9 de faire de la location longue dur\u00e9e pour rester dans la l\u00e9galit\u00e9. Mais avec la location mixte, c\u2019est gagnant-gagnant. Donc on cherche \u00e0 faire conna\u00eetre un maximum ce dispositif aux syndics, aux agences immobili\u00e8res, aux propri\u00e9taires.\u00a0\u00bb<\/p>\n<p>Alors que la crise du logement touche largement la C\u00f4te d\u2019Azur, Anthony Borr\u00e9 rappelle que Nice est pass\u00e9 de \u00ab\u00a025.000 \u00e9tudiants \u00e0 51.000 en l\u2019espace de 10 ans\u00a0\u00bb. \u00ab\u00a0C\u2019est vrai que ce dispositif, dont on est les pionniers \u00e0 Nice, a eu du mal \u00e0 trouver son rythme de croisi\u00e8re, mais c\u2019est en train de changer aujourd\u2019hui, notamment gr\u00e2ce \u00e0 un partenariat avec le Crous, \u00e0 des propri\u00e9taires courageux, et \u00e0 des agences immobili\u00e8res qui nous ont aid\u00e9s, comme Century 21.\u00a0\u00bb <\/p>\n<p>1. Les propri\u00e9taires int\u00e9ress\u00e9s par ce dispositif peuvent se renseigner aupr\u00e8s de la <a href=\"https:\/\/www.nicecotedazur.org\/services\/logement\/autorisations-de-changements-dusage\/logements-en-meubles-touristiques\/particuliers\/\" target=\"_blank\" rel=\"noopener nofollow\">Mission protection des logements<\/a>.<\/p>\n","protected":false},"excerpt":{"rendered":"Op\u00e9ration s\u00e9duction \u00e0 destination des propri\u00e9taires: la Ville de Nice a pr\u00e9sent\u00e9 mardi le dispositif de la location&hellip;\n","protected":false},"author":2,"featured_media":150873,"comment_status":"","ping_status":"","sticky":false,"template":"","format":"standard","meta":{"footnotes":""},"categories":[2819],"tags":[1111,11,1777,674,1011,27,12,2401,882,25,3366],"class_list":{"0":"post-150872","1":"post","2":"type-post","3":"status-publish","4":"format-standard","5":"has-post-thumbnail","7":"category-nice","8":"tag-actu","9":"tag-actualites","10":"tag-eu","11":"tag-europe","12":"tag-fr","13":"tag-france","14":"tag-news","15":"tag-nice","16":"tag-provence-alpes-cote-dazur","17":"tag-republique-francaise","18":"tag-vie-locale"},"share_on_mastodon":{"url":"https:\/\/pubeurope.com\/@fr\/114623930911409001","error":""},"_links":{"self":[{"href":"https:\/\/www.europesays.com\/fr\/wp-json\/wp\/v2\/posts\/150872","targetHints":{"allow":["GET"]}}],"collection":[{"href":"https:\/\/www.europesays.com\/fr\/wp-json\/wp\/v2\/posts"}],"about":[{"href":"https:\/\/www.europesays.com\/fr\/wp-json\/wp\/v2\/types\/post"}],"author":[{"embeddable":true,"href":"https:\/\/www.europesays.com\/fr\/wp-json\/wp\/v2\/users\/2"}],"replies":[{"embeddable":true,"href":"https:\/\/www.europesays.com\/fr\/wp-json\/wp\/v2\/comments?post=150872"}],"version-history":[{"count":0,"href":"https:\/\/www.europesays.com\/fr\/wp-json\/wp\/v2\/posts\/150872\/revisions"}],"wp:featuredmedia":[{"embeddable":true,"href":"https:\/\/www.europesays.com\/fr\/wp-json\/wp\/v2\/media\/150873"}],"wp:attachment":[{"href":"https:\/\/www.europesays.com\/fr\/wp-json\/wp\/v2\/media?parent=150872"}],"wp:term":[{"taxonomy":"category","embeddable":true,"href":"https:\/\/www.europesays.com\/fr\/wp-json\/wp\/v2\/categories?post=150872"},{"taxonomy":"post_tag","embeddable":true,"href":"https:\/\/www.europesays.com\/fr\/wp-json\/wp\/v2\/tags?post=150872"}],"curies":[{"name":"wp","href":"https:\/\/api.w.org\/{rel}","templated":true}]}}