{"id":150887,"date":"2025-06-04T07:39:11","date_gmt":"2025-06-04T07:39:11","guid":{"rendered":"https:\/\/www.europesays.com\/fr\/150887\/"},"modified":"2025-06-04T07:39:11","modified_gmt":"2025-06-04T07:39:11","slug":"seances-estivales-pour-les-quartiers-font-leur-cinema-%f0%9f%8e%9e","status":"publish","type":"post","link":"https:\/\/www.europesays.com\/fr\/150887\/","title":{"rendered":"S\u00e9ances estivales pour les Quartiers font leur cin\u00e9ma \ud83c\udf9e"},"content":{"rendered":"<p><strong>Les Quartiers font leur cin\u00e9ma<\/strong>\u00a0est une s\u00e9rie de projections de cin\u00e9ma familial dans des salles au coeur des quartiers de Roubaix. Les films ont \u00e9t\u00e9 choisis en concertation avec les habitants pour permettre aux familles de venir avec les plus petits. A chaque fin de s\u00e9ance, un go\u00fbter est offert par le service Culture et propos\u00e9 par des associations de quartiers.<\/p>\n<p>A voir pour le plaisir des petits et des grands :<\/p>\n<ul>\n<li><strong>Mercredi 25 juin \u00e0 14h<\/strong>\u00a0:\u00a0Le dernier Jaguar\u00a0de Gilles de Maistre \u2013 1H40.\u00a0<a href=\"https:\/\/www.ville-roubaix.fr\/agenda\/les-quartiers-font-leur-cinema-est-6540198\" target=\"_blank\" rel=\"noopener\">En savoir +<\/a><\/li>\n<li><strong>Mercredi 2 juillet \u00e0 14h<\/strong>\u00a0:\u00a0L\u00e9o, la fabuleuse histoire de L\u00e9onard de Vinci\u00a0de Jim Capobianco et Pierre-Luc Granjon \u2013 1h39.\u00a0<a href=\"https:\/\/www.ville-roubaix.fr\/agenda\/les-quartiers-font-leur-cinema-nord-6959271\" target=\"_blank\" rel=\"noopener\">En savoir +<\/a><\/li>\n<li><strong>Mercredi 9 juillet \u00e0 14h<\/strong>\u00a0:\u00a0Le royaume de Kensuk\u00e9\u00a0de Neil Boyle et Kirk Hendry \u2013 1h24.\u00a0<a href=\"https:\/\/www.ville-roubaix.fr\/agenda\/les-quartiers-font-leur-cinema-ouest-8274565\" target=\"_blank\" rel=\"noopener\">En savoir +<\/a><\/li>\n<li><strong>Mercredi 16 juillet \u00e0 14h<\/strong>\u00a0:\u00a0E.T L\u2019extraterrestre\u00a0de Steven Spielberg \u2013 2h00.\u00a0<a href=\"https:\/\/www.ville-roubaix.fr\/agenda\/les-quartiers-font-leur-cinema-centre-4728227\" target=\"_blank\" rel=\"noopener\">En savoir +<\/a><\/li>\n<li><strong>Mercredi 30 juillet \u00e0 14h<\/strong>\u00a0:\u00a0Migration\u00a0de Benjamin Renner et Guylo Homsy \u2013 1h22.\u00a0<a href=\"https:\/\/www.ville-roubaix.fr\/agenda\/les-quartiers-font-leur-cinema-sud-146051\" target=\"_blank\" rel=\"noopener\">En savoir +<\/a><\/li>\n<\/ul>\n","protected":false},"excerpt":{"rendered":"Les Quartiers font leur cin\u00e9ma\u00a0est une s\u00e9rie de projections de cin\u00e9ma familial dans des salles au coeur des&hellip;\n","protected":false},"author":2,"featured_media":150888,"comment_status":"","ping_status":"","sticky":false,"template":"","format":"standard","meta":{"footnotes":""},"categories":[2815],"tags":[1111,11,650,1777,674,1011,27,811,1307,12,5116,25],"class_list":{"0":"post-150887","1":"post","2":"type-post","3":"status-publish","4":"format-standard","5":"has-post-thumbnail","7":"category-lille","8":"tag-actu","9":"tag-actualites","10":"tag-cinema","11":"tag-eu","12":"tag-europe","13":"tag-fr","14":"tag-france","15":"tag-hauts-de-france","16":"tag-lille","17":"tag-news","18":"tag-quartiers","19":"tag-republique-francaise"},"share_on_mastodon":{"url":"https:\/\/pubeurope.com\/@fr\/114623962405765105","error":""},"_links":{"self":[{"href":"https:\/\/www.europesays.com\/fr\/wp-json\/wp\/v2\/posts\/150887","targetHints":{"allow":["GET"]}}],"collection":[{"href":"https:\/\/www.europesays.com\/fr\/wp-json\/wp\/v2\/posts"}],"about":[{"href":"https:\/\/www.europesays.com\/fr\/wp-json\/wp\/v2\/types\/post"}],"author":[{"embeddable":true,"href":"https:\/\/www.europesays.com\/fr\/wp-json\/wp\/v2\/users\/2"}],"replies":[{"embeddable":true,"href":"https:\/\/www.europesays.com\/fr\/wp-json\/wp\/v2\/comments?post=150887"}],"version-history":[{"count":0,"href":"https:\/\/www.europesays.com\/fr\/wp-json\/wp\/v2\/posts\/150887\/revisions"}],"wp:featuredmedia":[{"embeddable":true,"href":"https:\/\/www.europesays.com\/fr\/wp-json\/wp\/v2\/media\/150888"}],"wp:attachment":[{"href":"https:\/\/www.europesays.com\/fr\/wp-json\/wp\/v2\/media?parent=150887"}],"wp:term":[{"taxonomy":"category","embeddable":true,"href":"https:\/\/www.europesays.com\/fr\/wp-json\/wp\/v2\/categories?post=150887"},{"taxonomy":"post_tag","embeddable":true,"href":"https:\/\/www.europesays.com\/fr\/wp-json\/wp\/v2\/tags?post=150887"}],"curies":[{"name":"wp","href":"https:\/\/api.w.org\/{rel}","templated":true}]}}