{"id":150889,"date":"2025-06-04T07:40:13","date_gmt":"2025-06-04T07:40:13","guid":{"rendered":"https:\/\/www.europesays.com\/fr\/150889\/"},"modified":"2025-06-04T07:40:13","modified_gmt":"2025-06-04T07:40:13","slug":"marseille-et-lyon-veulent-signer-mitchel-bakker","status":"publish","type":"post","link":"https:\/\/www.europesays.com\/fr\/150889\/","title":{"rendered":"Marseille et Lyon veulent signer Mitchel Bakker"},"content":{"rendered":"<p style=\"text-align: justify;\"><strong>TRANSFERTS LENS \u2013 De retour \u00e0 l\u2019Atalanta, Mitchel Bakker est dans le viseur de Marseille, Lyon mais aussi de son ancien club, Lille.<\/strong><\/p>\n<p style=\"text-align: justify;\">R\u00e9v\u00e9l\u00e9 en France gr\u00e2ce \u00e0 son passage au Paris Saint-Germain, <strong>Mitchel<\/strong> <strong>Bakker<\/strong> est depuis pass\u00e9 par <strong>Leverkusen<\/strong> et l\u2019<strong>Atalanta<\/strong>. Pr\u00eat\u00e9 \u00e0 <strong>Lille<\/strong> par le club italien, le lat\u00e9ral gauche de 24 ans reste sur une saison pleine dans le groupe de <strong>Bruno<\/strong> <strong>G\u00e9n\u00e9sio<\/strong>. Retourn\u00e9 en Italie \u00e0 la fin de son pr\u00eat, il pourrait vite revenir en Ligue 1 selon <a href=\"https:\/\/www.telegraaf.nl\/sport\/voetbal\/marseille-lyon-en-lille-strijden-om-mitchel-bakker-24\/70051450.html?utm_medium=referral&amp;utm_campaign=share\" target=\"_blank\" rel=\"noopener\">De Telegraaf<\/a>.<\/p>\n<p>Mitchel Bakker de retour en Ligue 1 ?<\/p>\n<p style=\"text-align: justify;\">En effet le <strong>LOSC<\/strong> n\u2019aurait pas abandonn\u00e9 l\u2019id\u00e9e de le recruter d\u00e9finitivement alors que sa valeur est estim\u00e9e \u00e0 sept millions d\u2019euros. Mais les Dogues ont de la concurrence sur ce dossier puisque l\u2019Olympique Lyonnais est aussi en qu\u00eate d\u2019un lat\u00e9ral gauche pour remplacer <strong>Nicol\u00e1s<\/strong> <strong>Tagliafico<\/strong>. Mais Lyon est dans le rouge d\u2019un point de vue comptable et un transfert semble compliqu\u00e9 \u00e0 cette date.<\/p>\n<p style=\"text-align: justify;\">L\u2019<strong>Olympique de Marseille<\/strong> est aussi sur le coup et pour cause, la recrue <strong>Amar<\/strong> <strong>Dedic<\/strong> n\u2019a pas vraiment convaincu et pourrait d\u00e9j\u00e0 quitter le club. Il faut noter que Quentin Merlin, titulaire au poste, est aussi convoit\u00e9 en <strong>Premier<\/strong> <strong>League<\/strong>. <strong>Mitchel<\/strong> <strong>Bakker<\/strong> pourrait donc \u00eatre la solution idoine pour <strong>Pablo<\/strong> <strong>Longoria<\/strong> et <strong>Roberto<\/strong>\u00a0De <strong>Zerbi.<\/strong> Affaire \u00e0 suivre donc dans ses prochains jours de mercato mais <strong>Lille<\/strong> semble avoir une longueur d\u2019avance \u00e0 date.<\/p>\n<p><a href=\"https:\/\/dicodusport.fr\/blog\/transferts-lens-facundo-medina-tout-proche-de-marseille\/\" class=\"vlp-link\" title=\"Transferts Lens : Facundo Medina tout proche de Marseille\" target=\"_blank\" rel=\"noopener\"><img loading=\"lazy\" decoding=\"async\" style=\"max-width: 792px;\" width=\"792\" height=\"445\" class=\"attachment-800x445 size-800x445 perfmatters-lazy\" alt=\"Transferts Lens : Facundo Medina tout proche de Marseille\" src=\"https:\/\/www.europesays.com\/fr\/wp-content\/uploads\/2025\/06\/Transferts-Lens-Facundo-Medina-tout-proche-de-Marseille.png\"  data-\/><\/p>\n<p>Transferts Lens : Facundo Medina tout proche de Marseille<\/p>\n<p>TRANSFERTS LENS &#8211; Disposant d\u00e9j\u00e0 de plusieurs joueurs argentins dans son effectif, l&rsquo;OM pourrait accueillir prochainement le d\u00e9fenseur central de Lens, Facundo Medina.<\/p>\n<p>Lire l&rsquo;article<\/p>\n<p>dicodusport.fr<\/p>\n","protected":false},"excerpt":{"rendered":"TRANSFERTS LENS \u2013 De retour \u00e0 l\u2019Atalanta, Mitchel Bakker est dans le viseur de Marseille, Lyon mais aussi&hellip;\n","protected":false},"author":2,"featured_media":150890,"comment_status":"","ping_status":"","sticky":false,"template":"","format":"standard","meta":{"footnotes":""},"categories":[2815],"tags":[1111,11,2113,1777,674,1011,27,811,1307,884,4673,12,149,25],"class_list":{"0":"post-150889","1":"post","2":"type-post","3":"status-publish","4":"format-standard","5":"has-post-thumbnail","7":"category-lille","8":"tag-actu","9":"tag-actualites","10":"tag-breve","11":"tag-eu","12":"tag-europe","13":"tag-fr","14":"tag-france","15":"tag-hauts-de-france","16":"tag-lille","17":"tag-marseille","18":"tag-mitchel-bakker","19":"tag-news","20":"tag-om","21":"tag-republique-francaise"},"share_on_mastodon":{"url":"https:\/\/pubeurope.com\/@fr\/114623966546581612","error":""},"_links":{"self":[{"href":"https:\/\/www.europesays.com\/fr\/wp-json\/wp\/v2\/posts\/150889","targetHints":{"allow":["GET"]}}],"collection":[{"href":"https:\/\/www.europesays.com\/fr\/wp-json\/wp\/v2\/posts"}],"about":[{"href":"https:\/\/www.europesays.com\/fr\/wp-json\/wp\/v2\/types\/post"}],"author":[{"embeddable":true,"href":"https:\/\/www.europesays.com\/fr\/wp-json\/wp\/v2\/users\/2"}],"replies":[{"embeddable":true,"href":"https:\/\/www.europesays.com\/fr\/wp-json\/wp\/v2\/comments?post=150889"}],"version-history":[{"count":0,"href":"https:\/\/www.europesays.com\/fr\/wp-json\/wp\/v2\/posts\/150889\/revisions"}],"wp:featuredmedia":[{"embeddable":true,"href":"https:\/\/www.europesays.com\/fr\/wp-json\/wp\/v2\/media\/150890"}],"wp:attachment":[{"href":"https:\/\/www.europesays.com\/fr\/wp-json\/wp\/v2\/media?parent=150889"}],"wp:term":[{"taxonomy":"category","embeddable":true,"href":"https:\/\/www.europesays.com\/fr\/wp-json\/wp\/v2\/categories?post=150889"},{"taxonomy":"post_tag","embeddable":true,"href":"https:\/\/www.europesays.com\/fr\/wp-json\/wp\/v2\/tags?post=150889"}],"curies":[{"name":"wp","href":"https:\/\/api.w.org\/{rel}","templated":true}]}}