{"id":150895,"date":"2025-06-04T07:43:13","date_gmt":"2025-06-04T07:43:13","guid":{"rendered":"https:\/\/www.europesays.com\/fr\/150895\/"},"modified":"2025-06-04T07:43:13","modified_gmt":"2025-06-04T07:43:13","slug":"top-500-des-lyonnais-une-7eme-edition-parrainee-par-laurent-abitbol","status":"publish","type":"post","link":"https:\/\/www.europesays.com\/fr\/150895\/","title":{"rendered":"Top 500 des Lyonnais. Une 7\u00e8me \u00e9dition parrain\u00e9e par Laurent Abitbol &#8211;"},"content":{"rendered":"<p>\t\t\t\t<img fetchpriority=\"high\" decoding=\"async\" width=\"714\" height=\"900\" src=\"https:\/\/www.europesays.com\/fr\/wp-content\/uploads\/2025\/06\/Couverture-TOP-500_2025.jpg\" alt=\"\" title=\"Couverture TOP 500_2025\"   class=\"wp-image-160319\"\/><\/p>\n<p>La couverture 2025 est sign\u00e9e Ghislain Lain\u00e9<\/p>\n<p>Lyon People d\u00e9voile la 7\u1d49 \u00e9dition de son prestigieux Top 500 des Lyonnais, le guide de r\u00e9f\u00e9rence des personnalit\u00e9s qui font rayonner la m\u00e9tropole. Cette nouvelle \u00e9dition est plac\u00e9e sous le parrainage exceptionnel de <strong>Laurent Abitbol<\/strong>, pr\u00e9sident de Havas Voyages, S\u00e9lectour Voyages et du groupe Marietton, figure embl\u00e9matique du secteur du tourisme.<\/p>\n<p><strong>Une publication num\u00e9rique consultable sur site lyonpeople.com<\/strong><\/p>\n<p><img loading=\"lazy\" decoding=\"async\" class=\"alignnone size-full wp-image-160331\" src=\"data:image\/svg+xml,%3Csvg%20xmlns=\" http:=\"\" alt=\"\" width=\"900\" height=\"600\" data-lazy- data-lazy- data-lazy-src=\"https:\/\/www.europesays.com\/fr\/wp-content\/uploads\/2025\/06\/Soiree-Top-500-Lyon-People-1.jpg\"\/><\/p>\n<p>La version num\u00e9rique du Top 500 des Lyonnais est en ligne depuis le 3 juin 2025 sur le site <strong><a href=\"https:\/\/issuu.com\/lyonpeople\/docs\/top_500_des_lyonnais_2025\" rel=\"nofollow noopener\" target=\"_blank\">www.lyonpeople.com<\/a><\/strong>. Cette \u00e9dition mettra en lumi\u00e8re 70 nouveaux portraits de personnalit\u00e9s influentes qui font bouger Lyon dans tous les domaines : \u00e9conomie, culture, politique, sport, entrepreneuriat\u2026<\/p>\n<p><strong>Une soir\u00e9e de prestige plac\u00e9e sous le th\u00e8me du voyage<\/strong><\/p>\n<p>La soir\u00e9e officielle de lancement se tiendra le 19 juin 2025, dans une ambiance plac\u00e9e sous le signe du voyage, clin d\u2019\u0153il \u00e0 la carri\u00e8re de son parrain. Lors de cet \u00e9v\u00e9nement exclusif, les invit\u00e9s d\u00e9couvriront en avant-premi\u00e8re l\u2019\u00e9dition collector en cuir, un objet d\u2019exception devenu incontournable au fil des ann\u00e9es.<\/p>\n<p><strong>Une pr\u00e9sentation assur\u00e9e par l\u2019\u00e9quipe de Lyon People<\/strong><\/p>\n<p><img loading=\"lazy\" decoding=\"async\" class=\"alignnone size-full wp-image-160320\" src=\"data:image\/svg+xml,%3Csvg%20xmlns=\" http:=\"\" alt=\"\" width=\"900\" height=\"608\" data-lazy- data-lazy- data-lazy-src=\"https:\/\/www.europesays.com\/fr\/wp-content\/uploads\/2025\/06\/equipe-Lyon-people-TOP-500-1.jpg\"\/><\/p>\n<p>La soir\u00e9e sera anim\u00e9e par <strong>Nicolas Winckler<\/strong>, directeur de la publication, et <strong>Marco Polisson<\/strong>, directeur de la r\u00e9daction, avec la participation de <strong>Cl\u00e9mence Bricon<\/strong>, directrice du Top 500 des Lyonnais, qui pilote avec exigence et passion cette \u00e9dition 2025.<\/p>\n<p><strong>Un guide devenu une r\u00e9f\u00e9rence<\/strong><\/p>\n<p>Depuis sa cr\u00e9ation, le Top 500 s\u2019est impos\u00e9 comme la vitrine de l\u2019influence lyonnaise, en rendant hommage \u00e0 celles et ceux qui fa\u00e7onnent l\u2019identit\u00e9 et l\u2019avenir de la ville. Chaque portrait y est r\u00e9alis\u00e9 avec soin, dans une mise en page \u00e9l\u00e9gante, fid\u00e8le \u00e0 l\u2019esprit Lyon People.<\/p>\n","protected":false},"excerpt":{"rendered":"La couverture 2025 est sign\u00e9e Ghislain Lain\u00e9 Lyon People d\u00e9voile la 7\u1d49 \u00e9dition de son prestigieux Top 500&hellip;\n","protected":false},"author":2,"featured_media":150896,"comment_status":"","ping_status":"","sticky":false,"template":"","format":"standard","meta":{"footnotes":""},"categories":[1889],"tags":[4257,1111,11,2430,1777,674,1011,27,2428,12,25,28028],"class_list":{"0":"post-150895","1":"post","2":"type-post","3":"status-publish","4":"format-standard","5":"has-post-thumbnail","7":"category-lyon","8":"tag-0top","9":"tag-actu","10":"tag-actualites","11":"tag-auvergne-rhone-alpes","12":"tag-eu","13":"tag-europe","14":"tag-fr","15":"tag-france","16":"tag-lyon","17":"tag-news","18":"tag-republique-francaise","19":"tag-top-500-des-lyonnais"},"share_on_mastodon":{"url":"https:\/\/pubeurope.com\/@fr\/114623978433938153","error":""},"_links":{"self":[{"href":"https:\/\/www.europesays.com\/fr\/wp-json\/wp\/v2\/posts\/150895","targetHints":{"allow":["GET"]}}],"collection":[{"href":"https:\/\/www.europesays.com\/fr\/wp-json\/wp\/v2\/posts"}],"about":[{"href":"https:\/\/www.europesays.com\/fr\/wp-json\/wp\/v2\/types\/post"}],"author":[{"embeddable":true,"href":"https:\/\/www.europesays.com\/fr\/wp-json\/wp\/v2\/users\/2"}],"replies":[{"embeddable":true,"href":"https:\/\/www.europesays.com\/fr\/wp-json\/wp\/v2\/comments?post=150895"}],"version-history":[{"count":0,"href":"https:\/\/www.europesays.com\/fr\/wp-json\/wp\/v2\/posts\/150895\/revisions"}],"wp:featuredmedia":[{"embeddable":true,"href":"https:\/\/www.europesays.com\/fr\/wp-json\/wp\/v2\/media\/150896"}],"wp:attachment":[{"href":"https:\/\/www.europesays.com\/fr\/wp-json\/wp\/v2\/media?parent=150895"}],"wp:term":[{"taxonomy":"category","embeddable":true,"href":"https:\/\/www.europesays.com\/fr\/wp-json\/wp\/v2\/categories?post=150895"},{"taxonomy":"post_tag","embeddable":true,"href":"https:\/\/www.europesays.com\/fr\/wp-json\/wp\/v2\/tags?post=150895"}],"curies":[{"name":"wp","href":"https:\/\/api.w.org\/{rel}","templated":true}]}}