{"id":150905,"date":"2025-06-04T07:49:13","date_gmt":"2025-06-04T07:49:13","guid":{"rendered":"https:\/\/www.europesays.com\/fr\/150905\/"},"modified":"2025-06-04T07:49:13","modified_gmt":"2025-06-04T07:49:13","slug":"un-medecin-brutal-dun-hopital-de-paris-suspendu-apres-avoir-consulte-le-dossier-dune-celebrite","status":"publish","type":"post","link":"https:\/\/www.europesays.com\/fr\/150905\/","title":{"rendered":"un m\u00e9decin \u00ab\u00a0brutal\u00a0\u00bb d&rsquo;un h\u00f4pital de Paris suspendu apr\u00e8s avoir consult\u00e9 le dossier d&rsquo;une c\u00e9l\u00e9brit\u00e9"},"content":{"rendered":"<p>            Par<br \/>\n        <strong><br \/>\n            <a href=\"https:\/\/actu.fr\/auteur\/thomas-martin\" title=\"Consulter tous les articles de Thomas Martin\" target=\"_blank\" rel=\"noopener\">Thomas Martin<\/a><br \/>\n        <\/strong><\/p>\n<p>        Publi\u00e9 le<\/p>\n<p>            4 juin 2025 \u00e0 6h14        <\/p>\n<p>Un professeur de m\u00e9decine suspendu c\u2019est assez rare. C\u2019est pourtant ce qui est arriv\u00e9 en juin 2024 \u00e0 Bertrand X., m\u00e9decin de l\u2019<strong>h\u00f4pital Cochin<\/strong> dans le 14e arrondissement de Paris, apr\u00e8s avoir consult\u00e9 sans autorisation le dossier m\u00e9dical d\u2019une \u00ab\u00a0c\u00e9l\u00e9brit\u00e9\u00a0\u00bb confi\u00e9e \u00e0 l\u2019Assistance publique \u2013 H\u00f4pitaux de Paris (<a href=\"https:\/\/actu.fr\/tag\/aphp\" target=\"_blank\" rel=\"noopener\">AP-HP<\/a>). Une d\u00e9cision contest\u00e9e par le praticien qui est all\u00e9 jusqu\u2019au <a href=\"https:\/\/actu.fr\/tag\/conseil-d-etat\" target=\"_blank\" rel=\"noopener\">Conseil d\u2019Etat<\/a> pour d\u00e9fendre sa cause. Mais, outre la consultation du dossier, la proc\u00e9dure a mis en exergue d\u2019autres griefs contre le professeur.\u00a0<\/p>\n<p>\u00ab\u00a0Des remarques racistes et sexistes\u00a0\u00bb<\/p>\n<p class=\" wall-content\">Le Pr Bertrand X.\u00a0 s\u2019\u00e9tait surtout vu reprocher des \u00ab\u00a0comportements et attitudes inappropri\u00e9s\u00a0\u00bb vis-\u00e0-vis des patients et du personnel, comme \u00ab\u00a0des remarques sexistes et racistes\u00a0\u00bb relate le Conseil d\u2019Etat dans un arr\u00eat en date du 4 avril 2025 qui vient d\u2019\u00eatre rendu public.<\/p>\n<p class=\" wall-content\">\u00ab\u00a0La mesure de suspension (\u2026) rev\u00eat un caract\u00e8re conservatoire et ne constitue pas par elle-m\u00eame une sanction, de sorte qu\u2019elle n\u2019est pas au nombre des d\u00e9cisions qui doivent \u00eatre motiv\u00e9es\u00a0\u00bb, commence par faire observer la plus haute juridiction administrative fran\u00e7aise.<\/p>\n<p class=\" wall-content\">Sur le fond du dossier, les juges rappellent qu\u2019un \u00ab\u00a0rapport d\u2019audit\u00a0\u00bb en mai 2023 avait reproch\u00e9 au Pr Bertrand X.\u00a0 des \u00ab\u00a0acc\u00e8s injustifi\u00e9s \u00e0 quatre reprises au dossier m\u00e9dical d\u2019une personnalit\u00e9 connue\u00a0\u00bb.<\/p>\n<p class=\" wall-content\">\u00ab\u00a0En se bornant \u00e0 indiquer que les connexions en cause ne sauraient lui \u00eatre reproch\u00e9es au motif qu\u2019il \u00e9tait occup\u00e9 par ailleurs aux horaires en cause, que son poste de travail est librement accessible et que le partage de codes d\u2019acc\u00e8s est courant au sein de l\u2019h\u00f4pital, M. X. (\u2026) n\u2019apporte pas d\u2019\u00e9l\u00e9ment suffisant pour remettre en cause la vraisemblance des faits reproch\u00e9s\u00a0\u00bb, estime le Conseil d\u2019Etat. \u00ab\u00a0Il lui appartient en tout \u00e9tat de cause de veiller \u00e0 la confidentialit\u00e9 des syst\u00e8mes d\u2019information auxquels il lui est donn\u00e9 acc\u00e8s.\u00a0\u00bb<\/p>\n<p>Une enqu\u00eate administrative accablante<\/p>\n<p class=\" wall-content\">Pour le reste, une enqu\u00eate administrative a \u00e9t\u00e9 \u00e9t\u00e9 men\u00e9e en f\u00e9vrier 2023 : elle fait \u00e9tat de \u00ab\u00a0t\u00e9moignages circonstanci\u00e9s et concordants\u00a0\u00bb et de \u00ab\u00a0trois signalements\u00a0\u00bb recueillis en d\u00e9cembre 2023 sur des \u00ab\u00a0faits contemporains\u00a0\u00bb. Le m\u00e9decin de l\u2019h\u00f4pital Cochin aurait notamment \u00ab\u00a0adopt\u00e9 \u00e0 plusieurs reprises une attitude et tenu des propos irrespectueux \u00e0 l\u2019encontre des personnels de l\u2019AP-HP\u00a0\u00bb. \u00ab\u00a0Les propos (\u2026) attribu\u00e9s \u00e0 l\u2019int\u00e9ress\u00e9 pourraient, de par leur nature r\u00e9p\u00e9t\u00e9e, \u00eatre qualifi\u00e9s de sexistes et racistes\u00a0\u00bb, consid\u00e8re le Conseil d\u2019Etat.<\/p>\n<p class=\" wall-content\">\u00ab\u00a0Divers t\u00e9moignages joints au dossier rapportent \u00e9galement un comportement inappropri\u00e9 de M. X. vis-\u00e0-vis de ses patients\u00a0\u00bb, soulignent les juges parisiens. \u00ab\u00a0En particulier, (\u2026) les signalements de d\u00e9cembre 2022 font \u00e9tat d\u2019\u00e9v\u00e9nements ind\u00e9sirables graves (\u2026), notamment une attitude \u00ab\u00a0agressive\u00a0\u00bb de la part de l\u2019int\u00e9ress\u00e9 vis-\u00e0-vis d\u2019une patiente lors d\u2019un toucher rectal.\u00a0\u00bb<\/p>\n<p>    <a href=\"https:\/\/email.publihebdos.com\/form?lid=Mqc7o19yVDtMEo2FE8aUtw2\" title=\"Ouvrie le lien\" target=\"_blank\" rel=\"noopener\">Cliquez ici pour visualiser le contenu<\/a><\/p>\n<p class=\" wall-content\">\u00ab\u00a0Le compte-rendu de la r\u00e9union du 24 avril 2023 souligne en outre des interactions \u00ab\u00a0brutales\u00a0\u00bb avec la patient\u00e8le en raison de \u00ab\u00a0propos orduriers\u00a0\u00bb, voire \u00ab\u00a0culpabilisants\u00a0\u00bb, ainsi qu\u2019une \u00ab\u00a0absence de pr\u00e9caution r\u00e9p\u00e9t\u00e9e\u00a0\u00bb du praticien lors de ses consultations\u00a0\u00bb, souligne le Conseil d\u2019Etat. \u00ab\u00a0Les faits reproch\u00e9s (\u2026) sont d\u2019une vraisemblance et d\u2019une gravit\u00e9 suffisantes pour justifier l\u2019\u00e9diction, dans l\u2019attente de l\u2019issue de la proc\u00e9dure disciplinaire engag\u00e9e, d\u2019une mesure de suspension temporaire\u00a0\u00bb, en conclut-il.<\/p>\n<p class=\" wall-content\"><strong>IP-PressPepper<\/strong><\/p>\n<p class=\" wall-content\">Suivez toute l\u2019actualit\u00e9 de vos villes et m\u00e9dias favoris en vous inscrivant \u00e0 <a href=\"https:\/\/moncompte.actu.fr\" title=\"D\u00e9couvez Mon Actu\" rel=\"nofollow noopener\" data-trk=\"{&quot;cta&quot;:{&quot;action&quot;:&quot;https:\\\/\\\/moncompte.actu.fr&quot;,&quot;category&quot;:&quot;mon compte&quot;,&quot;from&quot;:&quot;article footer&quot;,&quot;name&quot;:&quot;Mon actu&quot;,&quot;type&quot;:&quot;cta&quot;}}\" target=\"_blank\">Mon Actu<\/a>.<\/p>\n","protected":false},"excerpt":{"rendered":"Par Thomas Martin Publi\u00e9 le 4 juin 2025 \u00e0 6h14 Un professeur de m\u00e9decine suspendu c\u2019est assez rare.&hellip;\n","protected":false},"author":2,"featured_media":150906,"comment_status":"","ping_status":"","sticky":false,"template":"","format":"standard","meta":{"footnotes":""},"categories":[1888],"tags":[11,15182,2760,1777,674,118,1011,27,12,626,25],"class_list":{"0":"post-150905","1":"post","2":"type-post","3":"status-publish","4":"format-standard","5":"has-post-thumbnail","7":"category-paris","8":"tag-actualites","9":"tag-aphp","10":"tag-conseil-detat","11":"tag-eu","12":"tag-europe","13":"tag-faits-divers","14":"tag-fr","15":"tag-france","16":"tag-news","17":"tag-paris","18":"tag-republique-francaise"},"share_on_mastodon":{"url":"https:\/\/pubeurope.com\/@fr\/114624001673207565","error":""},"_links":{"self":[{"href":"https:\/\/www.europesays.com\/fr\/wp-json\/wp\/v2\/posts\/150905","targetHints":{"allow":["GET"]}}],"collection":[{"href":"https:\/\/www.europesays.com\/fr\/wp-json\/wp\/v2\/posts"}],"about":[{"href":"https:\/\/www.europesays.com\/fr\/wp-json\/wp\/v2\/types\/post"}],"author":[{"embeddable":true,"href":"https:\/\/www.europesays.com\/fr\/wp-json\/wp\/v2\/users\/2"}],"replies":[{"embeddable":true,"href":"https:\/\/www.europesays.com\/fr\/wp-json\/wp\/v2\/comments?post=150905"}],"version-history":[{"count":0,"href":"https:\/\/www.europesays.com\/fr\/wp-json\/wp\/v2\/posts\/150905\/revisions"}],"wp:featuredmedia":[{"embeddable":true,"href":"https:\/\/www.europesays.com\/fr\/wp-json\/wp\/v2\/media\/150906"}],"wp:attachment":[{"href":"https:\/\/www.europesays.com\/fr\/wp-json\/wp\/v2\/media?parent=150905"}],"wp:term":[{"taxonomy":"category","embeddable":true,"href":"https:\/\/www.europesays.com\/fr\/wp-json\/wp\/v2\/categories?post=150905"},{"taxonomy":"post_tag","embeddable":true,"href":"https:\/\/www.europesays.com\/fr\/wp-json\/wp\/v2\/tags?post=150905"}],"curies":[{"name":"wp","href":"https:\/\/api.w.org\/{rel}","templated":true}]}}