{"id":150915,"date":"2025-06-04T07:54:09","date_gmt":"2025-06-04T07:54:09","guid":{"rendered":"https:\/\/www.europesays.com\/fr\/150915\/"},"modified":"2025-06-04T07:54:09","modified_gmt":"2025-06-04T07:54:09","slug":"la-princesse-lilibet-fete-ses-quatre-ans-ce-petit-detail-qui-la-rapproche-de-sa-famille-restee-au-royaume-uni","status":"publish","type":"post","link":"https:\/\/www.europesays.com\/fr\/150915\/","title":{"rendered":"La princesse Lilibet f\u00eate ses quatre ans\u00a0: ce petit d\u00e9tail qui la rapproche de sa famille rest\u00e9e au Royaume-Uni"},"content":{"rendered":"<p><a href=\"https:\/\/www.parismatch.be\/actualites\/people\/2025\/06\/03\/un-faux-prince-a-reussi-a-berner-charles-iii-et-camilla-pendant-plusieurs-annees-cela-me-met-en-colere-et-me-frustre-6LMQEYUGCZD73ATCYH7SF4AIIE\/\" target=\"_blank\" rel=\"noopener noreferrer nofollow\" class=\"ap-StoryInterstitialLink ap-StoryElement ap-StoryElement--mb\">Un \u00ab\u00a0faux prince\u00a0\u00bb a r\u00e9ussi \u00e0 berner Charles III et Camilla pendant plusieurs ann\u00e9es : \u00ab\u00a0Cela me met en col\u00e8re et me frustre\u00a0\u00bb<\/a>Un lien avec Londres<\/p>\n<p class=\"ap-StoryElement ap-StoryElement--mb ap-StoryText\">Lilibet est n\u00e9e en 2021, soit apr\u00e8s l&rsquo;exil de ses parents aux \u00c9tats-Unis et la rupture quasi totale des liens avec Buckingham. La princesse n&rsquo;a donc jamais v\u00e9cu sur la terre de ses anc\u00eatres. Mais d&rsquo;apr\u00e8s certaines r\u00e9v\u00e9lations, il semblerait que la petite fille ait tout de m\u00eame un c\u00f4t\u00e9 \u00ab\u00a0british\u00a0\u00bb, rep\u00e9rable \u00e0 son langage.<\/p>\n<p class=\"ap-StoryElement ap-StoryElement--mb ap-StoryText\">Ce n&rsquo;est pas un secret, les enfants imitent bien souvent leurs parents. Et comme le rappelle Point de Vue, Lilibet a adopt\u00e9 la fa\u00e7on de parler de son papa, le prince Harry, et poss\u00e8de donc aujourd&rsquo;hui un petit accent anglais pour certains mots, bien qu&rsquo;elle ait toujours v\u00e9cu aux \u00c9tats-Unis. \u00ab\u00a0Ils disent quelques mots avec l&rsquo;accent britannique, notamment &lsquo;z\u00e8bre&rsquo;. Ils ont ces petits moments o\u00f9 \u00e7a sort, car ils ont un accent tr\u00e8s am\u00e9ricain, mais ils prononcent quelques mots comme leur p\u00e8re, et je trouve cela adorable\u00a0\u00bb, disait Meghan Markle \u00e0 propos de ses enfants, sur le plateau du Drew Barrymore Show.<\/p>\n<p><a href=\"https:\/\/www.parismatch.be\/actualites\/people\/2025\/06\/03\/pourquoi-rajwa-de-jordanie-ne-sera-jamais-princesse-heritiere-malgre-son-mariage-avec-le-prince-hussein-WDH7ACLF6ZEORBUUQTGZYDZRQM\/\" target=\"_blank\" rel=\"noopener noreferrer nofollow\" class=\"ap-StoryInterstitialLink ap-StoryElement ap-StoryElement--mb\">Pourquoi Rajwa de Jordanie ne sera jamais \u00ab\u00a0princesse h\u00e9riti\u00e8re\u00a0\u00bb malgr\u00e9 son mariage avec le prince Hussein ?<\/a><\/p>\n<p class=\"ap-StoryElement ap-StoryElement--mb ap-StoryText\">\u00c0 une autre occasion, Meghan Markle a pu remarquer l&rsquo;influence britannique sur le langage de ses enfants. C&rsquo;\u00e9tait lors de la f\u00eate des m\u00e8res, et la duchesse de Sussex a \u00e9voqu\u00e9 ce moment dans le podcast de Jamie Kern Lima. \u00ab\u00a0C&rsquo;est tellement mignon. J&rsquo;aime le fait que ce soit &lsquo;mummy&rsquo;, au lieu de &lsquo;mommy&rsquo;, c&rsquo;est tr\u00e8s britannique.\u00a0\u00bb Bien qu&rsquo;elle ne connaisse pas sa famille d&rsquo;Angleterre, la petite fille se rapproche donc des Windsor, au moins par son langage.<\/p>\n","protected":false},"excerpt":{"rendered":"Un \u00ab\u00a0faux prince\u00a0\u00bb a r\u00e9ussi \u00e0 berner Charles III et Camilla pendant plusieurs ann\u00e9es : \u00ab\u00a0Cela me met&hellip;\n","protected":false},"author":2,"featured_media":150916,"comment_status":"","ping_status":"","sticky":false,"template":"","format":"standard","meta":{"footnotes":""},"categories":[1588],"tags":[15357,11,3581,8665,1777,674,13418,12,473,1853,1851,1850,1852],"class_list":{"0":"post-150915","1":"post","2":"type-post","3":"status-publish","4":"format-standard","5":"has-post-thumbnail","7":"category-royaume-uni","8":"tag-accent","9":"tag-actualites","10":"tag-anniversaire","11":"tag-british","12":"tag-eu","13":"tag-europe","14":"tag-lilibet","15":"tag-news","16":"tag-royaume-uni","17":"tag-royaume-uni-de-grande-bretagne-et-dirlande-du-nord","18":"tag-uk","19":"tag-united-kingdom","20":"tag-united-kingdom-of-great-britain-and-northern-ireland"},"share_on_mastodon":{"url":"https:\/\/pubeurope.com\/@fr\/114624021394257145","error":""},"_links":{"self":[{"href":"https:\/\/www.europesays.com\/fr\/wp-json\/wp\/v2\/posts\/150915","targetHints":{"allow":["GET"]}}],"collection":[{"href":"https:\/\/www.europesays.com\/fr\/wp-json\/wp\/v2\/posts"}],"about":[{"href":"https:\/\/www.europesays.com\/fr\/wp-json\/wp\/v2\/types\/post"}],"author":[{"embeddable":true,"href":"https:\/\/www.europesays.com\/fr\/wp-json\/wp\/v2\/users\/2"}],"replies":[{"embeddable":true,"href":"https:\/\/www.europesays.com\/fr\/wp-json\/wp\/v2\/comments?post=150915"}],"version-history":[{"count":0,"href":"https:\/\/www.europesays.com\/fr\/wp-json\/wp\/v2\/posts\/150915\/revisions"}],"wp:featuredmedia":[{"embeddable":true,"href":"https:\/\/www.europesays.com\/fr\/wp-json\/wp\/v2\/media\/150916"}],"wp:attachment":[{"href":"https:\/\/www.europesays.com\/fr\/wp-json\/wp\/v2\/media?parent=150915"}],"wp:term":[{"taxonomy":"category","embeddable":true,"href":"https:\/\/www.europesays.com\/fr\/wp-json\/wp\/v2\/categories?post=150915"},{"taxonomy":"post_tag","embeddable":true,"href":"https:\/\/www.europesays.com\/fr\/wp-json\/wp\/v2\/tags?post=150915"}],"curies":[{"name":"wp","href":"https:\/\/api.w.org\/{rel}","templated":true}]}}