{"id":150917,"date":"2025-06-04T07:55:08","date_gmt":"2025-06-04T07:55:08","guid":{"rendered":"https:\/\/www.europesays.com\/fr\/150917\/"},"modified":"2025-06-04T07:55:08","modified_gmt":"2025-06-04T07:55:08","slug":"ces-citoyens-americains-qui-misent-tout-sur-lallemagne","status":"publish","type":"post","link":"https:\/\/www.europesays.com\/fr\/150917\/","title":{"rendered":"ces citoyens am\u00e9ricains qui misent tout sur l\u2019Allemagne"},"content":{"rendered":"\n<p>Dans un climat politique tendu, marqu\u00e9 par le retour fracassant de Donald Trump \u00e0 la pr\u00e9sidence, un nombre croissant d\u2019Am\u00e9ricains envisagent s\u00e9rieusement l\u2019expatriation. Destination privil\u00e9gi\u00e9e\u00a0: l\u2019Allemagne. <a class=\"ithalc\" data-ithal=\"lien_externe\" data-ithalc=\"[nav_article]\" target=\"_blank\" href=\"https:\/\/www.faz.net\/aktuell\/wirtschaft\/amerikaner-verlassen-die-usa-goodbye-donald-110479694.html\" rel=\"noopener\">C\u2019est ce que r\u00e9v\u00e8le la <strong>Frankfurter Allgemeine Zeitung<\/strong><\/a><strong>,<\/strong> qui a interrog\u00e9 plusieurs expatri\u00e9s sur leurs motivations, souvent profond\u00e9ment politiques.<\/p>\n<p>\u201cJ\u2019ai peur pour notre avenir\u201d, confie John Moore, manageur californien dans la tech, qui prend des pr\u00e9cautions dignes d\u2019un lanceur d\u2019alerte pour \u00e9voquer en visioconf\u00e9rence son projet de d\u00e9part\u00a0: visage masqu\u00e9, arri\u00e8re-plan obstru\u00e9. Pour lui, la d\u00e9mocratie am\u00e9ricaine est d\u00e9j\u00e0 \u201cabolie\u201d, et le risque de repr\u00e9sailles pour ses opinions politiques ne rel\u00e8ve pas que d\u2019une parano\u00efa. La famille Moore acc\u00e9l\u00e8re d\u00e9sormais son d\u00e9part vers l\u2019Allemagne, redoutant l\u2019effondrement du syst\u00e8me universitaire am\u00e9ricain sous la pression du pouvoir ex\u00e9cutif. \u201cLes derniers mois ont \u00e9t\u00e9 un v\u00e9ritable chaos\u201d, r\u00e9sume-t-il.<\/p>\n<p>Ces inqui\u00e9tudes ont de l\u2019\u00e9cho sur Reddit, o\u00f9 se retrouvent ceux qui se sentent de plus en plus \u00e9trangers \u00e0 leur propre pays. Une d\u00e9saffiliation sociale et professionnelle s\u2019ajoute aux peurs \u00e9conomiques. Certains, comme Nick Speach, d\u00e9j\u00e0 install\u00e9 \u00e0 Hiddenhausen depuis 2021, ont franchi le pas. Ancien cadre IT dans une cha\u00eene h\u00f4teli\u00e8re internationale, Nick Speach a vu son salaire baisser en Allemagne, mais sa qualit\u00e9 de vie grimper. Aujourd\u2019hui, il aspire \u00e0 la citoyennet\u00e9 allemande, s\u00e9duit par l\u2019\u00e9ducation gratuite, la stabilit\u00e9 sociale, et une couverture sant\u00e9 qui contraste nettement avec le syst\u00e8me am\u00e9ricain\u00a0: \u201cJe payais 700\u00a0dollars [615\u00a0euros] par mois, et lorsque j\u2019ai subi une intervention chirurgicale mineure et de routine \u00e0 l\u2019h\u00f4pital, j\u2019ai quand m\u00eame d\u00fb ajouter 8\u00a0000\u00a0dollars [7\u00a0000\u00a0euros] de ma poche.\u201d<\/p>\n<p>L\u2019Allemagne s\u00e9duit par sa stabilit\u00e9, mais aussi par son accessibilit\u00e9\u00a0: gr\u00e2ce au statut de \u201cpays ami\u00a0privil\u00e9gi\u00e9\u201d, les Am\u00e9ricains peuvent entrer sans visa et ont ensuite quatre-vingt-dix jours pour effectuer les d\u00e9marches n\u00e9cessaires \u00e0 l\u2019obtention d\u2019un permis de s\u00e9jour. Les valeurs des deux pays sont proches. D\u2019ailleurs, le quotidien souligne que 12\u00a0% des Am\u00e9ricains d\u00e9clarent avoir des origines allemandes. Pourtant, les obstacles restent nombreux\u00a0: barri\u00e8re de la langue, reconnaissance universitaire incertaine, m\u00e9connaissance des d\u00e9marches administratives. Kevin Kocher, directeur de l\u2019agence Immigrant Spirit \u00e0 Hambourg, en t\u00e9moigne\u00a0: \u201cEmbaucher un Am\u00e9ricain, \u00e7a fait du travail aux entreprises, elles trouvent \u00e7a compliqu\u00e9.\u201d<\/p>\n<p>Reste que pour ceux qui franchissent le pas, l\u2019Allemagne devient plus qu\u2019un refuge temporaire. Le mod\u00e8le social, la s\u00e9curit\u00e9, l\u2019\u00e9ducation et l\u2019acc\u00e8s aux soins transforment souvent une fuite politique en installation durable. Au point que certains, comme John Moore ou Nick Speach, n\u2019imaginent plus revenir.<\/p>\n","protected":false},"excerpt":{"rendered":"Dans un climat politique tendu, marqu\u00e9 par le retour fracassant de Donald Trump \u00e0 la pr\u00e9sidence, un nombre&hellip;\n","protected":false},"author":2,"featured_media":150918,"comment_status":"","ping_status":"","sticky":false,"template":"","format":"standard","meta":{"footnotes":""},"categories":[1587],"tags":[11,672,3822,1804,1856,1805,1803,75,1777,674,4315,1801,12,1802,770],"class_list":{"0":"post-150917","1":"post","2":"type-post","3":"status-publish","4":"format-standard","5":"has-post-thumbnail","7":"category-allemagne","8":"tag-actualites","9":"tag-allemagne","10":"tag-amu00e9riques","11":"tag-bundesrepublik-deutschland","12":"tag-courrier-expat","13":"tag-de","14":"tag-deutschland","15":"tag-donald-trump","16":"tag-eu","17":"tag-europe","18":"tag-expatriation","19":"tag-germany","20":"tag-news","21":"tag-republique-federale-dallemagne","22":"tag-u00e9tats-unis"},"share_on_mastodon":{"url":"https:\/\/pubeurope.com\/@fr\/114624025277969748","error":""},"_links":{"self":[{"href":"https:\/\/www.europesays.com\/fr\/wp-json\/wp\/v2\/posts\/150917","targetHints":{"allow":["GET"]}}],"collection":[{"href":"https:\/\/www.europesays.com\/fr\/wp-json\/wp\/v2\/posts"}],"about":[{"href":"https:\/\/www.europesays.com\/fr\/wp-json\/wp\/v2\/types\/post"}],"author":[{"embeddable":true,"href":"https:\/\/www.europesays.com\/fr\/wp-json\/wp\/v2\/users\/2"}],"replies":[{"embeddable":true,"href":"https:\/\/www.europesays.com\/fr\/wp-json\/wp\/v2\/comments?post=150917"}],"version-history":[{"count":0,"href":"https:\/\/www.europesays.com\/fr\/wp-json\/wp\/v2\/posts\/150917\/revisions"}],"wp:featuredmedia":[{"embeddable":true,"href":"https:\/\/www.europesays.com\/fr\/wp-json\/wp\/v2\/media\/150918"}],"wp:attachment":[{"href":"https:\/\/www.europesays.com\/fr\/wp-json\/wp\/v2\/media?parent=150917"}],"wp:term":[{"taxonomy":"category","embeddable":true,"href":"https:\/\/www.europesays.com\/fr\/wp-json\/wp\/v2\/categories?post=150917"},{"taxonomy":"post_tag","embeddable":true,"href":"https:\/\/www.europesays.com\/fr\/wp-json\/wp\/v2\/tags?post=150917"}],"curies":[{"name":"wp","href":"https:\/\/api.w.org\/{rel}","templated":true}]}}