{"id":150919,"date":"2025-06-04T07:56:12","date_gmt":"2025-06-04T07:56:12","guid":{"rendered":"https:\/\/www.europesays.com\/fr\/150919\/"},"modified":"2025-06-04T07:56:12","modified_gmt":"2025-06-04T07:56:12","slug":"leurope-ouvre-dans-le-vert-malgre-les-tensions-commerciales-04-06-2025-a-0947","status":"publish","type":"post","link":"https:\/\/www.europesays.com\/fr\/150919\/","title":{"rendered":"L&rsquo;Europe ouvre dans le vert malgr\u00e9 les tensions commerciales &#8211; 04\/06\/2025 \u00e0 09:47"},"content":{"rendered":"<p>        <img fetchpriority=\"high\" decoding=\"async\" src=\"https:\/\/www.europesays.com\/fr\/wp-content\/uploads\/2025\/06\/93095eb72abea1cfbde84bf427e53afa-760x544.jpg\" alt=\"Le graphique de l'indice boursier allemand DAX est photographi\u00e9 \u00e0 la bourse de Francfort, Allemagne\" loading=\"eager\" width=\"760\" height=\"544\" style=\"max-width: 100%!important; height: auto;\"\/><\/p>\n<p class=\"c-image-news__legend\">Le graphique de l&rsquo;indice boursier allemand DAX est photographi\u00e9 \u00e0 la bourse de Francfort, Allemagne<\/p>\n<p>\n Les principales Bourses europ\u00e9ennes \u00e9voluent dans le vert mercredi en d\u00e9but de s\u00e9ance, avant la publication des chiffres de l&rsquo;activit\u00e9 du secteur priv\u00e9 dans le continent, malgr\u00e9 l&rsquo;incertitude commerciale et l&rsquo;entr\u00e9e en vigueur des droits de douane am\u00e9ricains sur les importations d&rsquo;acier et d&rsquo;aluminium.\n<\/p>\n<p>\n \u00c0 Paris, le CAC 40 gagne 0,36% \u00e0 7.791,47 points vers 07h22 GMT. \u00c0 Francfort, le Dax avance de 0,74%. L&rsquo;exception est Londres, o\u00f9 le FTSE 100 est en petite baisse (-0,03%).\n<\/p>\n<p>\n L&rsquo;indice EuroStoxx 50 gagne 0,46%, le FTSEurofirst 300 0,30% et le Stoxx 600 0,33%.\n<\/p>\n<p>\n L&rsquo;Europe commence la s\u00e9ance sur une note positive en attendant la publication dans la matin\u00e9e des donn\u00e9es sur l&rsquo;activit\u00e9 du secteur priv\u00e9 dans la zone euro, en particulier dans l&rsquo;activit\u00e9 cl\u00e9 des services.\n<\/p>\n<p>\n Les investisseurs surveillent \u00e9galement la Banque centrale europ\u00e9enne (BCE), qui entame ce mercredi sa r\u00e9union de politique mon\u00e9taire de deux jours, au cours de laquelle l&rsquo;institution est presque certaine de r\u00e9duire encore ses taux pour la huiti\u00e8me fois depuis juin dernier.\n<\/p>\n<p>\n Le fait que l&rsquo;inflation dans la zone euro ait ralenti pour atteindre le niveau cible de 2% en mai a certainement rassur\u00e9 Francfort, m\u00eame si la trajectoire future n&rsquo;est pas claire en raison des tensions commerciales avec Washington, qui perturbent les perspectives de croissance et suscitent des craintes sur les prix.\n<\/p>\n<p>\n Les investisseurs semblent mettre de c\u00f4t\u00e9 pour le moment les inqui\u00e9tudes persistantes sur le dossier commercial, le jour m\u00eame o\u00f9 les nouveaux droits de douane am\u00e9ricains sur l&rsquo;acier et l&rsquo;aluminium sont entr\u00e9s en vigueur et o\u00f9, selon des documents consult\u00e9s par Reuters, le d\u00e9lai impos\u00e9 par Donald Trump aux pays pour soumettre leurs \u00ab\u00a0meilleures offres\u00a0\u00bb de n\u00e9gociation sur les surtaxes r\u00e9ciproques expire.\n<\/p>\n<p>\n Le commissaire europ\u00e9en au Commerce, Maros Sefcovic, rencontrera le repr\u00e9sentant am\u00e9ricain au Commerce Jamieson Greer mercredi \u00e0 Paris afin de pousser plus avant les n\u00e9gociations avec les Etats-Unis.\n<\/p>\n<p>\n Aux valeurs, le groupe fran\u00e7ais de spiritueux Remy Cointreau, qui a annonc\u00e9 une baisse moins importante que pr\u00e9vu de son b\u00e9n\u00e9fice d&rsquo;exploitation annuel, est stable (-0,1%) apr\u00e8s une ouverture dans le rouge. Le groupe a \u00e9galement retir\u00e9 ses objectifs 2029-2030, estimant que les conditions ne sont plus r\u00e9unies pour les atteindre.\n<\/p>\n<p>\n Carmila perd 4,8% apr\u00e8s que Carrefour a vendu una participation de 7% dans le capital du groupe.\n<\/p>\n<p>\n \u00c0 Londres, le d\u00e9taillant discount B&amp;M&rsquo;s c\u00e8de 3,4% apr\u00e8s avoir publi\u00e9 des ventes annuelles inf\u00e9rieures aux pr\u00e9visions en raison de la baisse de la demande des consommateurs et l&rsquo;inflation persistante.\n<\/p>\n<p>\n (R\u00e9dig\u00e9 par Diana Mandi\u00e1, \u00e9dit\u00e9 par Augustin Turpin)<\/p>\n","protected":false},"excerpt":{"rendered":"Le graphique de l&rsquo;indice boursier allemand DAX est photographi\u00e9 \u00e0 la bourse de Francfort, Allemagne Les principales Bourses&hellip;\n","protected":false},"author":2,"featured_media":150920,"comment_status":"","ping_status":"","sticky":false,"template":"","format":"standard","meta":{"footnotes":""},"categories":[1586],"tags":[400,11,398,408,405,1777,674,1011,27,403,402,399,404,12,25,401,406,407],"class_list":{"0":"post-150919","1":"post","2":"type-post","3":"status-publish","4":"format-standard","5":"has-post-thumbnail","7":"category-europe","8":"tag-action-cac-40","9":"tag-actualites","10":"tag-bourse-de-paris","11":"tag-boursorama","12":"tag-cotations","13":"tag-eu","14":"tag-europe","15":"tag-fr","16":"tag-france","17":"tag-indices-devises","18":"tag-investir","19":"tag-investissement","20":"tag-marche-boursier","21":"tag-news","22":"tag-republique-francaise","23":"tag-sicav","24":"tag-trackers","25":"tag-warrants"},"share_on_mastodon":{"url":"https:\/\/pubeurope.com\/@fr\/114624029256099126","error":""},"_links":{"self":[{"href":"https:\/\/www.europesays.com\/fr\/wp-json\/wp\/v2\/posts\/150919","targetHints":{"allow":["GET"]}}],"collection":[{"href":"https:\/\/www.europesays.com\/fr\/wp-json\/wp\/v2\/posts"}],"about":[{"href":"https:\/\/www.europesays.com\/fr\/wp-json\/wp\/v2\/types\/post"}],"author":[{"embeddable":true,"href":"https:\/\/www.europesays.com\/fr\/wp-json\/wp\/v2\/users\/2"}],"replies":[{"embeddable":true,"href":"https:\/\/www.europesays.com\/fr\/wp-json\/wp\/v2\/comments?post=150919"}],"version-history":[{"count":0,"href":"https:\/\/www.europesays.com\/fr\/wp-json\/wp\/v2\/posts\/150919\/revisions"}],"wp:featuredmedia":[{"embeddable":true,"href":"https:\/\/www.europesays.com\/fr\/wp-json\/wp\/v2\/media\/150920"}],"wp:attachment":[{"href":"https:\/\/www.europesays.com\/fr\/wp-json\/wp\/v2\/media?parent=150919"}],"wp:term":[{"taxonomy":"category","embeddable":true,"href":"https:\/\/www.europesays.com\/fr\/wp-json\/wp\/v2\/categories?post=150919"},{"taxonomy":"post_tag","embeddable":true,"href":"https:\/\/www.europesays.com\/fr\/wp-json\/wp\/v2\/tags?post=150919"}],"curies":[{"name":"wp","href":"https:\/\/api.w.org\/{rel}","templated":true}]}}