{"id":150921,"date":"2025-06-04T07:57:20","date_gmt":"2025-06-04T07:57:20","guid":{"rendered":"https:\/\/www.europesays.com\/fr\/150921\/"},"modified":"2025-06-04T07:57:20","modified_gmt":"2025-06-04T07:57:20","slug":"multimedia-la-chine-condamne-la-mesure-protectionniste-de-lue-visant-les-entreprises-chinoises-de-materiel-medical-xinhua","status":"publish","type":"post","link":"https:\/\/www.europesays.com\/fr\/150921\/","title":{"rendered":"(Multim\u00e9dia) La Chine condamne la mesure protectionniste de l&rsquo;UE visant les entreprises chinoises de mat\u00e9riel m\u00e9dical &#8211; Xinhua"},"content":{"rendered":"<p><img decoding=\"async\" controls=\"controls\" src=\"https:\/\/www.europesays.com\/fr\/wp-content\/uploads\/2025\/06\/202506045e138813e47c40938106340a68eceb2e_XxjwsfF007007_20250604_CBMFN0A001.jpg\"\/><\/p>\n<p>BEIJING, 4 juin (Xinhua) &#8212; La Chine s&rsquo;oppose fermement \u00e0 la mesure protectionniste de l&rsquo;UE visant \u00e0 restreindre l&rsquo;acc\u00e8s des entreprises chinoises aux appels d&rsquo;offres publics europ\u00e9ens de produits m\u00e9dicaux, a d\u00e9clar\u00e9 mardi le minist\u00e8re du Commerce.<\/p>\n<p>Cette d\u00e9claration est une r\u00e9ponse \u00e0 la d\u00e9cision des Etats membres de l&rsquo;UE d&#8217;emp\u00eacher les entreprises chinoises de participer aux appels d&rsquo;offres publics dans le secteur des mat\u00e9riels m\u00e9dicaux pour les contrats d&rsquo;une valeur sup\u00e9rieure \u00e0 cinq millions d&rsquo;euros (environ 5,72 millions de dollars) dans le cadre de l&rsquo;Instrument international de passation des march\u00e9s de l&rsquo;Union europ\u00e9enne. Le plan, qui aurait \u00e9t\u00e9 approuv\u00e9 lundi, interdirait aux entreprises chinoises de soumissionner pour de tels contrats pendant une p\u00e9riode de cinq ans.<\/p>\n<p>La d\u00e9cision et les mesures discriminatoires de l&rsquo;UE portent atteinte aux int\u00e9r\u00eats des entreprises chinoises et sabotent \u00e9galement la concurrence loyale et \u00e9tablissent de nouvelles barri\u00e8res commerciales \u00e0 travers des outils unilat\u00e9raux, a not\u00e9 le minist\u00e8re, soulignant que la Chine s&rsquo;opposait fermement \u00e0 un tel acte protectionniste.<\/p>\n<p>L&rsquo;ordre \u00e9conomique mondial fait face aux graves d\u00e9fis de l&rsquo;unilat\u00e9ralisme et du protectionnisme, a indiqu\u00e9 le minist\u00e8re.<\/p>\n<p>En tant que grandes \u00e9conomies responsables, la Chine et l&rsquo;UE doivent respecter les r\u00e8gles de l&rsquo;OMC, d\u00e9fendre les principes de justice, de transparence et de non-discrimination, relever les d\u00e9fis \u00e0 travers une ouverture mutuelle et r\u00e9soudre les diff\u00e9rends par un dialogue coop\u00e9ratif pour sauvegarder conjointement le d\u00e9veloppement sain des relations \u00e9conomiques et commerciales entre la Chine et l&rsquo;UE, a ajout\u00e9 le minist\u00e8re.<\/p>\n<p>Il est \u00e0 esp\u00e9rer que l&rsquo;UE rectifiera son approche erron\u00e9e, a poursuivi le minist\u00e8re, soulignant que la Chine suivrait de pr\u00e8s les actes ult\u00e9rieurs de l&rsquo;UE et prendrait les mesures n\u00e9cessaires pour sauvegarder les droits et les int\u00e9r\u00eats l\u00e9gitimes des entreprises chinoises. \u25a0<\/p>\n","protected":false},"excerpt":{"rendered":"BEIJING, 4 juin (Xinhua) &#8212; La Chine s&rsquo;oppose fermement \u00e0 la mesure protectionniste de l&rsquo;UE visant \u00e0 restreindre&hellip;\n","protected":false},"author":2,"featured_media":150922,"comment_status":"","ping_status":"","sticky":false,"template":"","format":"standard","meta":{"footnotes":""},"categories":[1586],"tags":[11,309,1777,674,1779,1011,27,28029,12,25,1778,364],"class_list":{"0":"post-150921","1":"post","2":"type-post","3":"status-publish","4":"format-standard","5":"has-post-thumbnail","7":"category-europe","8":"tag-actualites","9":"tag-chine","10":"tag-eu","11":"tag-europe","12":"tag-european-union","13":"tag-fr","14":"tag-france","15":"tag-materiel-medical","16":"tag-news","17":"tag-republique-francaise","18":"tag-ue","19":"tag-union-europeenne"},"share_on_mastodon":{"url":"https:\/\/pubeurope.com\/@fr\/114624033257403397","error":""},"_links":{"self":[{"href":"https:\/\/www.europesays.com\/fr\/wp-json\/wp\/v2\/posts\/150921","targetHints":{"allow":["GET"]}}],"collection":[{"href":"https:\/\/www.europesays.com\/fr\/wp-json\/wp\/v2\/posts"}],"about":[{"href":"https:\/\/www.europesays.com\/fr\/wp-json\/wp\/v2\/types\/post"}],"author":[{"embeddable":true,"href":"https:\/\/www.europesays.com\/fr\/wp-json\/wp\/v2\/users\/2"}],"replies":[{"embeddable":true,"href":"https:\/\/www.europesays.com\/fr\/wp-json\/wp\/v2\/comments?post=150921"}],"version-history":[{"count":0,"href":"https:\/\/www.europesays.com\/fr\/wp-json\/wp\/v2\/posts\/150921\/revisions"}],"wp:featuredmedia":[{"embeddable":true,"href":"https:\/\/www.europesays.com\/fr\/wp-json\/wp\/v2\/media\/150922"}],"wp:attachment":[{"href":"https:\/\/www.europesays.com\/fr\/wp-json\/wp\/v2\/media?parent=150921"}],"wp:term":[{"taxonomy":"category","embeddable":true,"href":"https:\/\/www.europesays.com\/fr\/wp-json\/wp\/v2\/categories?post=150921"},{"taxonomy":"post_tag","embeddable":true,"href":"https:\/\/www.europesays.com\/fr\/wp-json\/wp\/v2\/tags?post=150921"}],"curies":[{"name":"wp","href":"https:\/\/api.w.org\/{rel}","templated":true}]}}