{"id":150931,"date":"2025-06-04T08:02:08","date_gmt":"2025-06-04T08:02:08","guid":{"rendered":"https:\/\/www.europesays.com\/fr\/150931\/"},"modified":"2025-06-04T08:02:08","modified_gmt":"2025-06-04T08:02:08","slug":"la-france-battue-dentree-par-la-turquie-en-ouverture-de-la-ligue-des-nations-de-volley-ball-lequipe","status":"publish","type":"post","link":"https:\/\/www.europesays.com\/fr\/150931\/","title":{"rendered":"La France battue d&#039;entr\u00e9e par la Turquie en ouverture de la Ligue des nations de volley-ball &#8211; L&#039;\u00c9quipe"},"content":{"rendered":"<ol>\n<li><a href=\"https:\/\/news.google.com\/rss\/articles\/CBMi3wFBVV95cUxOQmJVSWo1YmI4cUxQc1V6VDJQWjJPcTI5cWJ6X2pNWVFkOVdlMy16emdMOGRwVi1lLVhUSnBHUU1URkdzVFVxNFo4ZjlpaTA0MWdiYnhIYjd1elZDNVNSY2tTMnFaR194UWdxRHVVeC1PcGN6WXBJckhZRXc2OVBsTVdrbzNDcjdZdk9RcDZFQ01ndlpUTzdySjRjV3dKb3FfLTJxaXE1aERXNlJwdXJnNnhmVUNYTXgyeUFvUzJadE9JWk9RUEVRai0zSzZ2TTRDRmxJVEU0UUE1WjlaeE9N?oc=5\" target=\"_blank\" rel=\"nofollow noopener\">La France battue d&rsquo;entr\u00e9e par la Turquie en ouverture de la Ligue des nations de volley-ball<\/a>&nbsp;&nbsp;L&rsquo;\u00c9quipe<\/li>\n<li><a href=\"https:\/\/news.google.com\/rss\/articles\/CBMikgJBVV95cUxNWkZFMi1HT3Y0QjZ2endJajlHeWMxVThlMmVsWG9lbTY4bmpva2lFUndfZ2I4emlfNmlsWUtxTXNLa1NidVZicFZfX3BFVHR4ckdNcEUxRE95V0NtZ0RLUWlnRDNTUlZXc0tfVTZ1NXNHSmxSemxJUmRyRTllZy1CSjR5eXBBX2F3cGZIVy1mN2d0dllKYWg2dHB0LWViWFk1RDJFejVzSHphOVlLeXk1eG5qdmhvMDVVVTdYUGR2bGswcXVGVzZ4V1BYeEp3N2dlUmgzY2hVejh5WGI3MHpLUjJRMG9aNmZPaWl5WXNCWU1zeW84MUo5LV9hUVhhX2hBSnV3Q0piSElCTVhKZFA0OWxn?oc=5\" target=\"_blank\" rel=\"nofollow noopener\">Volley-ball. L\u2019\u00e9quipe de France f\u00e9minine s\u2019incline pour son entr\u00e9e dans la Ligue des Nations<\/a>&nbsp;&nbsp;Ouest-France<\/li>\n<li><a href=\"https:\/\/news.google.com\/rss\/articles\/CBMimgFBVV95cUxOcm1feFREQWxnZWxKU0VhSV9UT2IyTXJfYlRiaTBqdmZQM3pLTmp0c2Fhb0Y0WTFnMklzNy1jcDFLS2FkNkZ3dHJmOGlGX18yS25waHdES2tyWHViZ3hoU3JYWUNCQ05EUmU0S2JFQ0xzemxsUEU4b1YxWkdQVFgtYUxieWE5eDM0dkNscUhoUXd5dHFaa19SbUZB?oc=5\" target=\"_blank\" rel=\"nofollow noopener\">VNL : pour les Bleues, d\u00e9but de la saison 2<\/a>&nbsp;&nbsp;lanouvellerepublique.fr<\/li>\n<li><a href=\"https:\/\/news.google.com\/rss\/articles\/CBMi0AFBVV95cUxPanlBYUY0cUJuZjctRTMyRFZSNWM1c3kyc3c5ZEpmMWF0UWtKV3QzZmpqbGdkWVl3SldhTlQ1c1hveEFUTm1CNzhiLXJTX2xydUhHcTRaTFZ4Uk9JdkxNM1VhUVZmM3JnU2pLRHY1Ui1sRm91VURwRjNtbVF6aURISTBXNUNmcS1ZaDhyUlBqd19FM21FLS1CN2pNTlJLMWdVOTExMVJBZVN0RkVncjRlTm1iOERMMmhoQU1DcHJrR1BXbkxGT2pZYWFGTUlhSU8w?oc=5\" target=\"_blank\" rel=\"nofollow noopener\">Volley-ball. Les volleyeuses fran\u00e7aises entament une nouvelle Ligue des nations avec l&rsquo;objectif maintien<\/a>&nbsp;&nbsp;Le Dauphin\u00e9 Lib\u00e9r\u00e9<\/li>\n<li><a href=\"https:\/\/news.google.com\/rss\/articles\/CBMi7AFBVV95cUxNdERFNjl2RG1QWm9STjRQeTQwTVp4a0pOS0lLdkZROWliWmdYcWN0X2MtUmM5NXRsOEJfTGRYdXpJY3NXUDVLd0xRMW1hUEZaejVXT0lTWVBaNi01cjVjU0pDTm9INWdHemtSbUhVY2FGWnBBVVVZNlA5WllDS2I1cE1MR0Q0RW9KZFkwYmZKRW42a2dxN2YzeTdvYzAyTzVCdnNNenZoLTVWVXpSN1psYzI3TXdRN2Iycm9rUmVCYnktamtnNm4wMmQwd0k5OW9wa3pFTGd4cWpFOE91d2dRLTBLU3F6RXpmaThXdg?oc=5\" target=\"_blank\" rel=\"nofollow noopener\">France &#8211; Turquie. Quelle heure et quelle cha\u00eene pour suivre le match de Ligue des nations de volley<\/a>&nbsp;&nbsp;Maville Laval<\/li>\n<\/ol>\n","protected":false},"excerpt":{"rendered":"La France battue d&rsquo;entr\u00e9e par la Turquie en ouverture de la Ligue des nations de volley-ball&nbsp;&nbsp;L&rsquo;\u00c9quipe Volley-ball. L\u2019\u00e9quipe&hellip;\n","protected":false},"author":2,"featured_media":150932,"comment_status":"","ping_status":"","sticky":false,"template":"","format":"standard","meta":{"footnotes":""},"categories":[1417],"tags":[1011,27,60,1470,1469],"class_list":{"0":"post-150931","1":"post","2":"type-post","3":"status-publish","4":"format-standard","5":"has-post-thumbnail","7":"category-volley","8":"tag-fr","9":"tag-france","10":"tag-sports","11":"tag-volley","12":"tag-volleyball"},"share_on_mastodon":{"url":"https:\/\/pubeurope.com\/@fr\/114624052808556260","error":""},"_links":{"self":[{"href":"https:\/\/www.europesays.com\/fr\/wp-json\/wp\/v2\/posts\/150931","targetHints":{"allow":["GET"]}}],"collection":[{"href":"https:\/\/www.europesays.com\/fr\/wp-json\/wp\/v2\/posts"}],"about":[{"href":"https:\/\/www.europesays.com\/fr\/wp-json\/wp\/v2\/types\/post"}],"author":[{"embeddable":true,"href":"https:\/\/www.europesays.com\/fr\/wp-json\/wp\/v2\/users\/2"}],"replies":[{"embeddable":true,"href":"https:\/\/www.europesays.com\/fr\/wp-json\/wp\/v2\/comments?post=150931"}],"version-history":[{"count":0,"href":"https:\/\/www.europesays.com\/fr\/wp-json\/wp\/v2\/posts\/150931\/revisions"}],"wp:featuredmedia":[{"embeddable":true,"href":"https:\/\/www.europesays.com\/fr\/wp-json\/wp\/v2\/media\/150932"}],"wp:attachment":[{"href":"https:\/\/www.europesays.com\/fr\/wp-json\/wp\/v2\/media?parent=150931"}],"wp:term":[{"taxonomy":"category","embeddable":true,"href":"https:\/\/www.europesays.com\/fr\/wp-json\/wp\/v2\/categories?post=150931"},{"taxonomy":"post_tag","embeddable":true,"href":"https:\/\/www.europesays.com\/fr\/wp-json\/wp\/v2\/tags?post=150931"}],"curies":[{"name":"wp","href":"https:\/\/api.w.org\/{rel}","templated":true}]}}