{"id":150937,"date":"2025-06-04T08:06:11","date_gmt":"2025-06-04T08:06:11","guid":{"rendered":"https:\/\/www.europesays.com\/fr\/150937\/"},"modified":"2025-06-04T08:06:11","modified_gmt":"2025-06-04T08:06:11","slug":"motogp-la-serie-noire-se-poursuit-pour-ce-team-officiel-qui-ne-remplacera-pas-son-blesse","status":"publish","type":"post","link":"https:\/\/www.europesays.com\/fr\/150937\/","title":{"rendered":"MotoGP La s\u00e9rie noire se poursuit pour ce Team officiel, qui ne remplacera pas son bless\u00e9 !"},"content":{"rendered":"<p>Alors que Luca Marini s\u2019est bless\u00e9, assez s\u00e9rieusement, lors des essais pr\u00e9alables aux 8H de Suzuka, auxquelles il devait participer avec le Honda HRC, son \u00e9quipe a d\u00e9cid\u00e9 de ne pas le remplacer. Si bien que ce week-end en Espagne, sur le Motorpark d\u2019Aragon, l\u2019\u00e9curie officielle ne disposera que d\u2019une moto, celle pilot\u00e9e par Joan Mir. Voil\u00e0 qui ne va pas arranger ses affaires au championnat, elle qui tra\u00eene en queue de peloton, \u00e0 de nombreuses encablures du Team satellite, LCR.<\/p>\n<p>MotoGP : \u00e9trange strat\u00e9gie de la part du HRC<\/p>\n<p>Si l\u2019information n\u2019a pas \u00e9t\u00e9 officialis\u00e9e, le d\u00e9lai impos\u00e9 aux \u00e9quipes pour remplacer un pilote ayant \u00e9t\u00e9 d\u00e9pass\u00e9, cela signifie qu\u2019il n\u2019y aura pas de rempla\u00e7ant. Alors qu\u2019il y avait pourtant le choix parmi trois pilotes d\u2019essais et de d\u00e9veloppement (Aleix Espargaro, Stefan Bradl et Takaaki Nakagami) et surtout, la perspective de r\u00e9aliser des tests grandeur nature avec un pilote d\u00e9di\u00e9 \u00e0 cette t\u00e2che. Compte tenu de la place d\u2019Honda au g\u00e9n\u00e9ral et du manque de performance de ses pilotes face \u00e0 Johann Zarco, l\u2019occasion \u00e0 saisir aurait \u00e9t\u00e9 int\u00e9ressante. Histoire de ne pas \u00eatre compl\u00e8tement perdant, apr\u00e8s la chute du pauvre Marini. Etrange, donc\u2026<\/p>\n<blockquote class=\"twitter-tweet\">\n<p dir=\"ltr\" lang=\"en\">Eyes on more progress and more points at the <a href=\"https:\/\/twitter.com\/hashtag\/AragonGP?src=hash&amp;ref_src=twsrc%5Etfw\" target=\"_blank\" rel=\"noopener nofollow\">#AragonGP<\/a> \ud83d\udc40<\/p>\n<p>3\ufe0f\u20e36\ufe0f\u20e3 \u201cThere are still a few areas to work on\u201d <a href=\"https:\/\/twitter.com\/JoanMirOfficial?ref_src=twsrc%5Etfw\" target=\"_blank\" rel=\"noopener nofollow\">@JoanMirOfficial<\/a><\/p>\n<p>Wishing a speedy recovery to <a href=\"https:\/\/twitter.com\/Luca_Marini_97?ref_src=twsrc%5Etfw\" target=\"_blank\" rel=\"noopener nofollow\">@Luca_Marini_97<\/a> \ud83d\ude4f<\/p>\n<p>\ud83d\udcc4 <a href=\"https:\/\/t.co\/wYllv7RVGL\" target=\"_blank\" rel=\"nofollow\">https:\/\/t.co\/wYllv7RVGL<\/a> <a href=\"https:\/\/t.co\/IO0YTHStvY\" target=\"_blank\" rel=\"nofollow\">pic.twitter.com\/IO0YTHStvY<\/a><\/p>\n<p>\u2014 Honda HRC Castrol \u2013 MotoGP (@HRC_MotoGP) <a href=\"https:\/\/twitter.com\/HRC_MotoGP\/status\/1929841741089120756?ref_src=twsrc%5Etfw\" target=\"_blank\" rel=\"noopener nofollow\">June 3, 2025<\/a><\/p>\n<\/blockquote>\n<p>Article publi\u00e9 le 04\/06\/2025 \u00e0 6h39<\/p>\n<p>                                            <img loading=\"lazy\" alt=\"\" class=\"avatar avatar-100 photo lazyload\" height=\"100\" width=\"100\" decoding=\"async\" src=\"https:\/\/www.europesays.com\/fr\/wp-content\/uploads\/2025\/06\/ffbb894c35ea5189d599d4ea062c98b86ffb67cc602fa683ebcbf422a80fc47a\"  data-eio-rwidth=\"100\" data-eio-rheight=\"100\"\/><\/p>\n<p class=\"h2\">\n                                            Julien Barthet\n                                        <\/p>\n<p>R\u00e9dacteur professionnel, titulaire de la carte de presse pendant 3 ans. Fondateur\/Directeur et R\u00e9dacteur en chef Le Mag Sport Auto et LeMagJeuxHighTech.com.&#13;<br \/>\nEx-Pilote automobile : 55 courses (Formule Ford, F.Campus, Coupe 206 Sprint et Relais, Saxo, Ford Fiesta Allemagne, Mitjet) 1 Victoire. Essais F3, Nascar Euro, Caterham, F.Renault, etc.<\/p>\n<p>                                                                                                                            <a href=\"https:\/\/lemagsportauto.ouest-france.fr\/author\/lmsa_adm\/\" title=\"Julien Barthet\" rel=\"nofollow noopener\" target=\"_blank\"><br \/>\n                                                Voir les publications de l&rsquo;auteur<br \/>\n                                            <\/a><\/p>\n<p>                                <script async src=\"https:\/\/platform.twitter.com\/widgets.js\" charset=\"utf-8\"><\/script><\/p>\n","protected":false},"excerpt":{"rendered":"Alors que Luca Marini s\u2019est bless\u00e9, assez s\u00e9rieusement, lors des essais pr\u00e9alables aux 8H de Suzuka, auxquelles il&hellip;\n","protected":false},"author":2,"featured_media":150938,"comment_status":"","ping_status":"","sticky":false,"template":"","format":"standard","meta":{"footnotes":""},"categories":[1413],"tags":[1011,27,4922,15966,1457,1456,1458,60],"class_list":{"0":"post-150937","1":"post","2":"type-post","3":"status-publish","4":"format-standard","5":"has-post-thumbnail","7":"category-moto","8":"tag-fr","9":"tag-france","10":"tag-honda","11":"tag-luca-marini","12":"tag-moto","13":"tag-motocycle","14":"tag-motogp","15":"tag-sports"},"share_on_mastodon":{"url":"https:\/\/pubeurope.com\/@fr\/114624068539518641","error":""},"_links":{"self":[{"href":"https:\/\/www.europesays.com\/fr\/wp-json\/wp\/v2\/posts\/150937","targetHints":{"allow":["GET"]}}],"collection":[{"href":"https:\/\/www.europesays.com\/fr\/wp-json\/wp\/v2\/posts"}],"about":[{"href":"https:\/\/www.europesays.com\/fr\/wp-json\/wp\/v2\/types\/post"}],"author":[{"embeddable":true,"href":"https:\/\/www.europesays.com\/fr\/wp-json\/wp\/v2\/users\/2"}],"replies":[{"embeddable":true,"href":"https:\/\/www.europesays.com\/fr\/wp-json\/wp\/v2\/comments?post=150937"}],"version-history":[{"count":0,"href":"https:\/\/www.europesays.com\/fr\/wp-json\/wp\/v2\/posts\/150937\/revisions"}],"wp:featuredmedia":[{"embeddable":true,"href":"https:\/\/www.europesays.com\/fr\/wp-json\/wp\/v2\/media\/150938"}],"wp:attachment":[{"href":"https:\/\/www.europesays.com\/fr\/wp-json\/wp\/v2\/media?parent=150937"}],"wp:term":[{"taxonomy":"category","embeddable":true,"href":"https:\/\/www.europesays.com\/fr\/wp-json\/wp\/v2\/categories?post=150937"},{"taxonomy":"post_tag","embeddable":true,"href":"https:\/\/www.europesays.com\/fr\/wp-json\/wp\/v2\/tags?post=150937"}],"curies":[{"name":"wp","href":"https:\/\/api.w.org\/{rel}","templated":true}]}}