{"id":150939,"date":"2025-06-04T08:07:08","date_gmt":"2025-06-04T08:07:08","guid":{"rendered":"https:\/\/www.europesays.com\/fr\/150939\/"},"modified":"2025-06-04T08:07:08","modified_gmt":"2025-06-04T08:07:08","slug":"en-video-le-plus-jeune-fils-zidane-permet-a-lequipe-de-france-u20-de-lemporter","status":"publish","type":"post","link":"https:\/\/www.europesays.com\/fr\/150939\/","title":{"rendered":"en vid\u00e9o, le plus jeune fils Zidane permet \u00e0 l\u2019\u00e9quipe de France U20 de l\u2019emporter"},"content":{"rendered":"<p>Elyaz Zidane, le plus jeune des fils de Zin\u00e9dine, a marqu\u00e9 lors du match opposant les Bleus U20 \u00e0 l\u2019Arabie saoudite au tournoi Maurice Revello.<\/p>\n<p class=\"fig-paragraph\">Quatre Zidane peuvent en cacher un autre. Apr\u00e8s\u00a0<a href=\"https:\/\/www.lefigaro.fr\/sports\/football\/ligue-des-nations\/c-est-un-reve-j-ai-hate-zinedine-zidane-fera-t-il-mieux-que-didier-deschamps-a-la-tete-des-bleus-20250528\" data-fig-type=\"Poll\" data-gtm-custom-categorie=\"navigation\" data-gtm-custom-action=\"crossclick\" data-gtm-custom-label=\"Contextuel\" data-gtm-event=\"customEventSPE\" data-fig-domain=\"LEFIGARO\" rel=\"nofollow noopener\" target=\"_blank\">la l\u00e9gende Zin\u00e9dine<\/a>\u00a0et ses trois autres fils Enzo, Luca et Th\u00e9o, voici le tour d\u2019Elyaz, le plus jeune de la fratrie. Le joueur de 19 ans a marqu\u00e9 avec<a href=\"http:\/\/www.lefigaro.fr\/sports\/football\/equipe-de-france\/equipe-de-france-en-video-les-bleus-fetent-l-anniversaire-de-desire-doue-a-clairefontaine-20250604\" data-fig-type=\"NewsFlash\" data-gtm-custom-categorie=\"navigation\" data-gtm-custom-action=\"crossclick\" data-gtm-custom-label=\"Contextuel\" data-gtm-event=\"customEventSPE\" data-fig-domain=\"LEFIGARO\" rel=\"nofollow noopener\" target=\"_blank\">\u00a0l\u2019\u00e9quipe de France<\/a>\u00a0U20 face \u00e0 l\u2019Arabie saoudite lors du tournoi Maurice Revello. Les Bleus ont fini par s\u2019adjuger la victoire deux buts \u00e0 un.<\/p>\n<p class=\"fig-paragraph\">Un but de la t\u00eate au premier poteau qui n\u2019est pas sans rappeler ceux inscrits par son p\u00e8re en finale de Coupe du monde. Pour le moment, p\u00e8re et fils ne connaissent pas le m\u00eame destin. Elyaz Zidane \u00e9volue actuellement au sein de la r\u00e9serve du B\u00e9tis S\u00e9ville, qu\u2019il a rejoint apr\u00e8s avoir \u00e9t\u00e9 form\u00e9 au Real Madrid. Gr\u00e2ce \u00e0 cette victoire contre les Saoudiens, les joueurs du s\u00e9lectionneur Bernard Diom\u00e8de prennent la t\u00eate de leur groupe, \u00e0 \u00e9galit\u00e9 avec les Panam\u00e9ens. Prochain adversaire au programme\u00a0: le Mali ce vendredi 6 juin \u00e0 17h30.<\/p>\n","protected":false},"excerpt":{"rendered":"Elyaz Zidane, le plus jeune des fils de Zin\u00e9dine, a marqu\u00e9 lors du match opposant les Bleus U20&hellip;\n","protected":false},"author":2,"featured_media":150940,"comment_status":"","ping_status":"","sticky":false,"template":"","format":"standard","meta":{"footnotes":""},"categories":[1412],"tags":[4947,525,20536,18013,814,20535,64,20534,1451,85,2257,63,1452,1453,1454,1455,1011,27,20533,955,1980,60,24863],"class_list":{"0":"post-150939","1":"post","2":"type-post","3":"status-publish","4":"format-standard","5":"has-post-thumbnail","7":"category-f1","8":"tag-arabie-saoudite","9":"tag-calendrier","10":"tag-clairefontaine","11":"tag-coupe-du-monde-2018","12":"tag-direct","13":"tag-eliminatoires","14":"tag-equipe-de-france","15":"tag-euro-2020","16":"tag-f1","17":"tag-fff","18":"tag-foot","19":"tag-football","20":"tag-formula-1","21":"tag-formula1","22":"tag-formule-1","23":"tag-formule1","24":"tag-fr","25":"tag-france","26":"tag-les-bleus","27":"tag-match","28":"tag-resultats","29":"tag-sports","30":"tag-zinedine-zidane"},"share_on_mastodon":{"url":"https:\/\/pubeurope.com\/@fr\/114624072456748878","error":""},"_links":{"self":[{"href":"https:\/\/www.europesays.com\/fr\/wp-json\/wp\/v2\/posts\/150939","targetHints":{"allow":["GET"]}}],"collection":[{"href":"https:\/\/www.europesays.com\/fr\/wp-json\/wp\/v2\/posts"}],"about":[{"href":"https:\/\/www.europesays.com\/fr\/wp-json\/wp\/v2\/types\/post"}],"author":[{"embeddable":true,"href":"https:\/\/www.europesays.com\/fr\/wp-json\/wp\/v2\/users\/2"}],"replies":[{"embeddable":true,"href":"https:\/\/www.europesays.com\/fr\/wp-json\/wp\/v2\/comments?post=150939"}],"version-history":[{"count":0,"href":"https:\/\/www.europesays.com\/fr\/wp-json\/wp\/v2\/posts\/150939\/revisions"}],"wp:featuredmedia":[{"embeddable":true,"href":"https:\/\/www.europesays.com\/fr\/wp-json\/wp\/v2\/media\/150940"}],"wp:attachment":[{"href":"https:\/\/www.europesays.com\/fr\/wp-json\/wp\/v2\/media?parent=150939"}],"wp:term":[{"taxonomy":"category","embeddable":true,"href":"https:\/\/www.europesays.com\/fr\/wp-json\/wp\/v2\/categories?post=150939"},{"taxonomy":"post_tag","embeddable":true,"href":"https:\/\/www.europesays.com\/fr\/wp-json\/wp\/v2\/tags?post=150939"}],"curies":[{"name":"wp","href":"https:\/\/api.w.org\/{rel}","templated":true}]}}