{"id":150947,"date":"2025-06-04T08:11:11","date_gmt":"2025-06-04T08:11:11","guid":{"rendered":"https:\/\/www.europesays.com\/fr\/150947\/"},"modified":"2025-06-04T08:11:11","modified_gmt":"2025-06-04T08:11:11","slug":"ils-me-bluffent-sans-arret-a-pontivy-larchitecture-cest-la-classe","status":"publish","type":"post","link":"https:\/\/www.europesays.com\/fr\/150947\/","title":{"rendered":"\u00ab\u00a0Ils me bluffent sans arr\u00eat\u00a0\u00bb\u00a0: \u00e0 Pontivy, l\u2019architecture, c\u2019est la classe\u00a0!"},"content":{"rendered":"<p>L\u00e0, une corniche couronnant d\u00e9licatement le mur de l\u2019\u00e9difice. Ici, un b\u00e2timent art d\u00e9co avec ses parfaites sym\u00e9tries. Un peu plus bas, une conduite d\u2019eau forg\u00e9e dans la gueule ouverte d\u2019un lion. \u00c0 chacun de nos pas, les villes offrent toujours leurs merveilles architecturales qu\u2019il faut savoir regarder. Mais que nous, pauvres adultes press\u00e9s par le temps, oublions souvent de deviner et contempler. Un d\u00e9fi qui n\u2019en est plus un pour une cinquantaine d\u2019enfants de l\u2019\u00e9cole Jules-Ferry o\u00f9 l\u2019architecture est devenue le pilier de tous les apprentissages du parcours \u00e9l\u00e9mentaire. Avec des r\u00e9sultats\u2026 Monumentaux.<\/p>\n<p>\u00ab\u00a0La classe en architecture\u00a0\u00bb<\/p>\n<p>Oui, l\u2019architecture, consid\u00e9r\u00e9e \u00e0 tort comme \u00e9litiste, s\u2019invite dans une petite \u00e9cole fran\u00e7aise depuis quatre ans. Et c\u2019est \u00e0 Pontivy qu\u2019on la trouve, dans l\u2019\u00e9tablissement public de Jules-Ferry, o\u00f9 un dispositif in\u00e9dit a \u00e9t\u00e9 lanc\u00e9 il y a quatre ans. Il\u00a0s\u2019appelle \u00ab\u00a0la classe en architecture\u00a0\u00bb. Une nouvelle forme de p\u00e9dagogie, en somme, lanc\u00e9e tout \u00e0 fait par hasard par Christophe Guilloux.<\/p>\n<p><img decoding=\"async\" src=\"https:\/\/www.europesays.com\/fr\/wp-content\/uploads\/2025\/06\/683fe903df368bf36305c608.1.jpeg\" width=\"480\" height=\"300\" class=\"web_golden_m\" loading=\"lazy\" alt=\"Les formes g\u00e9om\u00e9triques, les mesures, les mots, les expressions, l\u2019histoire et la g\u00e9ographie du b\u00e2timent\u00a0: l\u2019architecture permet d\u2019articuler bien des disciplines.\"\/>Les formes g\u00e9om\u00e9triques, les mesures, les mots, les expressions, l\u2019histoire et la g\u00e9ographie du b\u00e2timent\u00a0: l\u2019architecture permet d\u2019articuler bien des disciplines. (Le T\u00e9l\u00e9gramme\/Pierre Bernard)<\/p>\n<p>Lui est professeur et a la passion de l\u2019instruction chevill\u00e9e au c\u0153ur. Il est aussi doctorant en \u00e9ducation artistique et culturelle et un jour, en discutant avec un ami architecte, ce trentenaire s\u2019est rendu compte que le programme scolaire de primaire pouvait \u00eatre nourri par l\u2019architecture, notamment en histoire. Bingo\u00a0: \u00e7a marche m\u00eame dans toutes les autres disciplines.<\/p>\n<p>\u00ab\u00a0Il est devenu passionn\u00e9\u00a0!\u00a0\u00bb<\/p>\n<p>Selon lui, l\u2019architecture permet ainsi de mieux appr\u00e9hender la lecture. Il faut dire que les ouvrages sur le th\u00e8me, et notamment destin\u00e9s aux enfants, sont innombrables. Elle permet aussi de mieux sensibiliser les subtilit\u00e9s de la g\u00e9om\u00e9trie, avec les grandeurs et les mesures. Elle se pr\u00eate forc\u00e9ment avec l\u2019histoire et la g\u00e9ographie. Et peut m\u00eame \u00eatre utilis\u00e9e en sport. Mais surtout, elle offre l\u2019exp\u00e9rience de la curiosit\u00e9. Car ces jeunes \u00e9l\u00e8ves l\u00e8vent la t\u00eate. Posent leur regard. \u00c9veillent leur int\u00e9r\u00eat. \u00ab\u00a0\ufeff Ils s\u2019int\u00e9ressent, r\u00e9sume le professeur. Et ils me bluffent sans arr\u00eat\u00a0! Leur capacit\u00e9 \u00e0 cr\u00e9er et imaginer est impressionnante\u00a0\u00bb. \u00c0 l\u2019image de Simon, 9 ans, qui \u00e9pate chaque semaine sa maman, Caroline. \u00ab\u00a0Simon revient \u00e0 la maison avec beaucoup de savoirs. Il aime dire tout ce qu\u2019il a appris, il est devenu passionn\u00e9, d\u2019ailleurs il veut devenir architecte\u00a0!\u00a0\u00bb.<\/p>\n<p>\u00ab\u00a0\u00c7a marche aussi pour l\u2019inclusion\u00a0\u00bb<\/p>\n<p>Mais la v\u00e9ritable r\u00e9ussite de cette th\u00e9matisation de classe est de faire sauter les barri\u00e8res. D\u2019\u00e9loigner les diff\u00e9rences. \u00ab\u00a0On ne peut pas \u00eatre en \u00e9chec avec l\u2019architecture car chacun voit \u00e0 sa fa\u00e7on, chacun \u00e0 son regard. \u00c7a marche pour l\u2019\u00e2ge, qui n\u2019a pas d\u2019importance\u00a0: que l\u2019on soit en CP ou en CM2, on a sa propre vision, qui est forc\u00e9ment int\u00e9ressante. Et \u00e7a marche aussi pour l\u2019inclusion\u00a0\u00bb, se f\u00e9licite Christophe Guilloux. Avec l\u2019architecture, en effet, les handicaps s\u2019effacent.<\/p>\n<p><img decoding=\"async\" src=\"https:\/\/www.europesays.com\/fr\/wp-content\/uploads\/2025\/06\/683fe903d1f0f04e2705965e.1.jpeg\" width=\"480\" height=\"300\" class=\"web_golden_m\" loading=\"lazy\" alt=\"Un carreau de c\u00e9ramique qui composera la frise, pos\u00e9e au-dessus des fen\u00eatres du deuxi\u00e8me \u00e9tage de l\u2019\u00e9cole Jules-Ferry.\"\/>Un carreau de c\u00e9ramique qui composera la frise, pos\u00e9e au-dessus des fen\u00eatres du deuxi\u00e8me \u00e9tage de l\u2019\u00e9cole Jules-Ferry. (Le T\u00e9l\u00e9gramme\/Pierre Bernard)<\/p>\n<p>Alors, la magie op\u00e8re. Comme ce mardi 3 juin, \u00e0 l\u2018Atelier Chroma, au 95 rue Nationale, qui a ouvert ses portes aux \u00e9l\u00e8ves afin qu\u2019ils puissent proc\u00e9der \u00e0 l\u2019\u00e9maillage des carreaux de c\u00e9ramique qui composent une frise de leur \u00e9cole qui se trouvaient sur les plans d\u2019\u00e9l\u00e9vation mais qui, \u00e0 l\u2019\u00e9poque et pour des raisons budg\u00e9taires, n\u2019ont pu \u00eatre r\u00e9alis\u00e9s. Aux\u00a0archives de Pontivy, ce sont eux qui ont devin\u00e9 cette frise inexistante aujourd\u2019hui. Bient\u00f4t, si l\u2019architecte des b\u00e2timents de France autorise les travaux, cette frise en c\u00e9ramique compos\u00e9e par les \u00e9l\u00e8ves pourra \u00eatre pos\u00e9e sur l\u2019\u00e9cole. La r\u00e9ussite d\u2019un groupe et d\u2019un professeur. Malgr\u00e9 toutes les diff\u00e9rences. Et \u00e7a, c\u2019est archi\u2026 Chouette.<\/p>\n","protected":false},"excerpt":{"rendered":"L\u00e0, une corniche couronnant d\u00e9licatement le mur de l\u2019\u00e9difice. Ici, un b\u00e2timent art d\u00e9co avec ses parfaites sym\u00e9tries.&hellip;\n","protected":false},"author":2,"featured_media":150948,"comment_status":"","ping_status":"","sticky":false,"template":"","format":"standard","meta":{"footnotes":""},"categories":[1358],"tags":[11,1350,1348,1384,1385,829,1386,58,1122,1057,59,1011,27,4075,3729,6099,1352],"class_list":{"0":"post-150947","1":"post","2":"type-post","3":"status-publish","4":"format-standard","5":"has-post-thumbnail","7":"category-arts-et-design","8":"tag-actualites","9":"tag-architecture","10":"tag-arts","11":"tag-arts-and-design","12":"tag-arts-et-design","13":"tag-bretagne","14":"tag-design","15":"tag-divertissement","16":"tag-ecole","17":"tag-education","18":"tag-entertainment","19":"tag-fr","20":"tag-france","21":"tag-jeunesse","22":"tag-morbihan","23":"tag-pontivy","24":"tag-urbanisme"},"share_on_mastodon":{"url":"https:\/\/pubeurope.com\/@fr\/114624088393439125","error":""},"_links":{"self":[{"href":"https:\/\/www.europesays.com\/fr\/wp-json\/wp\/v2\/posts\/150947","targetHints":{"allow":["GET"]}}],"collection":[{"href":"https:\/\/www.europesays.com\/fr\/wp-json\/wp\/v2\/posts"}],"about":[{"href":"https:\/\/www.europesays.com\/fr\/wp-json\/wp\/v2\/types\/post"}],"author":[{"embeddable":true,"href":"https:\/\/www.europesays.com\/fr\/wp-json\/wp\/v2\/users\/2"}],"replies":[{"embeddable":true,"href":"https:\/\/www.europesays.com\/fr\/wp-json\/wp\/v2\/comments?post=150947"}],"version-history":[{"count":0,"href":"https:\/\/www.europesays.com\/fr\/wp-json\/wp\/v2\/posts\/150947\/revisions"}],"wp:featuredmedia":[{"embeddable":true,"href":"https:\/\/www.europesays.com\/fr\/wp-json\/wp\/v2\/media\/150948"}],"wp:attachment":[{"href":"https:\/\/www.europesays.com\/fr\/wp-json\/wp\/v2\/media?parent=150947"}],"wp:term":[{"taxonomy":"category","embeddable":true,"href":"https:\/\/www.europesays.com\/fr\/wp-json\/wp\/v2\/categories?post=150947"},{"taxonomy":"post_tag","embeddable":true,"href":"https:\/\/www.europesays.com\/fr\/wp-json\/wp\/v2\/tags?post=150947"}],"curies":[{"name":"wp","href":"https:\/\/api.w.org\/{rel}","templated":true}]}}