{"id":150964,"date":"2025-06-04T08:20:10","date_gmt":"2025-06-04T08:20:10","guid":{"rendered":"https:\/\/www.europesays.com\/fr\/150964\/"},"modified":"2025-06-04T08:20:10","modified_gmt":"2025-06-04T08:20:10","slug":"les-valeurs-a-suivre-a-paris-et-en-europe-04-06-2025-a-0858","status":"publish","type":"post","link":"https:\/\/www.europesays.com\/fr\/150964\/","title":{"rendered":"Les valeurs \u00e0 suivre \u00e0 Paris et en Europe &#8211; 04\/06\/2025 \u00e0 08:58"},"content":{"rendered":"<p>\n * R\u00c9MY COINTREAU<br \/>\n <a href=\"https:\/\/www.boursorama.com\/cours\/1rPRCO\/\" rel=\"nofollow noopener\" target=\"_blank\"><br \/>\n  RCOP.PA<br \/>\n <\/a><br \/>\n &#8211; Le fabriquant du cognac R\u00e9my Martin et de la liqueur Cointreau a d\u00e9clar\u00e9 mercredi anticiper un retour \u00e0 la croissance organique de son chiffre d&rsquo;affaires et une croissance organique de son r\u00e9sultat op\u00e9rationnel comprise dans une fourchette d&rsquo;environ 8% \u00e0 12% (\u00ab\u00a0high single-digit\u00a0\u00bb \u00e0 \u00ab\u00a0low double-digit\u00a0\u00bb) en 2025-26, les pr\u00e9visions du groupe fran\u00e7ais excluant cependant l&rsquo;augmentation potentielle des droits de douane en Chine et aux \u00c9tats-Unis.\n<\/p>\n<p>\n * AIRBUS<br \/>\n <a href=\"https:\/\/www.boursorama.com\/cours\/1rPAIR\/\" rel=\"nofollow noopener\" target=\"_blank\"><br \/>\n  AIR.PA<br \/>\n <\/a><br \/>\n &#8211; Des compagnies a\u00e9riennes chinoises envisagent de passer commande de centaines d&rsquo;avions Airbus d\u00e8s le mois prochain, rapporte mercredi l&rsquo;agence Bloomberg, qui cite des sources au fait du dossier.\n<\/p>\n<p>\n * SECTEUR DE L&rsquo;ACIER ET DE L&rsquo;ALUMINIUM &#8211; Les nouveaux droits de douane am\u00e9ricains impos\u00e9s sur la plupart des importations d&rsquo;acier et d&rsquo;aluminium sont entr\u00e9s en vigueur mercredi apr\u00e8s que le pr\u00e9sident am\u00e9ricain Donald Trump a sign\u00e9 mardi soir une proclamation ex\u00e9cutive pr\u00e9voyant leur application.\n<\/p>\n<p>\n * WORLDLINE<br \/>\n <a href=\"https:\/\/www.boursorama.com\/cours\/1rPWLN\/\" rel=\"nofollow noopener\" target=\"_blank\"><br \/>\n  WLN.PA<br \/>\n <\/a><br \/>\n a annonc\u00e9 mardi avoir plac\u00e9 avec succ\u00e8s une \u00e9mission obligataire de 550 millions d&rsquo;euros \u00e0 5 ans.\n<\/p>\n<p>\n * CARREFOUR<br \/>\n <a href=\"https:\/\/www.boursorama.com\/cours\/1rPCA\/\" rel=\"nofollow noopener\" target=\"_blank\"><br \/>\n  CARR.PA<br \/>\n <\/a><br \/>\n , CARMILA<br \/>\n <a href=\"https:\/\/www.boursorama.com\/cours\/1rPCARM\/\" rel=\"nofollow noopener\" target=\"_blank\"><br \/>\n  CARM.PA<br \/>\n <\/a><br \/>\n &#8211; Carrefour a annonc\u00e9 mardi avoir entam\u00e9 la cession de 7% du capital de Carmila via un placement acc\u00e9l\u00e9r\u00e9.\n<\/p>\n<p>\n * EPC GROUPE<br \/>\n <a href=\"https:\/\/www.boursorama.com\/cours\/1rPEXPL\/\" rel=\"nofollow noopener\" target=\"_blank\"><br \/>\n  EEPC.PA<br \/>\n <\/a><br \/>\n a annonc\u00e9 mardi avoir finalis\u00e9 l&rsquo;acquisition de la soci\u00e9t\u00e9 Pirobras au Br\u00e9sil.\n<\/p>\n<p>\n * VOESTALPINE<br \/>\n <a href=\"https:\/\/www.boursorama.com\/cours\/2u0MKX.LQ\/\" rel=\"nofollow noopener\" target=\"_blank\"><br \/>\n  VOES.VI<br \/>\n <\/a><br \/>\n &#8211; Le fabricant autrichien d&rsquo;aciers sp\u00e9ciaux a dit mercredi pr\u00e9voir une l\u00e9g\u00e8re hausse de son b\u00e9n\u00e9fice annuel, qui, selon lui, comprend un impact direct des droits de douane am\u00e9ricains et un niveau \u00e9lev\u00e9 d&rsquo;incertitude en raison de la guerre commerciale.\n<\/p>\n<p>\n * MEDIOBANCA<br \/>\n <a href=\"https:\/\/www.boursorama.com\/cours\/1gMB\/\" rel=\"nofollow noopener\" target=\"_blank\"><br \/>\n  MDBI.MI<br \/>\n <\/a><br \/>\n , BANCA GENERALI<br \/>\n <a href=\"https:\/\/www.boursorama.com\/cours\/1gBGN\/\" rel=\"nofollow noopener\" target=\"_blank\"><br \/>\n  BGN.MI<br \/>\n <\/a><br \/>\n &#8211; Francesco Gaetano Caltagirone, l&rsquo;un des principaux investisseurs de Mediobanca, a appel\u00e9 le conseil d&rsquo;administration de la banque italienne \u00e0 reporter le vote des actionnaires pr\u00e9vu le 16 juin sur le projet d&rsquo;acquisition de Banca Generali.\n<\/p>\n<p>\n Le directeur g\u00e9n\u00e9ral de l&rsquo;assureur Generali<br \/>\n <a href=\"https:\/\/www.boursorama.com\/cours\/1gG\/\" rel=\"nofollow noopener\" target=\"_blank\"><br \/>\n  GASI.MI<br \/>\n <\/a><br \/>\n a par ailleurs d\u00e9clar\u00e9 dans une interview publi\u00e9e mercredi par La Repubblica que l&rsquo;offre de Monte dei Paschi di Siena (MPS)<br \/>\n <a href=\"https:\/\/www.boursorama.com\/cours\/1gBMPS\/\" rel=\"nofollow noopener\" target=\"_blank\"><br \/>\n  BMPS.MI<br \/>\n <\/a><br \/>\n sur Mediobanca n&rsquo;avait pas de sens industriel.\n<\/p>\n<p>\n * RECKITT RKT.L envisage de nouvelles options pour acc\u00e9l\u00e9rer le projet de cession de son activit\u00e9 Essential Home, qui abrite les d\u00e9sodorisants Air Wick et les nettoyants Cillit Bang, ont rapport\u00e9 deux sources inform\u00e9es de l&rsquo;op\u00e9ration.\n<\/p>\n<p>\n * NORWEGIAN AIR\u00a0&#8211; L&rsquo;Etat norv\u00e9gien a commenc\u00e9 \u00e0 \u00e9tudier la possibilit\u00e9 de c\u00e9der sa participation restante de 6,26% dans Norwegian Air, a annonc\u00e9 mardi la compagnie a\u00e9rienne.\n<\/p>\n<p>\n * THYSSENKRUPP NUCERA<br \/>\n <a href=\"https:\/\/www.boursorama.com\/cours\/1zNCH2\/\" rel=\"nofollow noopener\" target=\"_blank\"><br \/>\n  NCH2.DE<br \/>\n <\/a><br \/>\n &#8211; L&rsquo;action est attendue en hausse de plus de 8% apr\u00e8s que le fournisseur d&rsquo;\u00e9quipements pour l&rsquo;hydrog\u00e8ne a sign\u00e9 mardi une \u00e9tude pour un projet d&rsquo;hydrog\u00e8ne vert de 600 MW en Europe.\n<\/p>\n<p>\n * B&amp;M<br \/>\n <a href=\"https:\/\/www.boursorama.com\/cours\/1uBME.L\/\" rel=\"nofollow noopener\" target=\"_blank\"><br \/>\n  BMEB.L<br \/>\n <\/a><br \/>\n &#8211; Le d\u00e9taillant discount britannique a fait \u00e9tat mercredi un chiffre d&rsquo;affaires de 5,6 milliards de livres (6,66 milliards d&rsquo;euros), en de\u00e7\u00e0 des attentes, la baisse de la demande des consommateurs et l&rsquo;inflation persistante ayant entrav\u00e9 ses activit\u00e9s au Royaume-Uni.\n<\/p>\n<p>\n * SWEDBANK<br \/>\n <a href=\"https:\/\/www.boursorama.com\/cours\/2u0H6T.LQ\/\" rel=\"nofollow noopener\" target=\"_blank\"><br \/>\n  SWEDa.ST<br \/>\n <\/a><br \/>\n &#8211; La banque su\u00e9doise a d\u00e9clar\u00e9 mercredi qu&rsquo;il se fixait pour objectif un rendement des capitaux propres d&rsquo;au moins 15% dans les ann\u00e9es \u00e0 venir, ce qui correspond \u00e0 peu pr\u00e8s \u00e0 l&rsquo;objectif qu&rsquo;il s&rsquo;\u00e9tait fix\u00e9 jusqu&rsquo;\u00e0 la fin de cette ann\u00e9e.\n<\/p>\n<p>\n (R\u00e9dig\u00e9 par Claude Chendjou et Diana Mandia, \u00e9dit\u00e9 par Augustin Turpin)<\/p>\n","protected":false},"excerpt":{"rendered":"* R\u00c9MY COINTREAU RCOP.PA &#8211; Le fabriquant du cognac R\u00e9my Martin et de la liqueur Cointreau a d\u00e9clar\u00e9&hellip;\n","protected":false},"author":2,"featured_media":64038,"comment_status":"","ping_status":"","sticky":false,"template":"","format":"standard","meta":{"footnotes":""},"categories":[6],"tags":[400,398,408,35,405,33,34,1011,27,403,402,399,404,401,406,407],"class_list":{"0":"post-150964","1":"post","2":"type-post","3":"status-publish","4":"format-standard","5":"has-post-thumbnail","7":"category-economie","8":"tag-action-cac-40","9":"tag-bourse-de-paris","10":"tag-boursorama","11":"tag-business","12":"tag-cotations","13":"tag-economie","14":"tag-economy","15":"tag-fr","16":"tag-france","17":"tag-indices-devises","18":"tag-investir","19":"tag-investissement","20":"tag-marche-boursier","21":"tag-sicav","22":"tag-trackers","23":"tag-warrants"},"share_on_mastodon":{"url":"https:\/\/pubeurope.com\/@fr\/114624123659695025","error":""},"_links":{"self":[{"href":"https:\/\/www.europesays.com\/fr\/wp-json\/wp\/v2\/posts\/150964","targetHints":{"allow":["GET"]}}],"collection":[{"href":"https:\/\/www.europesays.com\/fr\/wp-json\/wp\/v2\/posts"}],"about":[{"href":"https:\/\/www.europesays.com\/fr\/wp-json\/wp\/v2\/types\/post"}],"author":[{"embeddable":true,"href":"https:\/\/www.europesays.com\/fr\/wp-json\/wp\/v2\/users\/2"}],"replies":[{"embeddable":true,"href":"https:\/\/www.europesays.com\/fr\/wp-json\/wp\/v2\/comments?post=150964"}],"version-history":[{"count":0,"href":"https:\/\/www.europesays.com\/fr\/wp-json\/wp\/v2\/posts\/150964\/revisions"}],"wp:featuredmedia":[{"embeddable":true,"href":"https:\/\/www.europesays.com\/fr\/wp-json\/wp\/v2\/media\/64038"}],"wp:attachment":[{"href":"https:\/\/www.europesays.com\/fr\/wp-json\/wp\/v2\/media?parent=150964"}],"wp:term":[{"taxonomy":"category","embeddable":true,"href":"https:\/\/www.europesays.com\/fr\/wp-json\/wp\/v2\/categories?post=150964"},{"taxonomy":"post_tag","embeddable":true,"href":"https:\/\/www.europesays.com\/fr\/wp-json\/wp\/v2\/tags?post=150964"}],"curies":[{"name":"wp","href":"https:\/\/api.w.org\/{rel}","templated":true}]}}