{"id":150986,"date":"2025-06-04T08:32:08","date_gmt":"2025-06-04T08:32:08","guid":{"rendered":"https:\/\/www.europesays.com\/fr\/150986\/"},"modified":"2025-06-04T08:32:08","modified_gmt":"2025-06-04T08:32:08","slug":"a-lhistorial-jeanne-darc-de-rouen-laissez-vous-embarquer-par-larbre-soleil-dans-une-experience-sensorielle-sous-une-yourte","status":"publish","type":"post","link":"https:\/\/www.europesays.com\/fr\/150986\/","title":{"rendered":"A l\u2019Historial Jeanne d\u2019Arc de Rouen, laissez-vous embarquer par l\u2019Arbre-Soleil dans une exp\u00e9rience sensorielle sous une yourte"},"content":{"rendered":"<p class=\"paragraph text_align_left\">Dans la magnifique salle des Etats de <a href=\"https:\/\/www.historial-jeannedarc.fr\/infos-pratiques\/\" target=\"_self\" rel=\"noopener\">l\u2019Historial Jeanne-d\u2019Arc<\/a> \u00e0 Rouen, le mus\u00e9e consacr\u00e9 \u00e0 <a href=\"https:\/\/www.leparisien.fr\/seine-maritime-76\/le-retour-en-force-de-jeanne-darc-a-rouen-13-04-2022-KPZZTILZKVHYTIOXZOVCFPWMLU.php\" target=\"_self\" rel=\"noopener\">l\u2019h\u00e9ro\u00efne m\u00e9di\u00e9vale<\/a> pr\u00e8s de la cath\u00e9drale, la yourte install\u00e9e \u00e0 m\u00eame le sol intrigue. Dr\u00f4le d\u2019endroit pour aller camper ! Rapidement, la petite porte ouverte aiguise la curiosit\u00e9 et pousse \u00e0 la d\u00e9couverte de cette installation imagin\u00e9e par le studio Onyo, sp\u00e9cialis\u00e9 dans les exp\u00e9riences immersives, dans le cadre du 10e anniversaire du site et de son festival [R]Evolutions.<\/p>\n<p class=\"paragraph text_align_left\">Guid\u00e9 par le gardien des lieux, chacun est invit\u00e9 \u00e0 prendre place sur de confortables coussins dispos\u00e9s en cercle autour d\u2019une sculpture lumineuse repr\u00e9sentant l\u2019Arbre-Soleil. \u00ab Dans des temps imm\u00e9moriaux, une divinit\u00e9 du soleil a plac\u00e9 un fragment de son c\u0153ur dans un arbre, explique-t-il. \u00ab Ainsi naquit l\u2019Arbre-Soleil, qui sortit le monde de l\u2019obscurit\u00e9 et permit \u00e0 la vie de se d\u00e9velopper. Mais cette \u00e9nergie n\u2019est pas \u00e9ternelle. Tous les cent ans, les vivants se rassemblent lors d\u2019un rituel sacr\u00e9 pour lui restituer cette \u00e9nergie. Et ce moment est arriv\u00e9&#8230; \u00bb<\/p>\n<p>Une faune et une flore imaginaire<\/p>\n<p class=\"paragraph text_align_left\">L\u2019heure est donc venue de s\u2019emparer des casques audios pos\u00e9s tout \u00e0 c\u00f4t\u00e9 pour partir dans un voyage sonore tout en fermant les yeux. Rapidement, l\u2019espace est envahi de sons, de voix, proches ou lointaines. Une flore et une faune imaginaires prennent vie, du relief presque. Une lumi\u00e8re enveloppante s\u2019immisce entre les paupi\u00e8res closes. Et les animaux se posent la question de savoir si ces humains sont bien compatibles avec cette c\u00e9r\u00e9monie magique. Mais comme chacun y met du sien au bout d\u2019une petite vingtaine de minutes, l\u2019Arbre-Soleil brille \u00e0 nouveau. <\/p>\n<p class=\"paragraph text_align_left\">Influenc\u00e9 par l\u2019\u0153uvre du philosophe Baptiste Morizot, ce conte consacr\u00e9 aux relations entre l\u2019humain et le vivant est \u00e9videmment propice \u00e0 la r\u00e9flexion sur l\u2019action des hommes sur leur environnement. Et malgr\u00e9 l\u2019enveloppe protectrice de cette yourte presque coup\u00e9e du monde, on se surprend une fois la mission accomplie \u00e0 faire des liens avec l\u2019actualit\u00e9. Avec <a href=\"https:\/\/www.leparisien.fr\/seine-maritime-76\/a-rouen-la-qualite-de-lair-sameliore-la-metropole-lance-un-passe-pour-les-vehicules-les-plus-polluants-14-07-2024-6M4OTJPSRBDQ3PCQEYTKAX4NTE.php\" target=\"_self\" rel=\"noopener\">ces ZFE qui disparaissent<\/a> ou <a href=\"https:\/\/www.leparisien.fr\/environnement\/climat\/a69-la-cour-dappel-administrative-de-toulouse-autorise-la-reprise-des-travaux-28-05-2025-KL34P73UUFEXHG7X3TJFOSQHJM.php\" target=\"_self\" rel=\"noopener\">ces autoroutes qui renaissent<\/a>. <\/p>\n<p>Un sentiment de calme et de relaxation <\/p>\n<p class=\"paragraph text_align_left\">\u00ab Alors, comment vous sentez-vous ? \u00bb, interroge doucement le ma\u00eetre de c\u00e9r\u00e9monie. \u00ab C\u2019est une exp\u00e9rience \u00e0 vivre, tr\u00e8s \u00e9tonnante, lui r\u00e9pond Gwena\u00eblle. On a vraiment l\u2019impression de se retrouver en pleine nature. On se laisse embarquer par les voix. Au d\u00e9but, j\u2019ai m\u00eame vraiment cru que c\u2019\u00e9tait tout \u00e0 c\u00f4t\u00e9 de moi. \u00bb<\/p>\n<p class=\"paragraph text_align_left\">En fin de compte, l\u2019Arbre-Soleil dispense surtout un fort sentiment de calme et relaxation, comme le confirme la petite Suzanne, 9 ans, sur une petite fiche accroch\u00e9e \u00e0 l\u2019ext\u00e9rieur de la yourte : \u00ab Merci beaucoup, j\u2019ai \u00e9t\u00e9 apais\u00e9e, m\u00eame si j\u2019ai si j\u2019ai ouvert les yeux tout le temps ! \u00bb Personne ne lui en voudra. A voir du mercredi au dimanche, de 16 h \u00e0 19 h (sessions toutes les 30 min) jusqu\u2019au mercredi 11 juin. Entr\u00e9e : 5 \u20ac.<\/p>\n","protected":false},"excerpt":{"rendered":"Dans la magnifique salle des Etats de l\u2019Historial Jeanne-d\u2019Arc \u00e0 Rouen, le mus\u00e9e consacr\u00e9 \u00e0 l\u2019h\u00e9ro\u00efne m\u00e9di\u00e9vale pr\u00e8s&hellip;\n","protected":false},"author":2,"featured_media":150987,"comment_status":"","ping_status":"","sticky":false,"template":"","format":"standard","meta":{"footnotes":""},"categories":[9587],"tags":[1111,917,11,872,459,1777,674,1011,27,12,5161,25,9590,11074],"class_list":{"0":"post-150986","1":"post","2":"type-post","3":"status-publish","4":"format-standard","5":"has-post-thumbnail","7":"category-rouen","8":"tag-actu","9":"tag-actu-locale","10":"tag-actualites","11":"tag-culture-et-loisirs","12":"tag-departements-horsidfo","13":"tag-eu","14":"tag-europe","15":"tag-fr","16":"tag-france","17":"tag-news","18":"tag-normandie","19":"tag-republique-francaise","20":"tag-rouen","21":"tag-seine-maritime-76"},"share_on_mastodon":{"url":"https:\/\/pubeurope.com\/@fr\/114624170840810876","error":""},"_links":{"self":[{"href":"https:\/\/www.europesays.com\/fr\/wp-json\/wp\/v2\/posts\/150986","targetHints":{"allow":["GET"]}}],"collection":[{"href":"https:\/\/www.europesays.com\/fr\/wp-json\/wp\/v2\/posts"}],"about":[{"href":"https:\/\/www.europesays.com\/fr\/wp-json\/wp\/v2\/types\/post"}],"author":[{"embeddable":true,"href":"https:\/\/www.europesays.com\/fr\/wp-json\/wp\/v2\/users\/2"}],"replies":[{"embeddable":true,"href":"https:\/\/www.europesays.com\/fr\/wp-json\/wp\/v2\/comments?post=150986"}],"version-history":[{"count":0,"href":"https:\/\/www.europesays.com\/fr\/wp-json\/wp\/v2\/posts\/150986\/revisions"}],"wp:featuredmedia":[{"embeddable":true,"href":"https:\/\/www.europesays.com\/fr\/wp-json\/wp\/v2\/media\/150987"}],"wp:attachment":[{"href":"https:\/\/www.europesays.com\/fr\/wp-json\/wp\/v2\/media?parent=150986"}],"wp:term":[{"taxonomy":"category","embeddable":true,"href":"https:\/\/www.europesays.com\/fr\/wp-json\/wp\/v2\/categories?post=150986"},{"taxonomy":"post_tag","embeddable":true,"href":"https:\/\/www.europesays.com\/fr\/wp-json\/wp\/v2\/tags?post=150986"}],"curies":[{"name":"wp","href":"https:\/\/api.w.org\/{rel}","templated":true}]}}