{"id":150990,"date":"2025-06-04T08:35:10","date_gmt":"2025-06-04T08:35:10","guid":{"rendered":"https:\/\/www.europesays.com\/fr\/150990\/"},"modified":"2025-06-04T08:35:10","modified_gmt":"2025-06-04T08:35:10","slug":"ladolescent-percute-apres-la-victoire-du-psg-est-sorti-du-coma","status":"publish","type":"post","link":"https:\/\/www.europesays.com\/fr\/150990\/","title":{"rendered":"l\u2019adolescent percut\u00e9 apr\u00e8s la victoire du PSG est sorti du coma"},"content":{"rendered":"<p>\t\t\t\t\t\t\t\t\t\t\t<img loading=\"lazy\" decoding=\"async\" width=\"1110\" title=\"Grenoble\u00a0: l\u2019adolescent percut\u00e9 apr\u00e8s la victoire du PSG est sorti du coma\" class=\"img-fluid not_lzld mb-3\" src=\"https:\/\/www.europesays.com\/fr\/wp-content\/uploads\/2025\/06\/1110x624_grenoble-l-adolescent-percute-apres-la-victoire-du-psg-est-sorti-du-coma_683ff899af898.webp\" alt=\"Grenoble\u00a0: l\u2019adolescent percut\u00e9 apr\u00e8s la victoire du PSG est sorti du coma\" itemprop=\"image\" height=\"624\"\/>\t\t\t\t\t\t\t\t\t\t\t\t<\/p>\n<p>Grenoble\u00a0: l\u2019adolescent percut\u00e9 apr\u00e8s la victoire du PSG est sorti du coma &#8211; DR<\/p>\n<p itemprop=\"description\"><strong>L\u2019adolescent fauch\u00e9 lors des festivit\u00e9s li\u00e9es \u00e0 la victoire du PSG en Ligue des Champions est sorti du coma ce mardi.<\/strong><\/p>\n<p class=\"x_MsoNormal\" style=\"color: #242424; font-style: normal; font-variant-ligatures: normal; font-variant-caps: normal; font-weight: 400; letter-spacing: normal; orphans: 2; text-align: start; text-indent: 0px; text-transform: none; widows: 2; word-spacing: 0px; -webkit-text-stroke-width: 0px; white-space: normal; background-color: #ffffff; text-decoration-thickness: initial; text-decoration-style: initial; text-decoration-color: initial; margin: 0cm 0cm 8pt; line-height: 18.4px; font-size: 12pt; font-family: Calibri, sans-serif;\">Samedi soir, quatre membres d\u2019une m\u00eame famille ont \u00e9t\u00e9 percut\u00e9s sur le cours Jean-Jaur\u00e8s par un automobiliste de 19 ans, alors qu\u2019ils sortaient dans les rues de Grenoble pour f\u00eater la victoire du Paris-SG en Ligue des Champions. L\u2019un des membres, un adolescent de 17 ans, avait \u00e9t\u00e9 s\u00e9rieusement touch\u00e9. Transport\u00e9 en urgence \u00e0 l\u2019h\u00f4pital, il avait \u00e9t\u00e9 plac\u00e9 dans le coma.<\/p>\n<p class=\"x_MsoNormal\" style=\"color: #242424; font-style: normal; font-variant-ligatures: normal; font-variant-caps: normal; font-weight: 400; letter-spacing: normal; orphans: 2; text-align: start; text-indent: 0px; text-transform: none; widows: 2; word-spacing: 0px; -webkit-text-stroke-width: 0px; white-space: normal; background-color: #ffffff; text-decoration-thickness: initial; text-decoration-style: initial; text-decoration-color: initial; margin: 0cm 0cm 8pt; line-height: 18.4px; font-size: 12pt; font-family: Calibri, sans-serif;\">D\u2019apr\u00e8s les derni\u00e8res informations du Dauphin\u00e9 Lib\u00e9r\u00e9, mardi soir, ce dernier serait sorti du coma. Son pronostic vital ne serait plus engag\u00e9, mais son \u00e9tat de sant\u00e9 resterait toujours inqui\u00e9tant. Quant \u00e0 sa cousine \u00e2g\u00e9e de 23 ans, celle-ci est toujours hospitalis\u00e9. Elle devra subir plusieurs interventions chirurgicales.<\/p>\n<p class=\"x_MsoNormal\" style=\"color: #242424; font-style: normal; font-variant-ligatures: normal; font-variant-caps: normal; font-weight: 400; letter-spacing: normal; orphans: 2; text-align: start; text-indent: 0px; text-transform: none; widows: 2; word-spacing: 0px; -webkit-text-stroke-width: 0px; white-space: normal; background-color: #ffffff; text-decoration-thickness: initial; text-decoration-style: initial; text-decoration-color: initial; margin: 0cm 0cm 8pt; line-height: 18.4px; font-size: 12pt; font-family: Calibri, sans-serif;\">Le suspect a \u00e9t\u00e9 plac\u00e9 en garde \u00e0 vue, avant d\u2019\u00eatre pr\u00e9sent\u00e9 au parquet de Grenoble en d\u00e9but de semaine. Comme nous vous l\u2019annoncions ce mardi, il devra compara\u00eetre au tribunal correctionnel le 23 juillet prochain. L\u2019enqu\u00eate est toujours en cours.<\/p>\n","protected":false},"excerpt":{"rendered":"Grenoble\u00a0: l\u2019adolescent percut\u00e9 apr\u00e8s la victoire du PSG est sorti du coma &#8211; DR L\u2019adolescent fauch\u00e9 lors des&hellip;\n","protected":false},"author":2,"featured_media":150991,"comment_status":"","ping_status":"","sticky":false,"template":"","format":"standard","meta":{"footnotes":""},"categories":[9566],"tags":[1111,11,7733,8279,2430,7736,650,7734,2889,2263,1777,674,1011,27,2731,8280,6417,1114,108,4662,12,3725,1825,25,7737],"class_list":{"0":"post-150990","1":"post","2":"type-post","3":"status-publish","4":"format-standard","5":"has-post-thumbnail","7":"category-grenoble","8":"tag-actu","9":"tag-actualites","10":"tag-alpes","11":"tag-alpes1","12":"tag-auvergne-rhone-alpes","13":"tag-cds","14":"tag-cinema","15":"tag-ecoute","16":"tag-emission","17":"tag-equipe","18":"tag-eu","19":"tag-europe","20":"tag-fr","21":"tag-france","22":"tag-grenoble","23":"tag-haute","24":"tag-information","25":"tag-infos","26":"tag-isere","27":"tag-journal","28":"tag-news","29":"tag-podcast","30":"tag-radio","31":"tag-republique-francaise","32":"tag-winamp"},"share_on_mastodon":{"url":"https:\/\/pubeurope.com\/@fr\/114624182633014221","error":""},"_links":{"self":[{"href":"https:\/\/www.europesays.com\/fr\/wp-json\/wp\/v2\/posts\/150990","targetHints":{"allow":["GET"]}}],"collection":[{"href":"https:\/\/www.europesays.com\/fr\/wp-json\/wp\/v2\/posts"}],"about":[{"href":"https:\/\/www.europesays.com\/fr\/wp-json\/wp\/v2\/types\/post"}],"author":[{"embeddable":true,"href":"https:\/\/www.europesays.com\/fr\/wp-json\/wp\/v2\/users\/2"}],"replies":[{"embeddable":true,"href":"https:\/\/www.europesays.com\/fr\/wp-json\/wp\/v2\/comments?post=150990"}],"version-history":[{"count":0,"href":"https:\/\/www.europesays.com\/fr\/wp-json\/wp\/v2\/posts\/150990\/revisions"}],"wp:featuredmedia":[{"embeddable":true,"href":"https:\/\/www.europesays.com\/fr\/wp-json\/wp\/v2\/media\/150991"}],"wp:attachment":[{"href":"https:\/\/www.europesays.com\/fr\/wp-json\/wp\/v2\/media?parent=150990"}],"wp:term":[{"taxonomy":"category","embeddable":true,"href":"https:\/\/www.europesays.com\/fr\/wp-json\/wp\/v2\/categories?post=150990"},{"taxonomy":"post_tag","embeddable":true,"href":"https:\/\/www.europesays.com\/fr\/wp-json\/wp\/v2\/tags?post=150990"}],"curies":[{"name":"wp","href":"https:\/\/api.w.org\/{rel}","templated":true}]}}