{"id":150999,"date":"2025-06-04T08:40:08","date_gmt":"2025-06-04T08:40:08","guid":{"rendered":"https:\/\/www.europesays.com\/fr\/150999\/"},"modified":"2025-06-04T08:40:08","modified_gmt":"2025-06-04T08:40:08","slug":"au-moins-70-chefs-detats-dont-emmanuel-macron-vont-diner-au-negresco-pendant-le-sommet-des-oceans-unoc-a-nice","status":"publish","type":"post","link":"https:\/\/www.europesays.com\/fr\/150999\/","title":{"rendered":"Au moins 70 chefs d&rsquo;Etats dont Emmanuel Macron vont d\u00eener au Negresco pendant le Sommet des oc\u00e9ans Unoc \u00e0 Nice"},"content":{"rendered":"<p>Il en va de l\u2019image de la France! Le pays du luxe et de la gastronomie a une r\u00e9putation \u00e0 tenir. Surtout lorsqu\u2019il re\u00e7oit le monde entier.<\/p>\n<p>Plus de 70 chefs d\u2019\u00c9tat et de gouvernements se retrouveront \u00e0 Nice dimanche pour la 3e\u00a0conf\u00e9rence onusienne sur l\u2019oc\u00e9an. <strong>Et c\u2019est \u00e0 la table du Negresco qu\u2019Emmanuel Macron a souhait\u00e9 les convier<\/strong>, le soir venu, pour un d\u00eener officiel.<\/p>\n<p>Plusieurs chefs de renomm\u00e9e en cuisine\u00a0<\/p>\n<p>Le choix de l\u2019embl\u00e9matique palace de la promenade des Anglais, avec sa fa\u00e7ade et son salon Royal class\u00e9s aux Monuments historiques, ne doit au rien au hasard. Cet h\u00f4tel ind\u00e9pendant fran\u00e7ais, labellis\u00e9 \u00ab\u00a0Entreprise du patrimoine vivant\u00a0\u00bb, peut compter sur le talent de sa cheffe, Virginie Basselot, meilleure ouvri\u00e8re de France, qui a su revisiter habilement les codes de la grande gastronomie.<\/p>\n<p><strong>Le Chantecler<\/strong>, un des trois restaurants du Negresco, est d\u2019ailleurs \u00e9toil\u00e9 au guide Michelin. Comme si cela ne suffisait pas, le menu, tout sp\u00e9cialement imagin\u00e9 pour<strong> ce d\u00eener de gala, a \u00e9t\u00e9 r\u00e9alis\u00e9 par plusieurs chefs fran\u00e7ais renomm\u00e9s<\/strong>.<\/p>\n<p>Il mettra \u00e0 l\u2019honneur des <strong>produits locaux, l\u00e9gumes de saisons et poissons de la M\u00e9diterran\u00e9e.<\/strong><\/p>\n","protected":false},"excerpt":{"rendered":"Il en va de l\u2019image de la France! Le pays du luxe et de la gastronomie a une&hellip;\n","protected":false},"author":2,"featured_media":151000,"comment_status":"","ping_status":"","sticky":false,"template":"","format":"standard","meta":{"footnotes":""},"categories":[2819],"tags":[1111,11,1777,674,332,1011,27,12,2401,882,25],"class_list":{"0":"post-150999","1":"post","2":"type-post","3":"status-publish","4":"format-standard","5":"has-post-thumbnail","7":"category-nice","8":"tag-actu","9":"tag-actualites","10":"tag-eu","11":"tag-europe","12":"tag-faits-de-societe","13":"tag-fr","14":"tag-france","15":"tag-news","16":"tag-nice","17":"tag-provence-alpes-cote-dazur","18":"tag-republique-francaise"},"share_on_mastodon":{"url":"https:\/\/pubeurope.com\/@fr\/114624202267521161","error":""},"_links":{"self":[{"href":"https:\/\/www.europesays.com\/fr\/wp-json\/wp\/v2\/posts\/150999","targetHints":{"allow":["GET"]}}],"collection":[{"href":"https:\/\/www.europesays.com\/fr\/wp-json\/wp\/v2\/posts"}],"about":[{"href":"https:\/\/www.europesays.com\/fr\/wp-json\/wp\/v2\/types\/post"}],"author":[{"embeddable":true,"href":"https:\/\/www.europesays.com\/fr\/wp-json\/wp\/v2\/users\/2"}],"replies":[{"embeddable":true,"href":"https:\/\/www.europesays.com\/fr\/wp-json\/wp\/v2\/comments?post=150999"}],"version-history":[{"count":0,"href":"https:\/\/www.europesays.com\/fr\/wp-json\/wp\/v2\/posts\/150999\/revisions"}],"wp:featuredmedia":[{"embeddable":true,"href":"https:\/\/www.europesays.com\/fr\/wp-json\/wp\/v2\/media\/151000"}],"wp:attachment":[{"href":"https:\/\/www.europesays.com\/fr\/wp-json\/wp\/v2\/media?parent=150999"}],"wp:term":[{"taxonomy":"category","embeddable":true,"href":"https:\/\/www.europesays.com\/fr\/wp-json\/wp\/v2\/categories?post=150999"},{"taxonomy":"post_tag","embeddable":true,"href":"https:\/\/www.europesays.com\/fr\/wp-json\/wp\/v2\/tags?post=150999"}],"curies":[{"name":"wp","href":"https:\/\/api.w.org\/{rel}","templated":true}]}}