{"id":151003,"date":"2025-06-04T08:42:13","date_gmt":"2025-06-04T08:42:13","guid":{"rendered":"https:\/\/www.europesays.com\/fr\/151003\/"},"modified":"2025-06-04T08:42:13","modified_gmt":"2025-06-04T08:42:13","slug":"le-terrain-dinsertion-temporaire-pour-roms-va-finalement-voir-le-jour-malgre-lopposition-des-riverains","status":"publish","type":"post","link":"https:\/\/www.europesays.com\/fr\/151003\/","title":{"rendered":"le terrain d\u2019insertion temporaire pour Roms va finalement voir le jour malgr\u00e9 l\u2019opposition des riverains"},"content":{"rendered":"<p>Les mobile-homes ont \u00e9t\u00e9 install\u00e9s mardi, sous les yeux de riverains m\u00e9contents. Pionnier dans la m\u00e9tropole nantaise, ce projet vise \u00e0 accueillir temporairement les familles en attendant qu\u2019elles rejoignent un logement social.<\/p>\n<p class=\"fig-paragraph\">Le\u00a0<a href=\"http:\/\/www.lefigaro.fr\/nantes\/comment-des-riverains-ont-fait-interrompre-les-travaux-en-cours-d-un-terrain-d-insertion-pour-roms-pres-de-nantes-20240311\" target=\"_blank\" data-fig-type=\"NewsFlash\" rel=\"noopener\" data-gtm-custom-categorie=\"navigation\" data-gtm-custom-action=\"crossclick\" data-gtm-custom-label=\"Contextuel\" data-gtm-event=\"customEventSPE\" data-fig-domain=\"LEFIGARO\">terrain d\u2019insertion temporaire<\/a>\u00a0de\u00a0<a href=\"http:\/\/www.lefigaro.fr\/nantes\/pres-de-nantes-une-femme-en-garde-a-vue-pour-avoir-tente-de-poignarder-un-policier-20250522\" target=\"_blank\" data-fig-type=\"NewsFlash\" rel=\"noopener\" data-gtm-custom-categorie=\"navigation\" data-gtm-custom-action=\"crossclick\" data-gtm-custom-label=\"Contextuel\" data-gtm-event=\"customEventSPE\" data-fig-domain=\"LEFIGARO\">Saint-Herblain<\/a>\u00a0(Loire-Atlantique) verra finalement bien le jour. Pionnier dans la m\u00e9tropole nantaise, ce projet vise accueillir des familles\u00a0<a href=\"http:\/\/www.lefigaro.fr\/nantes\/pres-de-nantes-le-combat-d-un-proprietaire-pour-empecher-des-roms-de-squatter-son-terrain-20240426\" target=\"_blank\" data-fig-type=\"NewsFlash\" rel=\"noopener\" data-gtm-custom-categorie=\"navigation\" data-gtm-custom-action=\"crossclick\" data-gtm-custom-label=\"Contextuel\" data-gtm-event=\"customEventSPE\" data-fig-domain=\"LEFIGARO\">Roms<\/a>\u00a0pour une dur\u00e9e de quatre mois renouvelables, en attendant leur int\u00e9gration dans un logement social. Mardi, les 14 mobile homes destin\u00e9s \u00e0 h\u00e9berger les futurs occupants ont \u00e9t\u00e9 install\u00e9s au lieu-dit L\u2019Ormeli\u00e8re.<\/p>\n<p class=\"fig-paragraph\">Pour l\u2019occasion, quelques dizaines de riverains se sont r\u00e9unis toute la matin\u00e9e pour signifier leur d\u00e9sapprobation. Pour eux, la pilule est particuli\u00e8rement difficile \u00e0 avaler. En f\u00e9vrier 2024, le Conseil d\u2019\u00c9tat leur avait donn\u00e9 raison en\u00a0<a href=\"http:\/\/www.lefigaro.fr\/nantes\/estime-a-un-million-d-euros-un-terrain-d-insertion-pour-roms-presque-acheve-retoque-par-le-tribunal-de-nantes-20240614\" target=\"_blank\" data-fig-type=\"NewsFlash\" rel=\"noopener\" data-gtm-custom-categorie=\"navigation\" data-gtm-custom-action=\"crossclick\" data-gtm-custom-label=\"Contextuel\" data-gtm-event=\"customEventSPE\" data-fig-domain=\"LEFIGARO\">retoquant le projet<\/a>\u00a0de la municipalit\u00e9. Les travaux avaient d\u2019ailleurs \u00e9t\u00e9 stopp\u00e9s du jour au lendemain avant de reprendre un an plus tard.<\/p>\n<p>Incompatible avec le PLUm<\/p>\n<p class=\"fig-paragraph\">\u00abLe projet ne nous semblait pas pertinent pour plusieurs raisons, rappelle Luc Vandeputte, pr\u00e9sident de l\u2019Association des Villages R\u00e9unis de Saint-Herblain Ouest qui a port\u00e9 l\u2019affaire devant le tribunal administratif. D\u2019abord pour une pr\u00e9occupation environnementale, car il s\u2019agissait d\u2019une zone agricole, zone humide, qui accueillait des oiseaux migrateurs (plus de 40 esp\u00e8ces d\u2019oiseaux identifi\u00e9es), mais aussi pour des raisons de zonage (des logements sur une zone agricole)\u00bb.<\/p>\n<p class=\"fig-paragraph\"><a href=\"http:\/\/www.conseil-etat.fr\/fr\/arianeweb\/CE\/decision\/2024-02-23\/481576\" target=\"_blank\" rel=\"noopener\" data-gtm-custom-categorie=\"navigation\" data-gtm-custom-action=\"crossclick\" data-gtm-custom-label=\"Contextuel\" data-gtm-event=\"customEventSPE\">Dans sa d\u00e9cision<\/a>, le Conseil d\u2019\u00c9tat a estim\u00e9 que le zonage Acl4 du terrain n\u2019\u00e9tait pas compatible avec un projet de \u00ablogement, h\u00e9bergement\u00bb. La municipalit\u00e9, qui pensait de son c\u00f4t\u00e9 le faire passer en \u00e9quipement d\u2019int\u00e9r\u00eat collectif, a donc demand\u00e9 \u00e0 la m\u00e9tropole de modifier le PLUm en transformant l\u2019emplacement en Acl3. Ce nouveau zonage a permis \u00e0 la municipalit\u00e9 de reprendre le projet dans les r\u00e8gles et de contourner la d\u00e9cision de la plus haute juridiction. Bien que l\u00e9gale, cette mani\u00e8re de faire a sid\u00e9r\u00e9 les \u00e9lus de l\u2019opposition municipale et les voisins qui y sont oppos\u00e9s.<\/p>\n<p class=\"fig-paragraph\">\u00abJe comprends leur \u00e9tonnement, qui a aussi \u00e9t\u00e9 le n\u00f4tre lorsqu\u2019on a mont\u00e9 le dossier. Les services qui ont instruit le projet nous avaient assur\u00e9 que le zonage \u00e9tait le bon\u00bb, r\u00e9pond Jocelyn Gendek, conseiller municipal de la majorit\u00e9, en charge de la Tranquillit\u00e9 publique et de la pr\u00e9vention des risques. \u00abQuand la d\u00e9cision de justice est tomb\u00e9e, on s\u2019est rendu compte qu\u2019on avait la possibilit\u00e9 de modifier le zonage car il y avait un flou juridique sur ces terrains d\u2019insertion\u00bb, poursuit celui qui \u00e9tait sur place mardi matin.<\/p>\n<p>Absence de concertation<\/p>\n<p class=\"fig-paragraph\">\u00abL\u2019ambiance \u00e9tait courtoise\u00bb, t\u00e9moigne l\u2019\u00e9lu qui a recueilli les plaintes des manifestants. Parmi elles, le co\u00fbt (1.150.000\u20ac), l\u2019absence de concertation et des interrogations sur le fond. \u00abNous sommes en contact avec des familles Roms et nous avons compris, en \u00e9changeant avec eux, que cette d\u00e9marche ne correspondait absolument pas \u00e0 leur attente, ni \u00e0 la culture de cette population qui pr\u00e9conise la vie en communaut\u00e9. Si la\u00a0<a href=\"https:\/\/www.lefigaro.fr\/actualite-france\/main-d-oeuvre-debrouille-et-larcins-au-coeur-des-56-bidonvilles-du-pays-nantais-20230523\" target=\"_blank\" data-fig-type=\"Article\" rel=\"noopener\" data-gtm-custom-categorie=\"navigation\" data-gtm-custom-action=\"crossclick\" data-gtm-custom-label=\"Contextuel\" data-gtm-event=\"customEventSPE\" data-fig-domain=\"LEFIGARO\">multiplication des bidonvilles<\/a> \u00a0pose un v\u00e9ritable probl\u00e8me sur la m\u00e9tropole nantaise, la formule des terrains d\u2019insertion ne participera absolument pas \u00e0 leur r\u00e9sorption\u00bb, \u00e9nonce ainsi Luc Vandeputte.<\/p>\n<p class=\"fig-paragraph\">\u00abSur les 3000 personnes Roms de la m\u00e9tropole, une grande partie souhaite vivre normalement, en dehors d\u2019une caravane, dans des conditions acceptables\u00bb, r\u00e9torque de son c\u00f4t\u00e9 l\u2019\u00e9lu Jocelyn Gendek. Aussi, \u00abau sein des bidonvilles, il y a des notions d\u2019emprise. Vous avez un chef de camp qui se permet de ponctionner le peu de ressources que peuvent avoir certaines familles. Or, il y a des familles qui veulent vraiment sortir de ces bidonvilles et int\u00e9grer un parcours r\u00e9sidentiel classique\u00bb. Les familles attendues sur le terrain herblinois devraient faire partie de cette cat\u00e9gorie, avec des parents travailleurs et des enfants scolaris\u00e9s.<\/p>\n<p class=\"fig-paragraph\">Concernant l\u2019aspect financier, le conseiller municipal indique que la ville prend en charge 200.000\u20ac, le reste \u00e9tant subventionn\u00e9 par l\u2019\u00c9tat et la m\u00e9tropole. Quant \u00e0 la concertation, les riverains, qui demandent depuis des mois \u00e0 \u00eatre re\u00e7us, devraient l\u2019\u00eatre sous quinze jours, afin de se voir pr\u00e9senter le fonctionnement du terrain et le r\u00e8glement int\u00e9rieur. \u00abOn fait ce qu\u2019on dit. C\u2019\u00e9tait un engagement de campagne\u00bb, souligne Jocelyn Gendek, alors qu\u2019un deuxi\u00e8me projet similaire est \u00e0 l\u2019\u00e9tude. \u00abSouvent ce genre de projet suscite l\u2019adh\u00e9sion sur le fond mais pas quand cela est r\u00e9alis\u00e9 \u00e0 proximit\u00e9 de chez soi. On sait que le sujet se pr\u00eate difficilement \u00e0 la concertation\u00bb, insiste l\u2019\u00e9lu. Les familles, en train d\u2019\u00eatre s\u00e9lectionn\u00e9es, devraient arriver fin juin. Elles devront verser une indemnit\u00e9 d\u2019occupation mensuelle s\u2019\u00e9levant \u00e0 50 euros pour un T3, et 60 euros pour un T4.<\/p>\n","protected":false},"excerpt":{"rendered":"Les mobile-homes ont \u00e9t\u00e9 install\u00e9s mardi, sous les yeux de riverains m\u00e9contents. Pionnier dans la m\u00e9tropole nantaise, ce&hellip;\n","protected":false},"author":2,"featured_media":151004,"comment_status":"","ping_status":"","sticky":false,"template":"","format":"standard","meta":{"footnotes":""},"categories":[2818],"tags":[1111,11,2760,1777,674,462,1011,27,2640,2642,766,2638,2643,2637,2639,2646,2645,2641,2635,2644,2647,12,2636,25,21088],"class_list":{"0":"post-151003","1":"post","2":"type-post","3":"status-publish","4":"format-standard","5":"has-post-thumbnail","7":"category-nantes","8":"tag-actu","9":"tag-actualites","10":"tag-conseil-detat","11":"tag-eu","12":"tag-europe","13":"tag-fc-nantes","14":"tag-fr","15":"tag-france","16":"tag-hauts-paves-saint-felix","17":"tag-ile-de-nantes","18":"tag-nantes","19":"tag-nantes-bellevue-chantenay-sainte-anne","20":"tag-nantes-breil-barberie","21":"tag-nantes-centre-ville","22":"tag-nantes-dervallieres-zola","23":"tag-nantes-doulon-bottiere","24":"tag-nantes-erdre","25":"tag-nantes-malakoff-saint-donatien","26":"tag-nantes-metropole","27":"tag-nantes-nord","28":"tag-nantes-sud","29":"tag-news","30":"tag-pays-de-la-loire","31":"tag-republique-francaise","32":"tag-roms"},"share_on_mastodon":{"url":"https:\/\/pubeurope.com\/@fr\/114624210131180686","error":""},"_links":{"self":[{"href":"https:\/\/www.europesays.com\/fr\/wp-json\/wp\/v2\/posts\/151003","targetHints":{"allow":["GET"]}}],"collection":[{"href":"https:\/\/www.europesays.com\/fr\/wp-json\/wp\/v2\/posts"}],"about":[{"href":"https:\/\/www.europesays.com\/fr\/wp-json\/wp\/v2\/types\/post"}],"author":[{"embeddable":true,"href":"https:\/\/www.europesays.com\/fr\/wp-json\/wp\/v2\/users\/2"}],"replies":[{"embeddable":true,"href":"https:\/\/www.europesays.com\/fr\/wp-json\/wp\/v2\/comments?post=151003"}],"version-history":[{"count":0,"href":"https:\/\/www.europesays.com\/fr\/wp-json\/wp\/v2\/posts\/151003\/revisions"}],"wp:featuredmedia":[{"embeddable":true,"href":"https:\/\/www.europesays.com\/fr\/wp-json\/wp\/v2\/media\/151004"}],"wp:attachment":[{"href":"https:\/\/www.europesays.com\/fr\/wp-json\/wp\/v2\/media?parent=151003"}],"wp:term":[{"taxonomy":"category","embeddable":true,"href":"https:\/\/www.europesays.com\/fr\/wp-json\/wp\/v2\/categories?post=151003"},{"taxonomy":"post_tag","embeddable":true,"href":"https:\/\/www.europesays.com\/fr\/wp-json\/wp\/v2\/tags?post=151003"}],"curies":[{"name":"wp","href":"https:\/\/api.w.org\/{rel}","templated":true}]}}