{"id":151009,"date":"2025-06-04T08:45:12","date_gmt":"2025-06-04T08:45:12","guid":{"rendered":"https:\/\/www.europesays.com\/fr\/151009\/"},"modified":"2025-06-04T08:45:12","modified_gmt":"2025-06-04T08:45:12","slug":"mercato-les-girondins-de-bordeaux-veulent-rompre-plusieurs-contrats-de-joueurs","status":"publish","type":"post","link":"https:\/\/www.europesays.com\/fr\/151009\/","title":{"rendered":"Mercato : Les Girondins de Bordeaux veulent rompre plusieurs contrats de joueurs"},"content":{"rendered":"<p><img decoding=\"async\" src=\"https:\/\/www.europesays.com\/fr\/wp-content\/uploads\/2025\/06\/671_0379ad2b424bf494a1cffec4af703196.jpg\" alt=\"Mercato : Les Girondins de Bordeaux veulent rompre plusieurs contrats de joueurs\" class=\"img-responsive mt-3\"\/><\/p>\n<p class=\"text-center mb-3\" style=\"font-size: 14px\">\u00a9 Iconsport<\/p>\n<p style=\"text-align: justify;\">Le club ne compte plus sur eux, selon<a href=\"https:\/\/www.sudouest.fr\/sport\/football\/girondins-de-bordeaux\/girondins-de-bordeaux-irles-confirme-yambere-et-merdji-en-reserve-shelton-guillaume-en-approche-cote-sportif-ca-avance-24692163.php\" target=\"_blank\" rel=\"noopener nofollow\"> Sud-Ouest<\/a>.<\/p>\n<p style=\"text-align: justify;\"><strong>Les joueurs en fin de contrat non conserv\u00e9<\/strong> : Assogba, Diaw, Trazi\u00e9, N.Fofana. Bordeaux ne devra pas payer d&rsquo;indemnit\u00e9 de r\u00e9alisation dans la mesure o\u00f9 leurs contrats ont pris fin.<\/p>\n<p style=\"text-align: justify;\"><strong>Les joueurs sous contrat non conserv\u00e9s<\/strong> : C\u00e9dric Yamb\u00e9r\u00e9 (2027), Yanis Merdji (2026), Amadou Diallo (2027), Travis Mutyaba (2027), \u00c9tienne Beugre (2026). Ces 5 joueurs sont pri\u00e9s de trouver un autre club. De plus, Sud Ouest indique que Mutyaba, Beugre et Diallo auraient accept\u00e9 le principe d&rsquo;une r\u00e9siliation sans percevoir d&rsquo;indemnit\u00e9 de rupture. Rappelons que l&rsquo;usage dans le football lorsqu&rsquo;un club souhaite r\u00e9silier le contrat d&rsquo;un joueur qui est engag\u00e9, est de payer soit la totalit\u00e9 des mois restant, soit une partie seulement. Le joueur et le club doivent alors trouver un accord amiable. Il est tr\u00e8s rare qu&rsquo;un joueur renonce \u00e0 ses derni\u00e8res ann\u00e9es de contrat.<\/p>\n<p style=\"text-align: justify;\">Si aucun accord financier n&rsquo;est trouv\u00e9 avec ces joueur sous contrat, cela pourrait couter tr\u00e8s cher aux finances bordelaises avec des joueurs dont les r\u00e9mun\u00e9rations brutes sont de 5000\u20ac \u00e0 10 000 euros par mois. De son c\u00f4t\u00e9, Yanis Merji aurait une r\u00e9mun\u00e9ration de 2600\u20ac brut mensuelle selon Footamateur.<\/p>\n<p><strong>\u00c9chec du recrutement de la saison derni\u00e8re<\/strong><\/p>\n<p style=\"text-align: justify;\">Ces d\u00e9cisions montrent le mauvais recrutement de la saison derni\u00e8re avec en t\u00eate de proue, \u00c9tienne Beugre, recrut\u00e9 au mois de janvier 2025 au salaire astronomique de 10 000\u20ac par mois dans cette 4e division. \u00c0 peine 5 mois plus tard, John Williams, le directeur sportif b\u00e9n\u00e9vole, lui montre la porte de sortie.<\/p>\n<p style=\"text-align: center;\"><img decoding=\"async\" src=\"https:\/\/www.europesays.com\/fr\/wp-content\/uploads\/2025\/06\/williams-25.jpg\" alt=\"williams-25.jpg (36 KB)\" style=\"width:683px;max-width:100%;\"\/><br \/>John Williams, directeur sportif d&rsquo;Amiens SC et des Girondins de Bordeaux<\/p>\n<p style=\"text-align: justify;\">Enfin, les d\u00e9cisions concernant Louveau et Carroll n&rsquo;ont pas \u00e9t\u00e9 prises, indique le quotidien r\u00e9gional. Ils sont li\u00e9s aux Girondins jusqu&rsquo;en 2027 avec des r\u00e9mun\u00e9rations respectives de 5000\u20ac et 13 000\u20ac brut par mois. Les deux hommes auraient un bon de sortie.<\/p>\n<p style=\"text-align: justify;\">Selon nos informations, Bordeaux pr\u00e9voit un montant de 1,2M\u20ac hors charges sociales pour le salaire des joueurs, hors staff.<\/p>\n<p style=\"text-align: justify;\">Bordeaux passe devant le tribunal de commerce le vendredi 13 juin pour faire valider son plan de continuation d&rsquo;activit\u00e9. Il faudra ensuite que la DNCG valide le budget des Marine et Blanc le 24 juin pour que la saison et l&rsquo;effectif se lancent. En attendant, le club est \u00e0 l&rsquo;arr\u00eat et ne peut engager aucun joueur.<\/p>\n<p style=\"text-align: justify;\">N.P<\/p>\n<p>&gt;&gt; <strong><a href=\"https:\/\/www.webgirondins.com\/actualite-girondins-mercato-girondins-shelton-guillaume-et-djibril-khouma-dans-le-viseur-129306\" target=\"_blank\" rel=\"noopener nofollow\">Mercato &#8211; Girondins : Shelton Guillaume et Djibril Khouma dans le viseur !<\/a><\/strong><\/p>\n<p style=\"text-align: justify;\">Notre podcast court :<\/p>\n<p>\u00a0<\/p>\n","protected":false},"excerpt":{"rendered":"\u00a9 Iconsport Le club ne compte plus sur eux, selon Sud-Ouest. Les joueurs en fin de contrat non&hellip;\n","protected":false},"author":2,"featured_media":151010,"comment_status":"","ping_status":"","sticky":false,"template":"","format":"standard","meta":{"footnotes":""},"categories":[2817],"tags":[1111,11,28033,2813,1997,28032,3108,21729,1446,1777,674,1011,27,1987,4059,1434,28035,12,16004,3946,2219,9144,2513,5396,25,28031,3686,3107,4925,28034],"class_list":{"0":"post-151009","1":"post","2":"type-post","3":"status-publish","4":"format-standard","5":"has-post-thumbnail","7":"category-bordeaux","8":"tag-actu","9":"tag-actualites","10":"tag-apprenons","11":"tag-article","12":"tag-bordeaux","13":"tag-consacre","14":"tag-contrat","15":"tag-contrats","16":"tag-dans","17":"tag-eu","18":"tag-europe","19":"tag-fr","20":"tag-france","21":"tag-girondins","22":"tag-joueurs","23":"tag-mercato","24":"tag-montrer","25":"tag-news","26":"tag-nombreux","27":"tag-nous","28":"tag-nouvelle-aquitaine","29":"tag-ouest","30":"tag-plusieurs","31":"tag-porte","32":"tag-republique-francaise","33":"tag-rompre","34":"tag-sortie","35":"tag-sous","36":"tag-veulent","37":"tag-voient"},"share_on_mastodon":{"url":"https:\/\/pubeurope.com\/@fr\/114624222016023747","error":""},"_links":{"self":[{"href":"https:\/\/www.europesays.com\/fr\/wp-json\/wp\/v2\/posts\/151009","targetHints":{"allow":["GET"]}}],"collection":[{"href":"https:\/\/www.europesays.com\/fr\/wp-json\/wp\/v2\/posts"}],"about":[{"href":"https:\/\/www.europesays.com\/fr\/wp-json\/wp\/v2\/types\/post"}],"author":[{"embeddable":true,"href":"https:\/\/www.europesays.com\/fr\/wp-json\/wp\/v2\/users\/2"}],"replies":[{"embeddable":true,"href":"https:\/\/www.europesays.com\/fr\/wp-json\/wp\/v2\/comments?post=151009"}],"version-history":[{"count":0,"href":"https:\/\/www.europesays.com\/fr\/wp-json\/wp\/v2\/posts\/151009\/revisions"}],"wp:featuredmedia":[{"embeddable":true,"href":"https:\/\/www.europesays.com\/fr\/wp-json\/wp\/v2\/media\/151010"}],"wp:attachment":[{"href":"https:\/\/www.europesays.com\/fr\/wp-json\/wp\/v2\/media?parent=151009"}],"wp:term":[{"taxonomy":"category","embeddable":true,"href":"https:\/\/www.europesays.com\/fr\/wp-json\/wp\/v2\/categories?post=151009"},{"taxonomy":"post_tag","embeddable":true,"href":"https:\/\/www.europesays.com\/fr\/wp-json\/wp\/v2\/tags?post=151009"}],"curies":[{"name":"wp","href":"https:\/\/api.w.org\/{rel}","templated":true}]}}