{"id":151017,"date":"2025-06-04T08:50:09","date_gmt":"2025-06-04T08:50:09","guid":{"rendered":"https:\/\/www.europesays.com\/fr\/151017\/"},"modified":"2025-06-04T08:50:09","modified_gmt":"2025-06-04T08:50:09","slug":"un-militant-socialiste-condamne-pour-avoir-braque-la-caisse-du-parti","status":"publish","type":"post","link":"https:\/\/www.europesays.com\/fr\/151017\/","title":{"rendered":"Un militant socialiste condamn\u00e9 pour avoir braqu\u00e9 la caisse du parti"},"content":{"rendered":"<p>Jug\u00e9 le 19\u00a0mai dernier pour \u00ab\u00a0vol en r\u00e9union\u00a0\u00bb, Enzo Philip avait avou\u00e9, penaud, avoir d\u00e9rob\u00e9 la caisse de la <a href=\"https:\/\/www.laprovence.com\/article\/politique\/4416098325823914\/marseille-le-parti-socialiste-des-bouches-du-rhone-effectue-sa-rentree-politique-a-guichets-fermes\" target=\"_blank\" rel=\"noopener\">F\u00eate de la rose<\/a>, en septembre\u00a02024. <a href=\"https:\/\/www.laprovence.com\/article\/faits-divers-justice\/48960507650968\/a-marseille-le-referent-des-jeunesses-socialistes-avait-braque-la-caisse\" target=\"_blank\" rel=\"noopener\">Une mallette contenant 1\u00a0500\u00a0euros\u00a0: soit la recette de l\u2019\u00e9v\u00e9nement politique<\/a> et festif fr\u00e9quent\u00e9 par 700 personnes \u00e0 la Friche, en pr\u00e9sence du maire de Marseille, <a href=\"https:\/\/www.laprovence.com\/article\/politique\/3422227134258414\/inacceptables-le-maire-de-marseille-benoit-payan-denonce-les-degradations-en-marge-de-la-victoire-du-psg\" target=\"_blank\" rel=\"noopener\">Beno\u00eet Payan<\/a> et de diverses personnalit\u00e9s de gauche.<\/p>\n<p>Dans ce dossier rocambolesque et r\u00e9v\u00e9lateur des tensions internes qui agitent le PS local, l\u2019ancien r\u00e9f\u00e9rent des jeunes socialistes (ex-MJS) et toujours membre du bureau national, Enzo Philip, a finalement \u00e9t\u00e9 condamn\u00e9 \u00e0 une peine de 1 500 euros d\u2019amende, dont la moiti\u00e9 avec sursis, par le tribunal correctionnel de Marseille.<\/p>\n<p>Renvoy\u00e9 \u00e0 ses c\u00f4t\u00e9s pour avoir transport\u00e9 la caisse jusqu\u2019\u00e0 la mairie des 2e-3e d\u00e9tenue par <a href=\"https:\/\/www.laprovence.com\/article\/region\/3225682535412815\/anthony-krehmeier-maire-des-2e-et-3e-a-marseille-nous-faisons-sortir-de-terre-des-batiments-dignes\" target=\"_blank\" rel=\"noopener\">Anthony Krehmeier<\/a>, avant qu\u2019elle ne soit r\u00e9cup\u00e9r\u00e9e par l\u2019instigateur du vol, un fonctionnaire municipal a en revanche b\u00e9n\u00e9fici\u00e9 de la relaxe plaid\u00e9e par son avocat, Me\u00a0Giletta. Ce dernier, \u00e9galement conseil d\u2019Enzo Philip, n\u2019a pas encore d\u00e9cid\u00e9 d\u2019un \u00e9ventuel appel.<\/p>\n<p>La raison du larcin commis par Enzo Philip, ancien r\u00e9f\u00e9rent des jeunes socialistes (ex-MJS) et toujours membre du bureau national\u00a0? \u00ab\u00a0L\u2019\u00e9t\u00e9 d\u2019avant, 20 membres des<a href=\"https:\/\/www.laprovence.com\/article\/region\/28722016826036\/jo-dhiver-2030-pourquoi-les-jeunes-socialistes-rejettent-la-candidature-des-alpes-francaises\" target=\"_blank\" rel=\"noopener\"> jeunes socialistes<\/a> s\u2019\u00e9taient rendus \u00e0 Blois pour les universit\u00e9s du parti. Mais malgr\u00e9 nos demandes, le remboursement du d\u00e9placement n\u2019a jamais \u00e9t\u00e9 effectu\u00e9. J\u2019ai pris la caisse pour mettre la pression. Je n\u2019ai jamais eu l\u2019intention de garder l\u2019argent\u00a0\u00bb, s\u2019\u00e9tait-il justifi\u00e9 devant des magistrats interloqu\u00e9s, mais sans le PS en partie civile.<\/p>\n<p>Une affaire \u00ab\u00a0g\u00eanante\u00a0\u00bb<\/p>\n<p>La formation politique expliquant ce d\u00e9sistement, non sans embarras, par le fait que le \u00ab\u00a0braqueur\u00a0\u00bb avait fini par rendre l\u2019argent \u00ab\u00a0pris en otage\u00a0\u00bb, selon l\u2019expression du pr\u00e9sident. \u00ab\u00a0Le PS nous a dit qu\u2019il pr\u00e9f\u00e9rait r\u00e9gler \u00e7a en interne alors que les policiers ont tout fait pour \u00e9lucider cette affaire. On peut comprendre qu\u2019elle est g\u00eanante pour eux et certains \u00e9lus de la cit\u00e9 phoc\u00e9enne. Les explications donn\u00e9es aujourd\u2019hui sont fumeuses. Qu\u2019essaye-t-on de nous cacher\u00a0?\u00a0\u00bb, s\u2019\u00e9tait offusqu\u00e9e la procureure Audrey Jouaneton, avant de citer Shakespeare\u00a0: \u00ab\u00a0Il y a quelque chose de pourri au royaume du Danemark.\u00a0\u00bb<\/p>\n","protected":false},"excerpt":{"rendered":"Jug\u00e9 le 19\u00a0mai dernier pour \u00ab\u00a0vol en r\u00e9union\u00a0\u00bb, Enzo Philip avait avou\u00e9, penaud, avoir d\u00e9rob\u00e9 la caisse de&hellip;\n","protected":false},"author":2,"featured_media":151018,"comment_status":"","ping_status":"","sticky":false,"template":"","format":"standard","meta":{"footnotes":""},"categories":[2814],"tags":[17,1111,11,6661,28036,8652,1777,674,274,1011,27,884,12820,12,471,882,25,13696],"class_list":{"0":"post-151017","1":"post","2":"type-post","3":"status-publish","4":"format-standard","5":"has-post-thumbnail","7":"category-marseille","8":"tag-17","9":"tag-actu","10":"tag-actualites","11":"tag-avoir","12":"tag-braque","13":"tag-condamne","14":"tag-eu","15":"tag-europe","16":"tag-faits-divers-justice","17":"tag-fr","18":"tag-france","19":"tag-marseille","20":"tag-militant","21":"tag-news","22":"tag-pour","23":"tag-provence-alpes-cote-dazur","24":"tag-republique-francaise","25":"tag-socialiste"},"share_on_mastodon":{"url":"https:\/\/pubeurope.com\/@fr\/114624241570754482","error":""},"_links":{"self":[{"href":"https:\/\/www.europesays.com\/fr\/wp-json\/wp\/v2\/posts\/151017","targetHints":{"allow":["GET"]}}],"collection":[{"href":"https:\/\/www.europesays.com\/fr\/wp-json\/wp\/v2\/posts"}],"about":[{"href":"https:\/\/www.europesays.com\/fr\/wp-json\/wp\/v2\/types\/post"}],"author":[{"embeddable":true,"href":"https:\/\/www.europesays.com\/fr\/wp-json\/wp\/v2\/users\/2"}],"replies":[{"embeddable":true,"href":"https:\/\/www.europesays.com\/fr\/wp-json\/wp\/v2\/comments?post=151017"}],"version-history":[{"count":0,"href":"https:\/\/www.europesays.com\/fr\/wp-json\/wp\/v2\/posts\/151017\/revisions"}],"wp:featuredmedia":[{"embeddable":true,"href":"https:\/\/www.europesays.com\/fr\/wp-json\/wp\/v2\/media\/151018"}],"wp:attachment":[{"href":"https:\/\/www.europesays.com\/fr\/wp-json\/wp\/v2\/media?parent=151017"}],"wp:term":[{"taxonomy":"category","embeddable":true,"href":"https:\/\/www.europesays.com\/fr\/wp-json\/wp\/v2\/categories?post=151017"},{"taxonomy":"post_tag","embeddable":true,"href":"https:\/\/www.europesays.com\/fr\/wp-json\/wp\/v2\/tags?post=151017"}],"curies":[{"name":"wp","href":"https:\/\/api.w.org\/{rel}","templated":true}]}}