{"id":151019,"date":"2025-06-04T08:51:14","date_gmt":"2025-06-04T08:51:14","guid":{"rendered":"https:\/\/www.europesays.com\/fr\/151019\/"},"modified":"2025-06-04T08:51:14","modified_gmt":"2025-06-04T08:51:14","slug":"meteo-a-marseille-et-dans-les-bouches-du-rhone-le-temps-change-radicalement-les-previsions","status":"publish","type":"post","link":"https:\/\/www.europesays.com\/fr\/151019\/","title":{"rendered":"M\u00e9t\u00e9o \u00e0 Marseille et dans les Bouches-du-Rh\u00f4ne. Le temps change radicalement : les pr\u00e9visions"},"content":{"rendered":"<p>            Par<br \/>\n        <strong><br \/>\n            <a href=\"https:\/\/actu.fr\/auteur\/fabien-binacchi\" title=\"Consulter tous les articles de Fabien Binacchi\" target=\"_blank\" rel=\"noopener\">Fabien Binacchi<\/a><br \/>\n        <\/strong><\/p>\n<p>        Publi\u00e9 le<\/p>\n<p>            4 juin 2025 \u00e0 9h52        <\/p>\n<p>Vous l\u2019aviez sans doute remarqu\u00e9\u2026 Le ciel gris est de retour \u00e0 <a href=\"https:\/\/actu.fr\/marseille\/\" target=\"_blank\" rel=\"noopener\">Marseille<\/a> et dans les <a href=\"https:\/\/actu.fr\/provence-alpes-cote-d-azur\/bouches-du-rhone_13\" target=\"_blank\" rel=\"noopener\">Bouches-du-Rh\u00f4ne<\/a> ce mercredi 4 juin 2025. De la pluie est m\u00eame annonc\u00e9e avec <strong>un coup de froid.<\/strong><\/p>\n<p class=\" wall-content\">Voici les pr\u00e9visions.<\/p>\n<p>Une baisse de 5\u00b0C en 24\u00a0heures<\/p>\n<p class=\" wall-content\">Un contraste saisissant\u2009: apr\u00e8s plusieurs jours de forte chaleur (pour la saison), avec plus de 30\u00b0C par endroits dans le d\u00e9partement, les temp\u00e9ratures chutent brusquement ce mercredi 4\u00a0juin 2025. \u00ab\u2009On aura <strong>24 \u00e0 26\u00b0 l\u2019apr\u00e8s-midi,<\/strong> soit une baisse de 4 \u00e0 5\u00b0 ce qui est habituel\u2009\u00bb, explique \u00e0 actu Marseille le sp\u00e9cialiste Paul Marquis, fondateur de <a href=\"https:\/\/www.facebook.com\/lameteodu13\" target=\"_blank\" rel=\"noopener\">La M\u00e9t\u00e9o du 13.<\/a><\/p>\n<blockquote class=\"ac-article-quote wall-content\">\n<p>La baisse est d\u00fb au passage d\u2019un front froid qui va donner de violents orages sur le centre-Est, la vall\u00e9e du Rh\u00f4ne et les\u00a0Alpes-du-Sud.<\/p>\n<p>    <strong>Paul Marquis<\/strong><br \/>\n        M\u00e9t\u00e9orologue ind\u00e9pendant    <\/p><\/blockquote>\n<p class=\" wall-content\">Dans les Bouches-du-Rh\u00f4ne, et notamment \u00e0 Marseille, le tonnerre ne devrait pas gronder. <strong>Des averses sont en revanche annonc\u00e9es<\/strong> sur une large partie du d\u00e9partement au moins jusqu\u2019\u00e0 la mi-journ\u00e9e, selon les pr\u00e9visions de M\u00e9t\u00e9o-France.<\/p>\n<p>Vid\u00e9os : en ce moment sur ActuBeau temps et temp\u00e9ratures stables<\/p>\n<p class=\" wall-content\">Un \u00e9pisode finalement tr\u00e8s transitoire, puisque des \u00e9claircies sont attendues d\u00e8s l\u2019apr\u00e8s-midi de ce mercredi. <strong>Une tendance qui se confirme<\/strong> les derniers jours de la semaine ainsi que ce week-end de Pentec\u00f4te qui s\u2019annoncent d\u00e9j\u00e0 tr\u00e8s ensoleill\u00e9s.<\/p>\n<p class=\" wall-content\">Selon l\u2019organisme charg\u00e9 de l\u2019observation, la pr\u00e9vision et l\u2019\u00e9tude des ph\u00e9nom\u00e8nes m\u00e9t\u00e9orologiques, aucune autre perturbation n\u2019est pr\u00e9vue dans les deux prochaines semaines, au moins. <strong>L\u2019\u00e9t\u00e9 s\u2019installe tranquillement, mais s\u00fbrement.<\/strong><\/p>\n<p class=\" wall-content\">C\u00f4t\u00e9 temp\u00e9ratures, celles enregistr\u00e9es ce mercredi vont se stabiliser plusieurs jours. Ces samedi 7 et dimanche 8 juin 2025, les maximales devraient osciller <strong>entre 24 et 25\u00b0C.<\/strong><\/p>\n<p class=\" wall-content\">Suivez toute l\u2019actualit\u00e9 de vos villes et m\u00e9dias favoris en vous inscrivant \u00e0 <a href=\"https:\/\/moncompte.actu.fr\" title=\"D\u00e9couvez Mon Actu\" rel=\"nofollow noopener\" data-trk=\"{&quot;cta&quot;:{&quot;action&quot;:&quot;https:\\\/\\\/moncompte.actu.fr&quot;,&quot;category&quot;:&quot;mon compte&quot;,&quot;from&quot;:&quot;article footer&quot;,&quot;name&quot;:&quot;Mon actu&quot;,&quot;type&quot;:&quot;cta&quot;}}\" target=\"_blank\">Mon Actu<\/a>.<\/p>\n","protected":false},"excerpt":{"rendered":"Par Fabien Binacchi Publi\u00e9 le 4 juin 2025 \u00e0 9h52 Vous l\u2019aviez sans doute remarqu\u00e9\u2026 Le ciel gris&hellip;\n","protected":false},"author":2,"featured_media":151020,"comment_status":"","ping_status":"","sticky":false,"template":"","format":"standard","meta":{"footnotes":""},"categories":[2814],"tags":[1111,11,1777,674,1011,27,884,2487,2357,12,4459,882,25],"class_list":{"0":"post-151019","1":"post","2":"type-post","3":"status-publish","4":"format-standard","5":"has-post-thumbnail","7":"category-marseille","8":"tag-actu","9":"tag-actualites","10":"tag-eu","11":"tag-europe","12":"tag-fr","13":"tag-france","14":"tag-marseille","15":"tag-meteo","16":"tag-meteo-france","17":"tag-news","18":"tag-pluie","19":"tag-provence-alpes-cote-dazur","20":"tag-republique-francaise"},"share_on_mastodon":{"url":"https:\/\/pubeurope.com\/@fr\/114624245485869676","error":""},"_links":{"self":[{"href":"https:\/\/www.europesays.com\/fr\/wp-json\/wp\/v2\/posts\/151019","targetHints":{"allow":["GET"]}}],"collection":[{"href":"https:\/\/www.europesays.com\/fr\/wp-json\/wp\/v2\/posts"}],"about":[{"href":"https:\/\/www.europesays.com\/fr\/wp-json\/wp\/v2\/types\/post"}],"author":[{"embeddable":true,"href":"https:\/\/www.europesays.com\/fr\/wp-json\/wp\/v2\/users\/2"}],"replies":[{"embeddable":true,"href":"https:\/\/www.europesays.com\/fr\/wp-json\/wp\/v2\/comments?post=151019"}],"version-history":[{"count":0,"href":"https:\/\/www.europesays.com\/fr\/wp-json\/wp\/v2\/posts\/151019\/revisions"}],"wp:featuredmedia":[{"embeddable":true,"href":"https:\/\/www.europesays.com\/fr\/wp-json\/wp\/v2\/media\/151020"}],"wp:attachment":[{"href":"https:\/\/www.europesays.com\/fr\/wp-json\/wp\/v2\/media?parent=151019"}],"wp:term":[{"taxonomy":"category","embeddable":true,"href":"https:\/\/www.europesays.com\/fr\/wp-json\/wp\/v2\/categories?post=151019"},{"taxonomy":"post_tag","embeddable":true,"href":"https:\/\/www.europesays.com\/fr\/wp-json\/wp\/v2\/tags?post=151019"}],"curies":[{"name":"wp","href":"https:\/\/api.w.org\/{rel}","templated":true}]}}