{"id":151021,"date":"2025-06-04T08:52:09","date_gmt":"2025-06-04T08:52:09","guid":{"rendered":"https:\/\/www.europesays.com\/fr\/151021\/"},"modified":"2025-06-04T08:52:09","modified_gmt":"2025-06-04T08:52:09","slug":"les-chauffeurs-de-collonges-deguises-en-facteurs-setaient-trompes-de-cible","status":"publish","type":"post","link":"https:\/\/www.europesays.com\/fr\/151021\/","title":{"rendered":"les \u00ab\u00a0chauffeurs\u00a0\u00bb de Collonges d\u00e9guis\u00e9s en facteurs s\u2019\u00e9taient tromp\u00e9s de cible"},"content":{"rendered":"<p>Un home-jacking particuli\u00e8rement violent sera jug\u00e9 devant la cour d\u2019assises du Rh\u00f4ne \u00e0 partir de jeudi. Dans cette affaire qui rappelle des m\u00e9thodes d\u2019un autre \u00e2ge, celles des \u00ab\u00a0chauffeurs\u00a0\u00bb qui br\u00fblaient les pieds de leurs victimes dans les chemin\u00e9es pour leur faire avouer o\u00f9 elles cachaient leur magot, un habitant de Collonges-au-Mont-d\u2019Or avait v\u00e9cu un calvaire.<\/p>\n<p>Le \u00ab\u00a0magot\u00a0\u00bb\u00a0? Eric, la soixantaine, n\u2019en poss\u00e9dait pas. Mais il \u00e9tait propri\u00e9taire d\u2019une Mercedes noire et habitait dans le m\u00eame quartier que le \u00ab\u00a0bourgeois\u00a0\u00bb vis\u00e9 par une bande de malfrats. Les deux individus qui l\u2019avaient&#8230;<\/p>\n","protected":false},"excerpt":{"rendered":"Un home-jacking particuli\u00e8rement violent sera jug\u00e9 devant la cour d\u2019assises du Rh\u00f4ne \u00e0 partir de jeudi. Dans cette&hellip;\n","protected":false},"author":2,"featured_media":151022,"comment_status":"","ping_status":"","sticky":false,"template":"","format":"standard","meta":{"footnotes":""},"categories":[1889],"tags":[1111,11,2430,28037,271,272,2757,3153,1777,674,274,107,1011,27,2428,2756,12,25,2429],"class_list":{"0":"post-151021","1":"post","2":"type-post","3":"status-publish","4":"format-standard","5":"has-post-thumbnail","7":"category-lyon","8":"tag-actu","9":"tag-actualites","10":"tag-auvergne-rhone-alpes","11":"tag-collonges-au-mont-dor","12":"tag-crime","13":"tag-delit-et-contravention","14":"tag-edition-lyon-villeurbanne","15":"tag-edition-ouest-lyonnais","16":"tag-eu","17":"tag-europe","18":"tag-faits-divers-justice","19":"tag-fil-info","20":"tag-fr","21":"tag-france","22":"tag-lyon","23":"tag-lyon-bassin","24":"tag-news","25":"tag-republique-francaise","26":"tag-rhone"},"share_on_mastodon":{"url":"https:\/\/pubeurope.com\/@fr\/114624249438256451","error":""},"_links":{"self":[{"href":"https:\/\/www.europesays.com\/fr\/wp-json\/wp\/v2\/posts\/151021","targetHints":{"allow":["GET"]}}],"collection":[{"href":"https:\/\/www.europesays.com\/fr\/wp-json\/wp\/v2\/posts"}],"about":[{"href":"https:\/\/www.europesays.com\/fr\/wp-json\/wp\/v2\/types\/post"}],"author":[{"embeddable":true,"href":"https:\/\/www.europesays.com\/fr\/wp-json\/wp\/v2\/users\/2"}],"replies":[{"embeddable":true,"href":"https:\/\/www.europesays.com\/fr\/wp-json\/wp\/v2\/comments?post=151021"}],"version-history":[{"count":0,"href":"https:\/\/www.europesays.com\/fr\/wp-json\/wp\/v2\/posts\/151021\/revisions"}],"wp:featuredmedia":[{"embeddable":true,"href":"https:\/\/www.europesays.com\/fr\/wp-json\/wp\/v2\/media\/151022"}],"wp:attachment":[{"href":"https:\/\/www.europesays.com\/fr\/wp-json\/wp\/v2\/media?parent=151021"}],"wp:term":[{"taxonomy":"category","embeddable":true,"href":"https:\/\/www.europesays.com\/fr\/wp-json\/wp\/v2\/categories?post=151021"},{"taxonomy":"post_tag","embeddable":true,"href":"https:\/\/www.europesays.com\/fr\/wp-json\/wp\/v2\/tags?post=151021"}],"curies":[{"name":"wp","href":"https:\/\/api.w.org\/{rel}","templated":true}]}}