{"id":151036,"date":"2025-06-04T09:00:11","date_gmt":"2025-06-04T09:00:11","guid":{"rendered":"https:\/\/www.europesays.com\/fr\/151036\/"},"modified":"2025-06-04T09:00:11","modified_gmt":"2025-06-04T09:00:11","slug":"un-pont-strategique-et-symbolique-attaque-par-lukraine","status":"publish","type":"post","link":"https:\/\/www.europesays.com\/fr\/151036\/","title":{"rendered":"un pont strat\u00e9gique et symbolique attaqu\u00e9 par l&rsquo;Ukraine"},"content":{"rendered":"<p class=\"article-p mdl\">M\u00eame si les Russes conservent leur avantage sur le front \u00e0 l&rsquo;est de l&rsquo;Ukraine, pour la 3e fois depuis le d\u00e9but du conflit, Kiev s&rsquo;est attaqu\u00e9 \u00e0 un symbole du pouvoir de Vladimir Poutine, pourtant sous tr\u00e8s haute surveillance : le pont de Kertch. Ce cordon ombilical qui relie la Crim\u00e9e \u00e0 la Russie a\u00a0<a class=\"link\" href=\"https:\/\/www.lesechos.fr\/monde\/europe\/kiev-nargue-encore-le-kremlin-en-frappant-le-pont-de-crimee-2168806\" target=\"_blank\" rel=\"noopener\">perdu dans une explosion un de ses piliers<\/a>\u00a0le 3 juin 2025. En 2018, quatre ans apr\u00e8s l&rsquo;annexion de la p\u00e9ninsule, le ma\u00eetre du Kremlin, au volant d&rsquo;un camion,\u00a0<a class=\"link\" href=\"https:\/\/www.ina.fr\/ina-eclaire-actu\/2018-vladimir-poutine-inaugure-le-pont-de-crimee\" target=\"_blank\" rel=\"noopener\">avait inaugur\u00e9 le plus long pont d&rsquo;Europe<\/a>\u00a0par o\u00f9 transitent les troupes de Moscou.<\/p>\n<p class=\"article-p mdl\">C&rsquo;est une humiliation de plus pour la Russie, apr\u00e8s<a class=\"link\" href=\"https:\/\/www.rtl.fr\/actu\/international\/guerre-en-ukraine-pourquoi-l-operation-toile-d-araignee-est-qualifiee-de-pearl-harbor-russe-7900511103\" target=\"_blank\" rel=\"noopener\"> l&rsquo;op\u00e9ration \u00ab\u00a0toile d&rsquo;araign\u00e9e\u00a0\u00bb<\/a>\u00a0quelques jours plus t\u00f4t et la destruction d&rsquo;a\u00e9rodromes et de bombardiers \u00e0 plusieurs milliers de kilom\u00e8tres de l&rsquo;Ukraine.<\/p>\n<p class=\"article-p mdl\">Cette d\u00e9monstration de force de Kiev, montre des failles dans la d\u00e9fense a\u00e9rienne russe de la part des services de renseignements du Kremlin.<\/p>\n<p>            Deux autres ponts effondr\u00e9s dans le Sud-Ouest de la Russie<\/p>\n<p class=\"article-p mdl\">Moscou accuse \u00e9galement l&rsquo;Ukraine d&rsquo;\u00eatre \u00e0 l&rsquo;origine de l&rsquo;effondrement de<a class=\"link\" href=\"https:\/\/www.tf1info.fr\/international\/des-explosions-en-pleine-nuit-ce-que-l-on-sait-de-l-effondrement-de-2-ponts-en-quelques-heures-en-russie-2374307.html\" target=\"_blank\" rel=\"noopener\"> deux ponts dans le Sud-Ouest de la Russie<\/a>\u00a0dans la nuit de samedi 31 mai \u00e0 dimanche 1er juin, pr\u00e8s de la fronti\u00e8re ukrainienne. Ces destructions ont par la suite engendr\u00e9 des accidents de trains dont l&rsquo;un a fait au moins sept morts, selon les autorit\u00e9s russes.\u00a0<\/p>\n<p class=\"article-p mdl\">Les services de s\u00e9curit\u00e9 ukrainiens n&rsquo;ont fait aucun commentaire sur ces actions, alors qu&rsquo;ils ont revendiqu\u00e9 les autres attaques.<\/p>\n<p>    La r\u00e9daction vous recommande<\/p>\n<p class=\"s-newsletter__title\">\n                L\u2019actualit\u00e9 par la r\u00e9daction de RTL dans votre bo\u00eete mail.\n            <\/p>\n<p class=\"s-newsletter__subtitle\">\n                Gr\u00e2ce \u00e0 votre compte RTL abonnez-vous \u00e0 la newsletter RTL info pour suivre toute l&rsquo;actualit\u00e9 au quotidien\n            <\/p>\n<p>\n                                    Lire la suite\n                                <\/p>\n","protected":false},"excerpt":{"rendered":"M\u00eame si les Russes conservent leur avantage sur le front \u00e0 l&rsquo;est de l&rsquo;Ukraine, pour la 3e fois&hellip;\n","protected":false},"author":2,"featured_media":151037,"comment_status":"","ping_status":"","sticky":false,"template":"","format":"standard","meta":{"footnotes":""},"categories":[1591],"tags":[11,1887,107,1146,131,1922,14,12,362,1885,1886,132,220],"class_list":{"0":"post-151036","1":"post","2":"type-post","3":"status-publish","4":"format-standard","5":"has-post-thumbnail","7":"category-russie","8":"tag-actualites","9":"tag-federation-de-russie","10":"tag-fil-info","11":"tag-guerre","12":"tag-guerre-en-ukraine","13":"tag-info","14":"tag-international","15":"tag-news","16":"tag-replay","17":"tag-russia","18":"tag-russian-federation","19":"tag-russie","20":"tag-ukraine"},"share_on_mastodon":{"url":"https:\/\/pubeurope.com\/@fr\/114624280895601846","error":""},"_links":{"self":[{"href":"https:\/\/www.europesays.com\/fr\/wp-json\/wp\/v2\/posts\/151036","targetHints":{"allow":["GET"]}}],"collection":[{"href":"https:\/\/www.europesays.com\/fr\/wp-json\/wp\/v2\/posts"}],"about":[{"href":"https:\/\/www.europesays.com\/fr\/wp-json\/wp\/v2\/types\/post"}],"author":[{"embeddable":true,"href":"https:\/\/www.europesays.com\/fr\/wp-json\/wp\/v2\/users\/2"}],"replies":[{"embeddable":true,"href":"https:\/\/www.europesays.com\/fr\/wp-json\/wp\/v2\/comments?post=151036"}],"version-history":[{"count":0,"href":"https:\/\/www.europesays.com\/fr\/wp-json\/wp\/v2\/posts\/151036\/revisions"}],"wp:featuredmedia":[{"embeddable":true,"href":"https:\/\/www.europesays.com\/fr\/wp-json\/wp\/v2\/media\/151037"}],"wp:attachment":[{"href":"https:\/\/www.europesays.com\/fr\/wp-json\/wp\/v2\/media?parent=151036"}],"wp:term":[{"taxonomy":"category","embeddable":true,"href":"https:\/\/www.europesays.com\/fr\/wp-json\/wp\/v2\/categories?post=151036"},{"taxonomy":"post_tag","embeddable":true,"href":"https:\/\/www.europesays.com\/fr\/wp-json\/wp\/v2\/tags?post=151036"}],"curies":[{"name":"wp","href":"https:\/\/api.w.org\/{rel}","templated":true}]}}