{"id":151040,"date":"2025-06-04T09:02:09","date_gmt":"2025-06-04T09:02:09","guid":{"rendered":"https:\/\/www.europesays.com\/fr\/151040\/"},"modified":"2025-06-04T09:02:09","modified_gmt":"2025-06-04T09:02:09","slug":"des-vers-fous-envahissent-les-etats-unis-la-france-est-elle-menacee","status":"publish","type":"post","link":"https:\/\/www.europesays.com\/fr\/151040\/","title":{"rendered":"des \u00ab\u00a0vers fous\u00a0\u00bb envahissent les \u00c9tats-Unis, la France est-elle menac\u00e9e ?"},"content":{"rendered":"<p> <img decoding=\"async\" fetchpriority=\"high\" src=\"https:\/\/www.europesays.com\/fr\/wp-content\/uploads\/2025\/06\/insolite-des-vers-fous-envahissent-les-etats-unis-la-france-est-elle-menacee-1748962347166_1024.jpeg\"  width=\"768\" height=\"432\" alt=\"Vers fous\" title=\"Vers fous\" data-image=\"nwap4tmemtov\"\/>Les vers fous sont imposants, pouvant mesurer entre 4 et 20cm de long !   <img decoding=\"async\" fetchpriority=\"high\" src=\"https:\/\/www.europesays.com\/fr\/wp-content\/uploads\/2025\/06\/tristan-bergen.jpg\" alt=\"Tristan Bergen\" width=\"40\" height=\"40\"\/>    <a class=\"nombre text-hv\" href=\"https:\/\/www.tameteo.com\/auteur\/tristan-bergen\/\" title=\"Tristan Bergen\" rel=\"nofollow noopener\" target=\"_blank\">Tristan Bergen<\/a>        04\/06\/2025 10:00   6 min   <\/p>\n<p>La progression du \u00ab ver fou \u00bb, une <strong>esp\u00e8ce invasive<\/strong> originaire d&rsquo;Asie inqui\u00e8te les scientifiques. En effet, ce ver si particulier est un <strong>v\u00e9ritable d\u00e9sastre environnemental<\/strong> dans les r\u00e9gions o\u00f9 il s&rsquo;installe.<\/p>\n<p>Un ver tr\u00e8s agit\u00e9<\/p>\n<p>Amynthas agrestis, surnom\u00e9 le \u00ab ver fou \u00bb est un ver de terre originaire du sud-est du continent asiatique qui s&rsquo;est implant\u00e9 il y a quelques ann\u00e9es dans plusieurs dizaines d&rsquo;\u00c9tats am\u00e9ricains. Outre son<strong> impact environnemental<\/strong>, celui-ci a \u00e9galement des particularit\u00e9s surprenantes.<\/p>\n<p>Ce ver de terre est d&rsquo;une part assez imposant, pouvant mesurer entre 4 et 20cm de long mais est surtout bien plus vivace que ses cong\u00e9n\u00e8res. En effet, lorsqu&rsquo;il est d\u00e9rang\u00e9 ou attaqu\u00e9 par un pr\u00e9dateur celui-ci se d\u00e9bat violemment tels des serpents, pouvant m\u00eame faire des sauts de plus de 30cm de haut, une capacit\u00e9 tr\u00e8s \u00e9tonnante pour un ver de terre.<\/p>\n<p>C&rsquo;est pour cette fa\u00e7on atypique de se d\u00e9battre que les habitants des \u00c9tats-Unis l&rsquo;ont surnomm\u00e9<strong> le \u00abver fou \u00bb ou encore \u00ab ver sauteur \u00bb<\/strong> mais aussi \u00ab\u00a0Alabama jumper\u00a0\u00bb, autrement dit le ver sauteur d&rsquo;Alabama, celui-ci \u00e9tant aujourd&rsquo;hui bien r\u00e9pandu dans cet \u00c9tat.<\/p>\n<blockquote class=\"twitter-tweet\">\n<p lang=\"en\" dir=\"ltr\">Invasive Amynthas worms, a.k.a. Asian jumping worms, crazy worms, snake worms, are starting to hatch in the northeast. Video courtesy of UWMadison Arboretum of adult Amynthas writhing in leaf litter. <a href=\"https:\/\/t.co\/z26XGZXvyY\" rel=\"nofollow\">pic.twitter.com\/z26XGZXvyY<\/a><\/p>\n<p>\u2014 Steve Featherstone (@featheroutdoors) <a href=\"https:\/\/twitter.com\/featheroutdoors\/status\/1513918858817642503?ref_src=twsrc%5Etfw\" rel=\"nofollow noopener\" target=\"_blank\">April 12, 2022<\/a><\/p><\/blockquote>\n<p>Mais ce comportement particulier n&rsquo;est pas la seule sp\u00e9cificit\u00e9 de ce ver. Lorsque le fait de fortement s&rsquo;agiter ne suffit pas, le ver fou peut en effet <strong>se s\u00e9parer d&rsquo;une partie de son corps pour \u00e9chapper \u00e0 un pr\u00e9dateur<\/strong>, \u00e0 la mani\u00e8re d&rsquo;un l\u00e9zard laissant sa queue comme leur. Enfin, les vers fous sont \u00e9galement hermaphrodites, c&rsquo;est \u00e0 dire qu&rsquo;ils <strong>peuvent se reproduire sans s&rsquo;accoupler<\/strong>, ce qui favorise d&rsquo;autant plus leur prolif\u00e9ration.<\/p>\n<p>Un fl\u00e9au pour les \u00e9cosyst\u00e8mes<\/p>\n<p>Ces particularit\u00e9s ne sont n\u00e9anmoins pas celles qui inqui\u00e8tent aujourd&rsquo;hui les scientifiques am\u00e9ricains. C&rsquo;est <strong>son app\u00e9tit <\/strong>qui rend le ver fou v\u00e9ritablement dangereux pour l&rsquo;\u00e9cosyst\u00e8me dans lequel il s&rsquo;implante.<\/p>\n<p>En effet,<strong> ceux-ci s&rsquo;attaquent \u00e0 <\/strong><strong>la liti\u00e8re foresti\u00e8re<\/strong>, qui est la premi\u00e8re couche de nos for\u00eats, compos\u00e9e de feuilles mortes en d\u00e9composition et qui participe notamment \u00e0 la r\u00e9g\u00e9n\u00e9ration de l&rsquo;\u00e9cosyst\u00e8me, tout en servant d&rsquo;habitat \u00e0 bon nombre d&rsquo;esp\u00e8ces.<\/p>\n<p><a class=\"imagen \" href=\"https:\/\/www.tameteo.com\/actualites\/actualite\/australie-ils-decouvrent-pres-de-800-morceaux-de-plastique-dans-le-ventre-d-un-oiseau-comment-est-ce-possible-nature-pollution-environnement.html\" title=\"Australie : ils d\u00e9couvrent pr\u00e8s de 800 morceaux de plastique dans le ventre d&#039;un oiseau, comment est-ce possible ? \" rel=\"nofollow noopener\" target=\"_blank\"><img loading=\"lazy\" decoding=\"async\" fetchpriority=\"low\" class=\"lazy img-body non-editable\" src=\"https:\/\/www.europesays.com\/fr\/wp-content\/uploads\/2025\/06\/australie-les-scientifiques-decouvrent-pres-de-800-morceaux-de-plastique-dans-le-ventre-d-un-oiseau-.jpeg\"  width=\"320\" height=\"225\" alt=\"Australie : ils d\u00e9couvrent pr\u00e8s de 800 morceaux de plastique dans le ventre d'un oiseau, comment est-ce possible ? \"\/><\/a><\/p>\n<p>Selon Science News, ces vers peuvent <strong>d\u00e9barrasser une for\u00eat enti\u00e8re de cette couche en seulement deux mois<\/strong>, ce qui repr\u00e9sente un v\u00e9ritable d\u00e9sastre environnemental. En plus, ces vers <strong>modifient la chimie du sol<\/strong>. Selon une \u00e9tude scientifique parue en octobre 2020 dans la revue Soil Biology and Biochemistry, <strong>d&rsquo;importantes quantit\u00e9s de carbone et d&rsquo;azote <\/strong>ont \u00e9t\u00e9 d\u00e9couvertes l\u00e0 o\u00f9 ces vers se sont implant\u00e9s, ce qui a un impact sur la pousse des plantes.<\/p>\n<blockquote class=\"twitter-tweet\">\n<p lang=\"en\" dir=\"ltr\">Nebraska, we have jumping worms! Newest invasive species (Amynthas species) to make its way into our landscape. Please report sightings to <a href=\"https:\/\/t.co\/rVGsLGKDEj\" rel=\"nofollow\">https:\/\/t.co\/rVGsLGKDEj<\/a>. Theyre listed under insects (worms are not insects). <a href=\"https:\/\/t.co\/0NDZvbnRbs\" rel=\"nofollow\">pic.twitter.com\/0NDZvbnRbs<\/a><\/p>\n<p>\u2014 Jody Green (@JodyBugsMeUNL) <a href=\"https:\/\/twitter.com\/JodyBugsMeUNL\/status\/1174003038308036610?ref_src=twsrc%5Etfw\" rel=\"nofollow noopener\" target=\"_blank\">September 17, 2019<\/a><\/p><\/blockquote>\n<p>Cette esp\u00e8ce nuisible est donc <strong>on ne peut plus destructive dans les r\u00e9gions o\u00f9 elle s&rsquo;implante<\/strong>. Dans le nord de l&rsquo;Am\u00e9rique, celle-ci a r\u00e9ussi \u00e0 se propager dans la nature car elle \u00e9tait<strong> vendue comme app\u00e2ts ou vers de compost<\/strong>. N\u00e9anmoins une fois que ce ver est implant\u00e9 dans un secteur, il est <strong>particuli\u00e8rement difficile de s&rsquo;en d\u00e9barrasser<\/strong>.<\/p>\n<p>En France, cette esp\u00e8ce de vers sauteurs n&rsquo;est pas pr\u00e9sente m\u00eame si d&rsquo;autres esp\u00e8ces de vers sauteurs occupent les sols du continent europ\u00e9en, faisant aussi des d\u00e9g\u00e2ts dans nos for\u00eats, toutefois <strong>moins importants que de l&rsquo;autre c\u00f4t\u00e9 de l&rsquo;Atlantique<\/strong>. Chez nous, c&rsquo;est plut\u00f4t un ver plat, l&rsquo;Obama Nungara, une esp\u00e8ce originaire d&rsquo;Am\u00e9rique du Sud qui engendre le plus de d\u00e9g\u00e2ts en <strong>se nourrissant de nos vers de terre<\/strong>.<\/p>\n<p><a class=\"imagen \" href=\"https:\/\/www.tameteo.com\/actualites\/plantes\/j-ai-plein-de-limaces-que-puis-je-faire-pour-limiter-leur-presence-potager-culture-environnement.html\" title=\"J&#039;ai plein de limaces ! Que puis-je faire pour limiter leur pr\u00e9sence ? \" rel=\"nofollow noopener\" target=\"_blank\"><img loading=\"lazy\" decoding=\"async\" fetchpriority=\"low\" class=\"lazy img-body non-editable\" src=\"https:\/\/www.europesays.com\/fr\/wp-content\/uploads\/2025\/06\/j-ai-plein-de-limaces-que-puis-je-faire-pour-limiter-leur-presence-potager-culture-environnement-174.jpeg\"  width=\"320\" height=\"225\" alt=\"J'ai plein de limaces ! Que puis-je faire pour limiter leur pr\u00e9sence ? \"\/><\/a><\/p>\n<p>Selon les scientifiques, le seul espoir de se d\u00e9barrasser de ces vers fous repose dans<strong> leur incapacit\u00e9 \u00e0 survivre \u00e0 la chaleur et au temps trop sec<\/strong>. N\u00e9anmoins, des recherches sont \u00e9galement en cours pour trouver un moyen plus efficace (et contr\u00f4lable) d&rsquo;en venir \u00e0 bout, tant leur impact sur les for\u00eats am\u00e9ricaines est important.<\/p>\n<p>R\u00e9f\u00e9rence de l&rsquo;article : <\/p>\n<p><a href=\"https:\/\/www.ouest-france.fr\/leditiondusoir\/2025-05-27\/ces-vers-fous-peuvent-faire-des-bonds-de-30-cm-et-ravagent-les-ecosystemes-2f978727-8a58-4839-a7db-a1c2eed900eb\" rel=\"nofollow noopener\" target=\"_blank\">Ces \u00ab vers fous \u00bb peuvent faire des bonds de 30 cm et ravagent les \u00e9cosyst\u00e8mes<\/a>, Ouest-France, 27\/05\/2025<\/p>\n<p> <script async src=\"https:\/\/platform.twitter.com\/widgets.js\" charset=\"utf-8\"><\/script><\/p>\n","protected":false},"excerpt":{"rendered":"Les vers fous sont imposants, pouvant mesurer entre 4 et 20cm de long ! Tristan Bergen 04\/06\/2025 10:00&hellip;\n","protected":false},"author":2,"featured_media":151041,"comment_status":"","ping_status":"","sticky":false,"template":"","format":"standard","meta":{"footnotes":""},"categories":[1589],"tags":[11,28042,28041,28043,73,1866,28040,1147,12,1864,1865,1863,308,28038,28039],"class_list":{"0":"post-151040","1":"post","2":"type-post","3":"status-publish","4":"format-standard","5":"has-post-thumbnail","7":"category-etats-unis","8":"tag-actualites","9":"tag-amerique-du-nord","10":"tag-ecosystemes","11":"tag-especes-invasives","12":"tag-etats-unis","13":"tag-etats-unis-damerique","14":"tag-fou","15":"tag-menace","16":"tag-news","17":"tag-united-states","18":"tag-united-states-of-america","19":"tag-us","20":"tag-usa","21":"tag-ver","22":"tag-ver-de-terre"},"share_on_mastodon":{"url":"https:\/\/pubeurope.com\/@fr\/114624288941459494","error":""},"_links":{"self":[{"href":"https:\/\/www.europesays.com\/fr\/wp-json\/wp\/v2\/posts\/151040","targetHints":{"allow":["GET"]}}],"collection":[{"href":"https:\/\/www.europesays.com\/fr\/wp-json\/wp\/v2\/posts"}],"about":[{"href":"https:\/\/www.europesays.com\/fr\/wp-json\/wp\/v2\/types\/post"}],"author":[{"embeddable":true,"href":"https:\/\/www.europesays.com\/fr\/wp-json\/wp\/v2\/users\/2"}],"replies":[{"embeddable":true,"href":"https:\/\/www.europesays.com\/fr\/wp-json\/wp\/v2\/comments?post=151040"}],"version-history":[{"count":0,"href":"https:\/\/www.europesays.com\/fr\/wp-json\/wp\/v2\/posts\/151040\/revisions"}],"wp:featuredmedia":[{"embeddable":true,"href":"https:\/\/www.europesays.com\/fr\/wp-json\/wp\/v2\/media\/151041"}],"wp:attachment":[{"href":"https:\/\/www.europesays.com\/fr\/wp-json\/wp\/v2\/media?parent=151040"}],"wp:term":[{"taxonomy":"category","embeddable":true,"href":"https:\/\/www.europesays.com\/fr\/wp-json\/wp\/v2\/categories?post=151040"},{"taxonomy":"post_tag","embeddable":true,"href":"https:\/\/www.europesays.com\/fr\/wp-json\/wp\/v2\/tags?post=151040"}],"curies":[{"name":"wp","href":"https:\/\/api.w.org\/{rel}","templated":true}]}}