{"id":151049,"date":"2025-06-04T09:07:09","date_gmt":"2025-06-04T09:07:09","guid":{"rendered":"https:\/\/www.europesays.com\/fr\/151049\/"},"modified":"2025-06-04T09:07:09","modified_gmt":"2025-06-04T09:07:09","slug":"blocage-des-sites-pornographiques-verifier-scrupuleusement-lage-des-personnes-qui-vont-sur-ces-sites-la-me-semble-etre-une-mesure-absolument-necessaire","status":"publish","type":"post","link":"https:\/\/www.europesays.com\/fr\/151049\/","title":{"rendered":"Blocage des sites pornographiques : \u00ab V\u00e9rifier scrupuleusement l\u2019\u00e2ge des personnes qui vont sur ces sites-l\u00e0, me semble \u00eatre une mesure absolument n\u00e9cessaire \u00bb\u00a0"},"content":{"rendered":"<p>\u00ab Ces sites ont d\u00e9cid\u00e9 de se suspendre, c\u2019est leur d\u00e9cision \u00bb, note la porte-parole du gouvernement Sophie Primas apr\u00e8s l\u2019annonce de l\u2019\u00e9diteur de sites pornographiques Aylo (Pornhub, RedTube et YouPorn) du<a href=\"https:\/\/www.publicsenat.fr\/actualites\/parlementaire\/blocage-des-sites-pornos-pornhub-redtube-et-youporn-enfin-une-bonne-nouvelle\" target=\"_blank\" rel=\"noopener\"> blocage de ces derniers<\/a> \u00e0 partir de ce mercredi. Une action pour protester contre les mesures impos\u00e9es par la France depuis la loi du 30 juillet 2020 visant \u00e0 obliger les sites pornographiques \u00e0 v\u00e9rifier la majorit\u00e9 des utilisateurs.\u00a0<\/p>\n<p>\u00ab Nous souhaitons prot\u00e9ger nos enfants, la moiti\u00e9 des gar\u00e7ons de 12\/13 ans et un tiers des filles de 12\/13 ans vont r\u00e9guli\u00e8rement sur les sites pornographiques \u00bb, rappelle la porte-parole du gouvernement. \u00ab V\u00e9rifier scrupuleusement l\u2019\u00e2ge des personnes qui vont sur ces sites-l\u00e0, me semble \u00eatre une mesure absolument n\u00e9cessaire \u00bb, continue Sophie Primas. Par ailleurs, la porte-parole du gouvernement rapporte ne pas savoir si la ministre du Num\u00e9rique, Clara Chappaz, compte entamer des discussions sur le sujet avec les sites concern\u00e9s. \u00ab Nous notre intention c\u2019est de faire respecter la loi, \u00e7a ne me fait pas beaucoup de peine s\u2019ils s\u2019arr\u00eatent \u00bb, assure Sophie Primas.<\/p>\n","protected":false},"excerpt":{"rendered":"\u00ab Ces sites ont d\u00e9cid\u00e9 de se suspendre, c\u2019est leur d\u00e9cision \u00bb, note la porte-parole du gouvernement Sophie&hellip;\n","protected":false},"author":2,"featured_media":151050,"comment_status":"","ping_status":"","sticky":false,"template":"","format":"standard","meta":{"footnotes":""},"categories":[2],"tags":[11,1011,27,12,4125,316,24874,25],"class_list":{"0":"post-151049","1":"post","2":"type-post","3":"status-publish","4":"format-standard","5":"has-post-thumbnail","7":"category-actualites","8":"tag-actualites","9":"tag-fr","10":"tag-france","11":"tag-news","12":"tag-numerique","13":"tag-politique","14":"tag-pornographie","15":"tag-republique-francaise"},"share_on_mastodon":{"url":"https:\/\/pubeurope.com\/@fr\/114624308418009051","error":""},"_links":{"self":[{"href":"https:\/\/www.europesays.com\/fr\/wp-json\/wp\/v2\/posts\/151049","targetHints":{"allow":["GET"]}}],"collection":[{"href":"https:\/\/www.europesays.com\/fr\/wp-json\/wp\/v2\/posts"}],"about":[{"href":"https:\/\/www.europesays.com\/fr\/wp-json\/wp\/v2\/types\/post"}],"author":[{"embeddable":true,"href":"https:\/\/www.europesays.com\/fr\/wp-json\/wp\/v2\/users\/2"}],"replies":[{"embeddable":true,"href":"https:\/\/www.europesays.com\/fr\/wp-json\/wp\/v2\/comments?post=151049"}],"version-history":[{"count":0,"href":"https:\/\/www.europesays.com\/fr\/wp-json\/wp\/v2\/posts\/151049\/revisions"}],"wp:featuredmedia":[{"embeddable":true,"href":"https:\/\/www.europesays.com\/fr\/wp-json\/wp\/v2\/media\/151050"}],"wp:attachment":[{"href":"https:\/\/www.europesays.com\/fr\/wp-json\/wp\/v2\/media?parent=151049"}],"wp:term":[{"taxonomy":"category","embeddable":true,"href":"https:\/\/www.europesays.com\/fr\/wp-json\/wp\/v2\/categories?post=151049"},{"taxonomy":"post_tag","embeddable":true,"href":"https:\/\/www.europesays.com\/fr\/wp-json\/wp\/v2\/tags?post=151049"}],"curies":[{"name":"wp","href":"https:\/\/api.w.org\/{rel}","templated":true}]}}