{"id":151057,"date":"2025-06-04T09:11:10","date_gmt":"2025-06-04T09:11:10","guid":{"rendered":"https:\/\/www.europesays.com\/fr\/151057\/"},"modified":"2025-06-04T09:11:10","modified_gmt":"2025-06-04T09:11:10","slug":"nous-sommes-a-notre-place-la-capitaine-des-beziers-angels-se-confie-apres-le-top-5-en-coupe-de-france-m21","status":"publish","type":"post","link":"https:\/\/www.europesays.com\/fr\/151057\/","title":{"rendered":"\u00ab\u00a0Nous sommes \u00e0 notre place\u00a0\u00bb\u00a0: la capitaine des B\u00e9ziers Angels se confie apr\u00e8s le Top 5 en Coupe de France M21"},"content":{"rendered":"<p>\n                                                                Julia Nafrechoux, la capitaine des M21 des B\u00e9ziers Angels, revient sur la cinqui\u00e8me place du club en Coupe de France.\n                            <\/p>\n<p class=\"txt-question\">Que retenez-vous de ces phases finales, qui se sont tenues le week-end dernier \u00e0 Valenciennes\u00a0?<\/p>\n<p>Que de belles choses. C\u2019\u00e9tait vraiment une tr\u00e8s belle comp\u00e9tition, le groupe a \u00e9t\u00e9 soud\u00e9 du d\u00e9but \u00e0 la fin. C\u2019est toujours super sympa de vivre des moments comme celui-l\u00e0 en fin de saison.<\/p>\n<p class=\"txt-question\">Que vous a-t-il manqu\u00e9 pour viser plus haut\u00a0?<\/p>\n<p>Peut-\u00eatre que nous avons eu un peu de mal physiquement. D\u2019autant qu\u2019il nous manquait \u00e9galement quelques filles. Mais je crois que nous sommes \u00e0 notre place.<\/p>\n<p class=\"txt-question\">Une centaine d\u2019\u00e9quipes \u00e9taient engag\u00e9es au d\u00e9but de la comp\u00e9tition. Ce Top 5 est-il une satisfaction\u00a0?<\/p>\n<p>C\u2019est clair que quand on regarde notre parcours depuis le d\u00e9but, on se rend compte que ce n\u2019est quand m\u00eame pas rien de terminer aussi haut dans le classement. Il y a eu beaucoup de chemin \u00e0 faire pour en arriver l\u00e0, nous pouvons \u00eatre fi\u00e8res de nous et de notre parcours. Cela fait quelques ann\u00e9es que l\u2019on joue ensemble avec plusieurs filles de l\u2019\u00e9quipe, c\u2019est un vrai collectif qui nous a port\u00e9es tout au long de cette saison.<\/p>\n<p>\u00ab\u00a0C\u2019\u00e9tait important de bien terminer ensemble cette aventure\u00a0\u00bb<\/p>\n<p class=\"txt-question\">Ce parcours en Coupe de France restera-t-il parmi les plus beaux souvenirs de votre jeune carri\u00e8re\u00a0?<\/p>\n<p>Totalement, surtout que certaines filles vont partir et que l\u2019effectif va un peu bouger l\u2019ann\u00e9e prochaine. C\u2019\u00e9tait important de bien terminer ensemble cette aventure.<\/p>\n","protected":false},"excerpt":{"rendered":"Julia Nafrechoux, la capitaine des M21 des B\u00e9ziers Angels, revient sur la cinqui\u00e8me place du club en Coupe&hellip;\n","protected":false},"author":2,"featured_media":151058,"comment_status":"","ping_status":"","sticky":false,"template":"","format":"standard","meta":{"footnotes":""},"categories":[1417],"tags":[1011,27,60,1470,1469],"class_list":{"0":"post-151057","1":"post","2":"type-post","3":"status-publish","4":"format-standard","5":"has-post-thumbnail","7":"category-volley","8":"tag-fr","9":"tag-france","10":"tag-sports","11":"tag-volley","12":"tag-volleyball"},"share_on_mastodon":{"url":"https:\/\/pubeurope.com\/@fr\/114624324156019307","error":""},"_links":{"self":[{"href":"https:\/\/www.europesays.com\/fr\/wp-json\/wp\/v2\/posts\/151057","targetHints":{"allow":["GET"]}}],"collection":[{"href":"https:\/\/www.europesays.com\/fr\/wp-json\/wp\/v2\/posts"}],"about":[{"href":"https:\/\/www.europesays.com\/fr\/wp-json\/wp\/v2\/types\/post"}],"author":[{"embeddable":true,"href":"https:\/\/www.europesays.com\/fr\/wp-json\/wp\/v2\/users\/2"}],"replies":[{"embeddable":true,"href":"https:\/\/www.europesays.com\/fr\/wp-json\/wp\/v2\/comments?post=151057"}],"version-history":[{"count":0,"href":"https:\/\/www.europesays.com\/fr\/wp-json\/wp\/v2\/posts\/151057\/revisions"}],"wp:featuredmedia":[{"embeddable":true,"href":"https:\/\/www.europesays.com\/fr\/wp-json\/wp\/v2\/media\/151058"}],"wp:attachment":[{"href":"https:\/\/www.europesays.com\/fr\/wp-json\/wp\/v2\/media?parent=151057"}],"wp:term":[{"taxonomy":"category","embeddable":true,"href":"https:\/\/www.europesays.com\/fr\/wp-json\/wp\/v2\/categories?post=151057"},{"taxonomy":"post_tag","embeddable":true,"href":"https:\/\/www.europesays.com\/fr\/wp-json\/wp\/v2\/tags?post=151057"}],"curies":[{"name":"wp","href":"https:\/\/api.w.org\/{rel}","templated":true}]}}