{"id":151059,"date":"2025-06-04T09:12:08","date_gmt":"2025-06-04T09:12:08","guid":{"rendered":"https:\/\/www.europesays.com\/fr\/151059\/"},"modified":"2025-06-04T09:12:08","modified_gmt":"2025-06-04T09:12:08","slug":"rugby-pro-d2-fcg-richard-hardwick-suspendu-qui-jouera-n8-en-finale-contre-montauban-le-dauphine-libere","status":"publish","type":"post","link":"https:\/\/www.europesays.com\/fr\/151059\/","title":{"rendered":"Rugby &#8211; Pro D2. FCG : Richard Hardwick suspendu, qui jouera n\u00b08 en finale contre Montauban ? &#8211; Le Dauphin\u00e9 Lib\u00e9r\u00e9"},"content":{"rendered":"<ol>\n<li><a href=\"https:\/\/news.google.com\/rss\/articles\/CBMitgFBVV95cUxNT1VGTko2QW5qSVpnUVROeU1nbGpCLWw1T2FFa3ZiRk5LVzFtd2lLWTJBY25abW1YZ01zd2pxd1VINDFodDBsVTVNQWs4WXpMeERsVXdyZWVLOWJad1JYYkNfOWlVUnBtb195ZFZkU0tuWGdyR2g3czdyZWF4Q2R3Rlh0THFkdGgzU1AtNDBtNWVXQmJtNnR4MjFKSVpGSVdJV3VKQ1YyNzBJN0huUEh0V3Vzdl82dw?oc=5\" target=\"_blank\" rel=\"noopener\">Rugby &#8211; Pro D2. FCG : Richard Hardwick suspendu, qui jouera n\u00b08 en finale contre Montauban ?<\/a>&nbsp;&nbsp;Le Dauphin\u00e9 Lib\u00e9r\u00e9<\/li>\n<li><a href=\"https:\/\/news.google.com\/rss\/articles\/CBMi5wFBVV95cUxPdnMtaENBMWVudjgtck9lSDBKQ0l2ZzliMEI1Qi1kZkg1c3BEaUdqWXAtS2tSb2k4T01qc2lEWGZ6bGYzNXVmVFI3S1dTQXM2WHpRQmJmalZJNG9wSmx2a0hvZURRT3pOeFNZeDBXUlpxeFUtVnFRMUlXMlNyTlhFRjZWWGRrYjJPN0JJM0V6Ti0xMVJYQ3BZOWdERXFVOUF1OHp0ajVUOVJmS1Q2RVFJM3lQNS1jQ18tTzFxT2NDYWdiWFdqMUxKRnBfUi01U3dxbEFKSU9xanlFWGRaN2VMaXd5RDhObzQ?oc=5\" target=\"_blank\" rel=\"noopener\">\u00ab\u00a0Ce club a les moyens d\u2019aller tr\u00e8s haut\u00a0\u00bb, Reggiardo revient sur ses ann\u00e9es \u00e0 Provence Rugby<\/a>&nbsp;&nbsp;Rugbyrama<\/li>\n<li><a href=\"https:\/\/news.google.com\/rss\/articles\/CBMi7wFBVV95cUxPNmJkeVdoeFRkZnZ0WW9Nd0phZm82Z1I3cHZ5UUg5Sk1ad09idThlV29Ha0pBQnNHVWZxVnlMYVE4NWhhRXJQRHJhR2JVMk1RZFF6RnkxSmtNYXY3UDZkZkxaZzljSlV5TWNtZE1rUHN6UEs5MTFqZEd1QUVNUnQ4NHBNUzBJRWNmT3MzY0ZkYWpZcGZrYUtNN1VFOGhCbmNFQ0U5RUR3M3Y3NF9tVlpMQUVZeDBQZzJHUWRRQk5DLTA3aVlmQWdBMld0Yzh5bHgwSHZuWUFXT1VJYlExMU5EVVBrVDhnVDhZblAyZWV5WQ?oc=5\" target=\"_blank\" rel=\"noopener\">\u00ab\u00a0Comme un concert de Lady Gaga\u00a0\u00bb : les billets pour la finale de Pro D2 des supporters du CAB se revendent tr\u00e8s vite<\/a>&nbsp;&nbsp;francebleu.fr<\/li>\n<li><a href=\"https:\/\/news.google.com\/rss\/articles\/CBMi0gFBVV95cUxQM3dXdFhhLW5lUEIwdVFQWmc4U3h4N3ZvMnhNYy1YTlVOM0g5Q2wtU3doYVE1dGMxVE1fS0h2STRlU253TDBibGw3WWlpaVFSX2NBNGtuRXZ4YkV4eUFqeEZ2dWdLdWtmcWhJNUFTMHprVWFVMUVxem9MVE1lRGlRRXVHaklNWGR0eGZzemxnU0pBelFkdEt3SThiU2N2Szlta19qWDlIbnZwbmtQeGpxWmJSMjl6R001MjdJT3E2TmFjelZ0SzJVZWZkUi1Hb0p2akE?oc=5\" target=\"_blank\" rel=\"noopener\">Grenoble-Montauban : \u00e0 quelle heure et sur quelle cha\u00eene regarder la finale de Pro D2 ?<\/a>&nbsp;&nbsp;Le Figaro<\/li>\n<li><a href=\"https:\/\/news.google.com\/rss\/articles\/CBMivgFBVV95cUxQODlUU29CcG1Ec0xkUVNKTWZkS1VkT1RSN1BNREpDbTdwaVRJcEFBb3ROMkFEVS1lOHphVkFzVEpacDFtWmo4em1tSkxxcnl4VHZIckp2M05IYlViU0F4M1FaNjRVTTRxV3hCai1FQTBwRlFXSmF4WGQxT1V0RDZuVC05QmxPRTdJZy16TEMyRFh3M0VvMl9CSTdGVVIxekZWQ2RIZGFTNDZ6ZVZiMmVvbjJCdXhZX1VueWtKcXJn0gG8AUFVX3lxTE04VlVLX0lzYXFNMUcweHFYYlRzdENoU2UxMFdtRW9QM3NJb2NjVWliUTl6MXNhUHJoWUlYX0VDaVl3bVI1dWpSWmRnSVRyVE5LWW13cHVkMDdGa2lmR0E1QThwcEUtc2ZQNzI5M0xKdjM4eTgzZEF5aDBpbHFseEU5Y2w5T2NXeEJtbVF3eHpmT0lpXzJyZTNyUGhmTUxYd044dFlyRFpDdDlmNlFHYnNpa3FBQ2FuTVQzNzk4?oc=5\" target=\"_blank\" rel=\"noopener\">Pro D2 (Finale) : M\u00eame Vincent Clerc n&rsquo;a pas de place !<\/a>&nbsp;&nbsp;Orange Actualit\u00e9s | Sports<\/li>\n<\/ol>\n","protected":false},"excerpt":{"rendered":"Rugby &#8211; Pro D2. FCG : Richard Hardwick suspendu, qui jouera n\u00b08 en finale contre Montauban ?&nbsp;&nbsp;Le Dauphin\u00e9&hellip;\n","protected":false},"author":2,"featured_media":151060,"comment_status":"","ping_status":"","sticky":false,"template":"","format":"standard","meta":{"footnotes":""},"categories":[1416],"tags":[112,113,114,2727,107,1701,1011,27,2731,2732,108,6225,2308,479,1468,517,60],"class_list":{"0":"post-151059","1":"post","2":"type-post","3":"status-publish","4":"format-standard","5":"has-post-thumbnail","7":"category-rugby","8":"tag-edition-grenoble-agglomeration","9":"tag-edition-gresivaudan-oisans","10":"tag-edition-voiron-saint-marcellin","11":"tag-fcg-fc-grenoble-rugby","12":"tag-fil-info","13":"tag-fil-info-sport","14":"tag-fr","15":"tag-france","16":"tag-grenoble","17":"tag-grenoble-bassin","18":"tag-isere","19":"tag-la-matinale","20":"tag-pro-d2","21":"tag-rugby","22":"tag-rugby-football","23":"tag-sport","24":"tag-sports"},"share_on_mastodon":{"url":"https:\/\/pubeurope.com\/@fr\/114624328116877285","error":""},"_links":{"self":[{"href":"https:\/\/www.europesays.com\/fr\/wp-json\/wp\/v2\/posts\/151059","targetHints":{"allow":["GET"]}}],"collection":[{"href":"https:\/\/www.europesays.com\/fr\/wp-json\/wp\/v2\/posts"}],"about":[{"href":"https:\/\/www.europesays.com\/fr\/wp-json\/wp\/v2\/types\/post"}],"author":[{"embeddable":true,"href":"https:\/\/www.europesays.com\/fr\/wp-json\/wp\/v2\/users\/2"}],"replies":[{"embeddable":true,"href":"https:\/\/www.europesays.com\/fr\/wp-json\/wp\/v2\/comments?post=151059"}],"version-history":[{"count":0,"href":"https:\/\/www.europesays.com\/fr\/wp-json\/wp\/v2\/posts\/151059\/revisions"}],"wp:featuredmedia":[{"embeddable":true,"href":"https:\/\/www.europesays.com\/fr\/wp-json\/wp\/v2\/media\/151060"}],"wp:attachment":[{"href":"https:\/\/www.europesays.com\/fr\/wp-json\/wp\/v2\/media?parent=151059"}],"wp:term":[{"taxonomy":"category","embeddable":true,"href":"https:\/\/www.europesays.com\/fr\/wp-json\/wp\/v2\/categories?post=151059"},{"taxonomy":"post_tag","embeddable":true,"href":"https:\/\/www.europesays.com\/fr\/wp-json\/wp\/v2\/tags?post=151059"}],"curies":[{"name":"wp","href":"https:\/\/api.w.org\/{rel}","templated":true}]}}