{"id":151061,"date":"2025-06-04T09:13:09","date_gmt":"2025-06-04T09:13:09","guid":{"rendered":"https:\/\/www.europesays.com\/fr\/151061\/"},"modified":"2025-06-04T09:13:09","modified_gmt":"2025-06-04T09:13:09","slug":"roland-garros-contre-sinner-bublik-va-tenter-quelque-chose-que-personne-na-jamais-fait-a-roland-garros-affirme-rick-macci","status":"publish","type":"post","link":"https:\/\/www.europesays.com\/fr\/151061\/","title":{"rendered":"Roland Garros > \u00ab\u00a0Contre Sinner, Bublik va tenter quelque chose que personne n&rsquo;a jamais fait \u00e0 Roland-Garros\u00a0\u00bb, affirme Rick Macci"},"content":{"rendered":"<p>Alors qu\u2019il n\u2019avait jamais d\u00e9pass\u00e9 le deuxi\u00e8me tour \u00e0 Roland\u2010Garros, et qu\u2019il n\u2019a jamais cach\u00e9 son aver\u00adsion pour la\u00a0terre battue, Alexander Bublik s\u2019est offert le droit de d\u00e9fier Jannik Sinner en quarts de finale de Roland\u2010Garros, en ayant notam\u00adment battu Jack Draper en quatre sets.<\/p>\n<p>Selon Rick Macci, ancien forma\u00adteur des soeurs Williams, l\u2019ac\u00adtuel 62e joueur mondial va battre un record face au num\u00e9ro 1 mondial ce mercredi.\u00a0<\/p>\n<p><strong>\u00ab\u202fBublik tentera un nombre record d\u2019amor\u00adties contre Sinner, plus que n\u2019im\u00adporte quel autre joueur ayant jamais parti\u00adcip\u00e9 \u00e0 Roland\u2010Garros.\u202f\u00bb<\/strong><\/p>\n<blockquote class=\"twitter-tweet\">\n<p lang=\"en\" dir=\"ltr\">Bublik will try a Record Number of Drop Shots against Sinner than any player that has ever played at the French Open.<a href=\"https:\/\/twitter.com\/AlexBublik12?ref_src=twsrc%5Etfw\" data-wpel-link=\"external\" target=\"_blank\" rel=\"nofollow external noopener\">@AlexBublik12<\/a><\/p>\n<p>\u2014 Rick Macci (@RickMacci) <a href=\"https:\/\/twitter.com\/RickMacci\/status\/1930135729025298846?ref_src=twsrc%5Etfw\" data-wpel-link=\"external\" target=\"_blank\" rel=\"nofollow external noopener\">June 4,\u00a02025<\/a><\/p><\/blockquote>\n<p>Reste \u00e0 savoir si Bublik parviendra \u00e0 d\u00e9sta\u00adbi\u00adliser Sinner, imp\u00e9\u00adrial depuis le d\u00e9but du tournoi.\u00a0<\/p>\n<p class=\"post-published-date\" style=\"color: silver; font-size: 75%; text-align: left;\">Publi\u00e9 le mercredi 4 juin 2025 \u00e0 10:02<\/p>\n<p><script async src=\"https:\/\/platform.twitter.com\/widgets.js\" charset=\"utf-8\"><\/script><\/p>\n","protected":false},"excerpt":{"rendered":"Alors qu\u2019il n\u2019avait jamais d\u00e9pass\u00e9 le deuxi\u00e8me tour \u00e0 Roland\u2010Garros, et qu\u2019il n\u2019a jamais cach\u00e9 son aver\u00adsion pour&hellip;\n","protected":false},"author":2,"featured_media":151062,"comment_status":"","ping_status":"","sticky":false,"template":"","format":"standard","meta":{"footnotes":""},"categories":[1415],"tags":[15212,4388,1011,27,2201,2127,60,1467],"class_list":{"0":"post-151061","1":"post","2":"type-post","3":"status-publish","4":"format-standard","5":"has-post-thumbnail","7":"category-tennis","8":"tag-bublik","9":"tag-draper","10":"tag-fr","11":"tag-france","12":"tag-serena-williams","13":"tag-sinner","14":"tag-sports","15":"tag-tennis"},"share_on_mastodon":{"url":"https:\/\/pubeurope.com\/@fr\/114624331987024660","error":""},"_links":{"self":[{"href":"https:\/\/www.europesays.com\/fr\/wp-json\/wp\/v2\/posts\/151061","targetHints":{"allow":["GET"]}}],"collection":[{"href":"https:\/\/www.europesays.com\/fr\/wp-json\/wp\/v2\/posts"}],"about":[{"href":"https:\/\/www.europesays.com\/fr\/wp-json\/wp\/v2\/types\/post"}],"author":[{"embeddable":true,"href":"https:\/\/www.europesays.com\/fr\/wp-json\/wp\/v2\/users\/2"}],"replies":[{"embeddable":true,"href":"https:\/\/www.europesays.com\/fr\/wp-json\/wp\/v2\/comments?post=151061"}],"version-history":[{"count":0,"href":"https:\/\/www.europesays.com\/fr\/wp-json\/wp\/v2\/posts\/151061\/revisions"}],"wp:featuredmedia":[{"embeddable":true,"href":"https:\/\/www.europesays.com\/fr\/wp-json\/wp\/v2\/media\/151062"}],"wp:attachment":[{"href":"https:\/\/www.europesays.com\/fr\/wp-json\/wp\/v2\/media?parent=151061"}],"wp:term":[{"taxonomy":"category","embeddable":true,"href":"https:\/\/www.europesays.com\/fr\/wp-json\/wp\/v2\/categories?post=151061"},{"taxonomy":"post_tag","embeddable":true,"href":"https:\/\/www.europesays.com\/fr\/wp-json\/wp\/v2\/tags?post=151061"}],"curies":[{"name":"wp","href":"https:\/\/api.w.org\/{rel}","templated":true}]}}