{"id":151063,"date":"2025-06-04T09:15:11","date_gmt":"2025-06-04T09:15:11","guid":{"rendered":"https:\/\/www.europesays.com\/fr\/151063\/"},"modified":"2025-06-04T09:15:11","modified_gmt":"2025-06-04T09:15:11","slug":"ogura-tente-un-retour-au-gp-daragon-apres-sa-fracture-du-tibia","status":"publish","type":"post","link":"https:\/\/www.europesays.com\/fr\/151063\/","title":{"rendered":"Ogura tente un retour au GP d&rsquo;Arag\u00f3n apr\u00e8s sa fracture du tibia"},"content":{"rendered":"<p>Deux semaines seulement apr\u00e8s s&rsquo;\u00eatre fractur\u00e9 le haut du tibia, <a href=\"https:\/\/fr.motorsport.com\/driver\/ai-ogura\/471489\/\" target=\"_blank\" rel=\"noopener\">Ai Ogura<\/a> va tenter de disputer le prochain Grand Prix, cette semaine au MotorLand Arag\u00f3n. Le pilote japonais est annonc\u00e9 par son \u00e9quipe, Trackhouse Racing, sous r\u00e9serve qu&rsquo;il passe avec succ\u00e8s le contr\u00f4le m\u00e9dical obligatoire auquel il devra se soumettre jeudi au circuit.<\/p>\n<p>Ogura est lourdement tomb\u00e9 pendant les premiers essais du GP de Grande-Bretagne. S&rsquo;il avait tent\u00e9 de reprendre la piste lors de la s\u00e9ance suivante, ses douleurs au genou avaient vite convaincu son \u00e9quipe qu&rsquo;il devait rester au repos, bien que les premiers examens n&rsquo;aient rien r\u00e9v\u00e9l\u00e9 d&rsquo;alarmant. Des contr\u00f4les m\u00e9dicaux plus pouss\u00e9s ont par la suite montr\u00e9 la pr\u00e9sence d&rsquo;une fracture sur la partie haute du tibia droit, juste en dessous du genou.<\/p>\n<p><a href=\"https:\/\/fr.motorsport.com\/motogp\/news\/ai-ogura-opere-succes-incertain-aragon\/10727535\/\" target=\"_self\" rel=\"noopener\">Ai Ogura a \u00e9t\u00e9 op\u00e9r\u00e9 mardi dernier<\/a>, une intervention rapide et peu invasive lors de laquelle un petit fragment osseux a \u00e9t\u00e9 retir\u00e9. Il a depuis \u00e9t\u00e9 suivi par les m\u00e9decins pour se remettre de l&rsquo;op\u00e9ration et a pass\u00e9 avec succ\u00e8s un examen de contr\u00f4le mardi. Il pourrait donc reprendre la comp\u00e9tition sans plus attendre, en remontant sur son Aprilia d\u00e8s vendredi s&rsquo;il re\u00e7oit le feu vert r\u00e9glementaire jeudi.<\/p>\n<p>\u00ab\u00a0Apr\u00e8s ma chute \u00e0 Silverstone, j&rsquo;ai \u00e9t\u00e9 op\u00e9r\u00e9 mardi dernier et cela semble s&rsquo;\u00eatre bien pass\u00e9\u00a0\u00bb, explique Ai Ogura, 12e du championnat. \u00ab\u00a0Ensuite, j&rsquo;ai travaill\u00e9 sur ma r\u00e9cup\u00e9ration. \u00c7a a \u00e9t\u00e9 frustrant de manquer la plupart du week-end de Grand Prix \u00e0 Silverstone, mais j&rsquo;esp\u00e8re \u00eatre suffisamment remis pour passer le contr\u00f4le m\u00e9dical jeudi et pour pouvoir piloter \u00e0 nouveau vendredi.\u00a0\u00bb<\/p>\n<p>\u00ab\u00a0L&rsquo;objectif ce week-end est de retrouver Ai et de le revoir sur la moto pour qu&rsquo;il continue son processus d&rsquo;apprentissage\u00a0\u00bb, d\u00e9clare le team principal Davide Brivio au sujet de son pilote rookie. \u00ab\u00a0Jeudi, il passera un nouveau contr\u00f4le m\u00e9dical pour obtenir le feu vert.\u00a0\u00bb<\/p>\n<p>De l&rsquo;autre c\u00f4t\u00e9 du stand Trackhouse, <a href=\"https:\/\/fr.motorsport.com\/driver\/raul-fernandez\/443094\/\" target=\"_blank\" rel=\"noopener\">Ra\u00fal Fern\u00e1ndez<\/a> a d\u00e9plor\u00e9 \u00e0 Silverstone un probl\u00e8me avec un nerf dans le bras. L&rsquo;Espagnol, qui vit un d\u00e9but de championnat difficile, dit avoir cherch\u00e9 \u00e0 mieux se pr\u00e9parer physiquement pour Arag\u00f3n et esp\u00e8re poursuivre sur sa lanc\u00e9e apr\u00e8s avoir vu ses sensations commencer \u00e0 s&rsquo;am\u00e9liorer au guidon de l&rsquo;Aprilia.<\/p>\n<p>Si Ai Ogura est en capacit\u00e9 de disputer le Grand Prix cette semaine, on sait en revanche que <a href=\"https:\/\/fr.motorsport.com\/driver\/luca-marini\/201098\/\" target=\"_blank\" rel=\"noopener\">Luca Marini<\/a> sera absent, et non remplac\u00e9 par Honda. L&rsquo;Italien est actuellement hospitalis\u00e9 \u00e0 Tokyo, o\u00f9 il a \u00e9t\u00e9 rejoint par sa famille, \u00e0 la suite d&rsquo;un grave accident survenu la semaine derni\u00e8re et qui l&rsquo;a laiss\u00e9 avec <a href=\"https:\/\/fr.motorsport.com\/motogp\/news\/luca-marini-serieusement-blesse-honda\/10727496\/\" target=\"_self\" rel=\"noopener\">de multiples blessures, dont un pneumothorax<\/a>. <a href=\"https:\/\/fr.motorsport.com\/driver\/jorge-martin\/109391\/\" target=\"_blank\" rel=\"noopener\">Jorge Mart\u00edn<\/a> reste lui aussi absent actuellement, remplac\u00e9 dans l&rsquo;\u00e9quipe d&rsquo;usine Aprilia par <a href=\"https:\/\/fr.motorsport.com\/driver\/lorenzo-savadori\/408147\/\" target=\"_blank\" rel=\"noopener\">Lorenzo Savadori<\/a>. En revanche, <a href=\"https:\/\/fr.motorsport.com\/driver\/franco-morbidelli\/109417\/\" target=\"_blank\" rel=\"noopener\">Franco Morbidelli<\/a> est bien annonc\u00e9 pr\u00e9sent, malgr\u00e9 la fracture du pied subie \u00e0 Silverstone.<\/p>\n<p>Lire aussi :<\/p>\n<p>Dans cet article<\/p>\n<p>    L\u00e9na Buffa\n<\/p>\n<p>    MotoGP\n<\/p>\n<p>    Ai Ogura\n<\/p>\n<p>    Trackhouse Racing Team\n<\/p>\n<p>Soyez le premier inform\u00e9 et souscrivez aux alertes mails pour recevoir les infos en temps r\u00e9el<\/p>\n<p>    S&rsquo;abonner aux alertes de news<\/p>\n","protected":false},"excerpt":{"rendered":"Deux semaines seulement apr\u00e8s s&rsquo;\u00eatre fractur\u00e9 le haut du tibia, Ai Ogura va tenter de disputer le prochain&hellip;\n","protected":false},"author":2,"featured_media":151064,"comment_status":"","ping_status":"","sticky":false,"template":"","format":"standard","meta":{"footnotes":""},"categories":[1413],"tags":[3378,1011,27,26452,1457,1456,1458,26453,60,4084],"class_list":{"0":"post-151063","1":"post","2":"type-post","3":"status-publish","4":"format-standard","5":"has-post-thumbnail","7":"category-moto","8":"tag-ai-ogura","9":"tag-fr","10":"tag-france","11":"tag-gp-daragu00f3n","12":"tag-moto","13":"tag-motocycle","14":"tag-motogp","15":"tag-motorland-aragu00f3n","16":"tag-sports","17":"tag-trackhouse-racing-team"},"share_on_mastodon":{"url":"https:\/\/pubeurope.com\/@fr\/114624339890509686","error":""},"_links":{"self":[{"href":"https:\/\/www.europesays.com\/fr\/wp-json\/wp\/v2\/posts\/151063","targetHints":{"allow":["GET"]}}],"collection":[{"href":"https:\/\/www.europesays.com\/fr\/wp-json\/wp\/v2\/posts"}],"about":[{"href":"https:\/\/www.europesays.com\/fr\/wp-json\/wp\/v2\/types\/post"}],"author":[{"embeddable":true,"href":"https:\/\/www.europesays.com\/fr\/wp-json\/wp\/v2\/users\/2"}],"replies":[{"embeddable":true,"href":"https:\/\/www.europesays.com\/fr\/wp-json\/wp\/v2\/comments?post=151063"}],"version-history":[{"count":0,"href":"https:\/\/www.europesays.com\/fr\/wp-json\/wp\/v2\/posts\/151063\/revisions"}],"wp:featuredmedia":[{"embeddable":true,"href":"https:\/\/www.europesays.com\/fr\/wp-json\/wp\/v2\/media\/151064"}],"wp:attachment":[{"href":"https:\/\/www.europesays.com\/fr\/wp-json\/wp\/v2\/media?parent=151063"}],"wp:term":[{"taxonomy":"category","embeddable":true,"href":"https:\/\/www.europesays.com\/fr\/wp-json\/wp\/v2\/categories?post=151063"},{"taxonomy":"post_tag","embeddable":true,"href":"https:\/\/www.europesays.com\/fr\/wp-json\/wp\/v2\/tags?post=151063"}],"curies":[{"name":"wp","href":"https:\/\/api.w.org\/{rel}","templated":true}]}}