{"id":151072,"date":"2025-06-04T09:20:09","date_gmt":"2025-06-04T09:20:09","guid":{"rendered":"https:\/\/www.europesays.com\/fr\/151072\/"},"modified":"2025-06-04T09:20:09","modified_gmt":"2025-06-04T09:20:09","slug":"pourquoi-la-statue-de-cire-du-president-a-t-elle-ete-restituee-devant-un-site-dedf","status":"publish","type":"post","link":"https:\/\/www.europesays.com\/fr\/151072\/","title":{"rendered":"Pourquoi la statue de cire du pr\u00e9sident a-t-elle \u00e9t\u00e9 \u00ab\u00a0restitu\u00e9e\u00a0\u00bb devant un site d\u2019EDF\u00a0?"},"content":{"rendered":"<p>Une action originale de bout en bout. L\u2019ONG <a href=\"https:\/\/www.20minutes.fr\/dossier\/greenpeace\" class=\"color-ultramarine c-link\" rel=\"nofollow noopener\" target=\"_blank\">Greenpeace<\/a> a rendu mardi soir la statue en cire d\u2019<a href=\"https:\/\/www.20minutes.fr\/politique\/emmanuel-macron\/\" class=\"color-ultramarine c-link\" rel=\"nofollow noopener\" target=\"_blank\">Emmanuel Macron<\/a> d\u00e9rob\u00e9e la veille au <a href=\"https:\/\/www.20minutes.fr\/culture\/musee-grevin\/\" class=\"color-ultramarine c-link\" rel=\"nofollow noopener\" target=\"_blank\">mus\u00e9e Gr\u00e9vin<\/a>, en la d\u00e9posant devant le si\u00e8ge d\u2019<a href=\"https:\/\/www.20minutes.fr\/dossier\/edf\" class=\"color-ultramarine c-link\" rel=\"nofollow noopener\" target=\"_blank\">EDF<\/a> \u00e0 Paris. Le but\u00a0: d\u00e9noncer les liens \u00e9conomiques, notamment sur l\u2019\u00e9nergie, entre la France avec la <a href=\"https:\/\/www.20minutes.fr\/monde\/russie\/\" class=\"color-ultramarine c-link\" rel=\"nofollow noopener\" target=\"_blank\">Russie<\/a>.<\/p>\n<p>\u00ab\u00a0On est venu ramener la statue d\u2019Emmanuel Macron parce que comme on l\u2019avait promis d\u00e8s le d\u00e9but c\u2019est un emprunt, a d\u00e9clar\u00e9 sur place Jean-Fran\u00e7ois Julliard, directeur g\u00e9n\u00e9ral de Greenpeace France. On a pr\u00e9venu \u00e0 la fois la direction du mus\u00e9e Gr\u00e9vin et les forces de l\u2019ordre. C\u2019est \u00e0 eux de venir la r\u00e9cup\u00e9rer.\u00a0\u00bb La statue a \u00e9t\u00e9 amen\u00e9e peu apr\u00e8s 23 heures dans un coffre dont elle a \u00e9t\u00e9 sortie quelques minutes pour \u00eatre expos\u00e9e sur le parvis devant le si\u00e8ge du groupe \u00e9nerg\u00e9tique, avec une pancarte de l\u2019<a href=\"https:\/\/www.20minutes.fr\/dossier\/ong\" class=\"color-ultramarine c-link\" rel=\"nofollow noopener\" target=\"_blank\">ONG<\/a> avec l\u2019inscription \u00ab\u00a0<a href=\"https:\/\/www.20minutes.fr\/monde\/vladimir_poutine\/\" class=\"color-ultramarine c-link\" rel=\"nofollow noopener\" target=\"_blank\">Poutine<\/a>-Macron Alli\u00e9s radioactifs\u00a0\u00bb.<\/p>\n<p>\u00ab\u00a0Mettre Macron face \u00e0 ses responsabilit\u00e9s\u00a0\u00bb<\/p>\n<p>Le si\u00e8ge d\u2019EDF a \u00e9t\u00e9 choisi \u00ab\u00a0pour mettre Macron en face de ses responsabilit\u00e9s dans le commerce entretenu avec la Russie notamment dans la fili\u00e8re nucl\u00e9aire\u00a0\u00bb, a expliqu\u00e9 Jean-Fran\u00e7ois Julliard. La statue, d\u2019une valeur de 40.000 euros, avait \u00e9t\u00e9 vol\u00e9e la veille par des militants de Greenpeace. Selon une source polici\u00e8re, deux femmes et un homme sont entr\u00e9s lundi matin dans le mus\u00e9e parisien, situ\u00e9 dans le 9e\u00a0arrondissement. Apr\u00e8s s\u2019\u00eatre chang\u00e9s, se faisant passer pour des artisans ou des employ\u00e9s de l\u2019\u00e9tablissement, ils ont r\u00e9ussi \u00e0 d\u00e9rober la statue en la dissimulant sous une couverture et en sortant par une issue de secours. D\u2019apr\u00e8s une porte-parole du mus\u00e9e, ils ont d\u00e9tourn\u00e9 l\u2019attention du vigile en posant une question sur l\u2019acc\u00e8s de l\u2019ascenseur aux personnes handicap\u00e9es pendant que d\u2019autres rev\u00eataient une blouse d\u2019agent d\u2019entretien.<\/p>\n<\/p>\n<p>Les militants ont d\u2019abord d\u00e9pos\u00e9 la statue d\u2019Emmanuel Macron devant l\u2019ambassade de Russie. L\u2019action n\u2019a dur\u00e9 que quelques minutes. Un drapeau russe avait \u00e9t\u00e9 d\u00e9ploy\u00e9 derri\u00e8re la statue d\u2019Emmanuel Macron et un militant de l\u2019ONG a brandi une pancarte jaune fluo portant l\u2019inscription \u00ab\u00a0Business is business\u00a0\u00bb. Des membres de Greenpeace avaient lanc\u00e9 de faux billets de banque. L\u2019ONG veut protester contre les liens \u00e9conomiques entre la France et la Russie dans les secteurs du gaz, des engrais chimiques et du nucl\u00e9aire.<\/p>\n","protected":false},"excerpt":{"rendered":"Une action originale de bout en bout. L\u2019ONG Greenpeace a rendu mardi soir la statue en cire d\u2019Emmanuel&hellip;\n","protected":false},"author":2,"featured_media":151073,"comment_status":"","ping_status":"","sticky":false,"template":"","format":"standard","meta":{"footnotes":""},"categories":[1358],"tags":[47,1348,1384,1385,1386,58,1647,1073,59,436,118,658,1011,27,843,22050,662,26049,5654,11356,626,52,8013,132],"class_list":{"0":"post-151072","1":"post","2":"type-post","3":"status-publish","4":"format-standard","5":"has-post-thumbnail","7":"category-arts-et-design","8":"tag-actualite","9":"tag-arts","10":"tag-arts-and-design","11":"tag-arts-et-design","12":"tag-design","13":"tag-divertissement","14":"tag-edf","15":"tag-emmanuel-macron","16":"tag-entertainment","17":"tag-environnement","18":"tag-faits-divers","19":"tag-faits-divers-paris","20":"tag-fr","21":"tag-france","22":"tag-gaz","23":"tag-greenpeace","24":"tag-ile-de-france","25":"tag-musee-grevin","26":"tag-nucleaire","27":"tag-ong","28":"tag-paris","29":"tag-planete","30":"tag-russe","31":"tag-russie"},"share_on_mastodon":{"url":"https:\/\/pubeurope.com\/@fr\/114624359546985570","error":""},"_links":{"self":[{"href":"https:\/\/www.europesays.com\/fr\/wp-json\/wp\/v2\/posts\/151072","targetHints":{"allow":["GET"]}}],"collection":[{"href":"https:\/\/www.europesays.com\/fr\/wp-json\/wp\/v2\/posts"}],"about":[{"href":"https:\/\/www.europesays.com\/fr\/wp-json\/wp\/v2\/types\/post"}],"author":[{"embeddable":true,"href":"https:\/\/www.europesays.com\/fr\/wp-json\/wp\/v2\/users\/2"}],"replies":[{"embeddable":true,"href":"https:\/\/www.europesays.com\/fr\/wp-json\/wp\/v2\/comments?post=151072"}],"version-history":[{"count":0,"href":"https:\/\/www.europesays.com\/fr\/wp-json\/wp\/v2\/posts\/151072\/revisions"}],"wp:featuredmedia":[{"embeddable":true,"href":"https:\/\/www.europesays.com\/fr\/wp-json\/wp\/v2\/media\/151073"}],"wp:attachment":[{"href":"https:\/\/www.europesays.com\/fr\/wp-json\/wp\/v2\/media?parent=151072"}],"wp:term":[{"taxonomy":"category","embeddable":true,"href":"https:\/\/www.europesays.com\/fr\/wp-json\/wp\/v2\/categories?post=151072"},{"taxonomy":"post_tag","embeddable":true,"href":"https:\/\/www.europesays.com\/fr\/wp-json\/wp\/v2\/tags?post=151072"}],"curies":[{"name":"wp","href":"https:\/\/api.w.org\/{rel}","templated":true}]}}