{"id":151074,"date":"2025-06-04T09:21:09","date_gmt":"2025-06-04T09:21:09","guid":{"rendered":"https:\/\/www.europesays.com\/fr\/151074\/"},"modified":"2025-06-04T09:21:09","modified_gmt":"2025-06-04T09:21:09","slug":"edouard-philippe-etrille-le-second-mandat-demmanuel-macron","status":"publish","type":"post","link":"https:\/\/www.europesays.com\/fr\/151074\/","title":{"rendered":"\u00c9douard Philippe \u00e9trille le second mandat d\u2019Emmanuel Macron"},"content":{"rendered":"<p>\u00c0 l\u2019occasion de la sortie de son nouveau livre Le prix de nos mensonges, l\u2019ancien premier ministre a d\u00e9plor\u00e9 la fin de \u00abl\u2019\u00e9lan r\u00e9formateur\u00bb suscit\u00e9 en 2017.<\/p>\n<p class=\"fig-paragraph\">\u00abJe suis en col\u00e8re. Je ne m\u2019\u00e9nerve pas, mais je suis en col\u00e8re.\u00bb Ainsi commence le\u00a0<a href=\"http:\/\/www.lefigaro.fr\/politique\/je-suis-en-colere-edouard-philippe-annonce-publier-un-pamphlet-le-4-juin-prochain-sur-la-situation-du-pays-20250527\" data-fig-type=\"NewsFlash\" data-gtm-custom-categorie=\"navigation\" data-gtm-custom-action=\"crossclick\" data-gtm-custom-label=\"Contextuel\" data-gtm-event=\"customEventSPE\" data-fig-domain=\"LEFIGARO\" target=\"_blank\" rel=\"noopener\">sixi\u00e8me livre d\u2019\u00c9douard Philippe<\/a>, Le prix de nos mensonges (JC Latt\u00e8s), en librairie ce mercredi. Invit\u00e9 sur France Inter, l\u2019ancien premier ministre en a dit davantage sur l\u2019origine de sa col\u00e8re. \u00abElle vient du constat qu\u2019insuffisamment dans notre d\u00e9bat public nous regardons la r\u00e9alit\u00e9 en face\u00bb, a expliqu\u00e9 le maire du Havre (Seine-Maritime), pourfendeur de cette \u00abexceptionnelle capacit\u00e9 \u00e0 nous raconter des histoires\u00bb.<\/p>\n<p class=\"fig-paragraph\">\u00abIl y a quelque chose dans notre d\u00e9bat public qui n\u2019est pas suffisamment fond\u00e9 sur les faits\u00bb, a regrett\u00e9 \u00c9douard Philippe, qui rechigne toutefois \u00e0 nommer les auteurs de ces \u00abmensonges\u00bb. Il n\u2019emp\u00eache, le candidat d\u00e9clar\u00e9 \u00e0\u00a0<a href=\"http:\/\/www.lefigaro.fr\/politique\/le-systeme-est-completement-deregle-les-sondeurs-face-au-casse-tete-du-casting-presidentiel-de-2027-20250531\" data-fig-type=\"Article\" data-gtm-custom-categorie=\"navigation\" data-gtm-custom-action=\"crossclick\" data-gtm-custom-label=\"Contextuel\" data-gtm-event=\"customEventSPE\" data-fig-domain=\"LEFIGARO\" target=\"_blank\" rel=\"noopener\">l\u2019\u00e9lection pr\u00e9sidentielle<\/a>\u00a0n\u2019a pas h\u00e9sit\u00e9 \u00e0 critiquer le mandat d\u2019Emmanuel Macron. \u00abApr\u00e8s 2020, apr\u00e8s la premi\u00e8re phase du Covid, l\u2019\u00e9lan r\u00e9formateur de 2017 s\u2019est assez largement calm\u00e9\u00bb, estime le leader d\u2019Horizons, qui reproche \u00e9galement au chef de l\u2019\u00c9tat de ne pas avoir pr\u00e9sent\u00e9 un programme assez clair pour sa r\u00e9\u00e9lection en 2022.<\/p>\n<p class=\"fig-body-link\">\n            \u00c0 lire aussi<br \/>\n        <a class=\"fig-body-link__link fig-premium-mark\" href=\"http:\/\/www.lefigaro.fr\/politique\/presidentielle-2027-les-republicains-cherchent-la-cle-face-a-l-enigme-edouard-philippe-20250530\" data-fig-type=\"Article\" data-gtm-custom-categorie=\"navigation\" data-gtm-custom-action=\"crossclick\" data-gtm-custom-label=\"Contextuel\" data-gtm-event=\"customEventSPE\" data-fig-domain=\"LEFIGARO\" target=\"_blank\" rel=\"noopener\">Pr\u00e9sidentielle 2027\u00a0: Les R\u00e9publicains cherchent la cl\u00e9 face \u00e0 l\u2019\u00e9nigme \u00c9douard Philippe<br \/>\n    <\/a>\n<\/p>\n<p class=\"fig-paragraph\">Pour \u00c9douard Philippe,\u00a0<a href=\"http:\/\/www.lefigaro.fr\/vox\/politique\/philippe-bas-l-absence-de-majorite-n-est-pas-la-fin-de-la-ve-republique-mais-sa-raison-d-etre-20240716\" data-fig-type=\"Article\" data-gtm-custom-categorie=\"navigation\" data-gtm-custom-action=\"crossclick\" data-gtm-custom-label=\"Contextuel\" data-gtm-event=\"customEventSPE\" data-fig-domain=\"LEFIGARO\" target=\"_blank\" rel=\"noopener\">l\u2019absence de majorit\u00e9<\/a>\u00a0\u00abinterdit les grandes r\u00e9formes dont nous aurions besoin\u00bb. \u00abQuand je le dis, je ne m\u2019en r\u00e9jouis pas. Je ne suis pas du tout heureux de cette situation\u00bb, a pr\u00e9cis\u00e9 le Normand, avant d\u2019\u00e9triller l\u2019action d\u2019Emmanuel Macron\u00a0: \u00abIl n\u2019y a pas de grand projet, pas de grand souffle, pas de grandes r\u00e9formes. Et personne ne pense une seconde dans ce pays qu\u2019on est en train de pr\u00e9parer l\u2019avenir.\u00bb<\/p>\n<p class=\"fig-paragraph\">Que r\u00e9pond l\u2019ancien premier ministre \u00e0 ceux qui lui reprochent de ne pas avoir agi lorsqu\u2019il \u00e9tait aux commandes\u00a0? \u00abMon ambition c\u2019est d\u2019\u00eatre \u00e0 l\u2019aise avec moi-m\u00eame, de dire ce que je pense et d\u2019essayer de l\u2019expliquer aux Fran\u00e7ais pour voir s\u2019ils ont envie d\u2019aller dans la direction que je propose\u00bb, a r\u00e9sum\u00e9 le pr\u00e9tendant \u00e0 l\u2019\u00c9lys\u00e9e.<\/p>\n","protected":false},"excerpt":{"rendered":"\u00c0 l\u2019occasion de la sortie de son nouveau livre Le prix de nos mensonges, l\u2019ancien premier ministre a&hellip;\n","protected":false},"author":2,"featured_media":151075,"comment_status":"","ping_status":"","sticky":false,"template":"","format":"standard","meta":{"footnotes":""},"categories":[1357],"tags":[1379,426,427,422,423,58,3080,59,1011,27,418,424,425,1380,420,421,419,316,429,428],"class_list":{"0":"post-151074","1":"post","2":"type-post","3":"status-publish","4":"format-standard","5":"has-post-thumbnail","7":"category-livres","8":"tag-books","9":"tag-candidat","10":"tag-candidats","11":"tag-depute","12":"tag-deputes","13":"tag-divertissement","14":"tag-edouard-philippe","15":"tag-entertainment","16":"tag-fr","17":"tag-france","18":"tag-gouvernement","19":"tag-institution","20":"tag-institutions","21":"tag-livres","22":"tag-loi","23":"tag-lois","24":"tag-opposition","25":"tag-politique","26":"tag-ps","27":"tag-ump"},"share_on_mastodon":{"url":"https:\/\/pubeurope.com\/@fr\/114624363473553246","error":""},"_links":{"self":[{"href":"https:\/\/www.europesays.com\/fr\/wp-json\/wp\/v2\/posts\/151074","targetHints":{"allow":["GET"]}}],"collection":[{"href":"https:\/\/www.europesays.com\/fr\/wp-json\/wp\/v2\/posts"}],"about":[{"href":"https:\/\/www.europesays.com\/fr\/wp-json\/wp\/v2\/types\/post"}],"author":[{"embeddable":true,"href":"https:\/\/www.europesays.com\/fr\/wp-json\/wp\/v2\/users\/2"}],"replies":[{"embeddable":true,"href":"https:\/\/www.europesays.com\/fr\/wp-json\/wp\/v2\/comments?post=151074"}],"version-history":[{"count":0,"href":"https:\/\/www.europesays.com\/fr\/wp-json\/wp\/v2\/posts\/151074\/revisions"}],"wp:featuredmedia":[{"embeddable":true,"href":"https:\/\/www.europesays.com\/fr\/wp-json\/wp\/v2\/media\/151075"}],"wp:attachment":[{"href":"https:\/\/www.europesays.com\/fr\/wp-json\/wp\/v2\/media?parent=151074"}],"wp:term":[{"taxonomy":"category","embeddable":true,"href":"https:\/\/www.europesays.com\/fr\/wp-json\/wp\/v2\/categories?post=151074"},{"taxonomy":"post_tag","embeddable":true,"href":"https:\/\/www.europesays.com\/fr\/wp-json\/wp\/v2\/tags?post=151074"}],"curies":[{"name":"wp","href":"https:\/\/api.w.org\/{rel}","templated":true}]}}