{"id":15108,"date":"2025-04-10T13:55:09","date_gmt":"2025-04-10T13:55:09","guid":{"rendered":"https:\/\/www.europesays.com\/fr\/15108\/"},"modified":"2025-04-10T13:55:09","modified_gmt":"2025-04-10T13:55:09","slug":"il-est-la-nouvelle-etoile-montante-du-piano-qui-est-paul-salard-le-nicois-de-18-ans-qui-vient-de-remporter-un-prestigieux-concours-international","status":"publish","type":"post","link":"https:\/\/www.europesays.com\/fr\/15108\/","title":{"rendered":"Il est la nouvelle \u00e9toile montante du piano: qui est Paul Salard, le Ni\u00e7ois de 18 ans qui vient de remporter un prestigieux concours international?"},"content":{"rendered":"<p>Arriv\u00e9 presque par hasard \u00e0 la musique, il est, \u00e0 18 ans, la nouvelle promesse du piano. Paul Salard, form\u00e9 au conservatoire Pierre-Cochereau, vient d\u2019\u00e9clabousser de son talent le concours europ\u00e9en de la Young Pianist Foundation, \u00e0 Amsterdam.\u00a0<\/p>\n<p>Retour sur un parcours peu commun.<\/p>\n<p><strong>Douloureux d\u00e9buts<\/strong><\/p>\n<p>Petit, raconte-t-il, \u00ab\u00a0je m\u2019amusais \u00e0 jouer d\u2019oreille sur le piano droit de mon grand-p\u00e8re. Sans rien conna\u00eetre au solf\u00e8ge mais avec tant de plaisir.\u00a0\u00bb Le d\u00e9clic viendra d\u2019un \u00e9v\u00e9nement familial douloureux: \u00ab\u00a0Aux obs\u00e8ques de ma grand-m\u00e8re, j\u2019ai voulu jouer la 2 Nocturne de Chopin. J\u2019ai alors pris conscience du pouvoir extraordinaire de la musique et des \u00e9motions qu\u2019elle me procurait.\u00a0\u00bb<\/p>\n<p>On lui conseille le conservatoire. Le jury, impressionn\u00e9 par la volont\u00e9 et la d\u00e9termination de ce gar\u00e7on de 12 ans, accepte sa candidature. Il int\u00e8gre directement en deuxi\u00e8me cycle la classe d\u2019Am\u00e9d\u00e9e Briggen.<\/p>\n<p>Cette d\u00e9couvreuse de talents \u2013 elle a notamment mis le pied \u00e0 l\u2019\u00e9trier \u00e0 Stella Almondo, qui m\u00e8ne aussi \u00e0 18 ans une magnifique carri\u00e8re \u2013 voit, d\u00e8s les premi\u00e8res auditions, \u00ab\u00a0une v\u00e9ritable b\u00eate de sc\u00e8ne\u00a0\u00bb.<\/p>\n<p><strong>Le mental et le charisme<\/strong><\/p>\n<p>Avec ardeur, le gar\u00e7on br\u00fble les \u00e9tapes et, \u00e0 raison de huit heures de pratique quotidiennes, obtient en quatre ann\u00e9es son Dipl\u00f4me d\u2019\u00e9tudes musicales. Par l\u2019entremise d\u2019Am\u00e9d\u00e9e Briggen, il rencontre un autre pianiste ni\u00e7ois, Nicolas Bringuier, qui le prend sous son aile.<\/p>\n<p>\u00ab\u00a0J\u2019ai tout de suite compris que j\u2019avais affaire \u00e0 une personnalit\u00e9 exceptionnelle, par sa motivation, son mental, sa soif d\u2019apprendre et de progresser, le charisme qu\u2019il d\u00e9gage, ainsi que son humilit\u00e9 face aux d\u00e9fis qu\u2019il doit affronter\u00a0\u00bb, s\u2019enthousiasme le soliste international et professeur r\u00e9put\u00e9.<\/p>\n<p>La suite? Une galerie de r\u00e9compenses au concours international d\u2019Hilversum, au Globe international piano competition, au concours Samson-Fran\u00e7ois de Cagnes, \u00e0 Arte piano \u00e0 Rome, \u00e0 Vienne ou Stuttgart, jusqu\u2019au point d\u2019orgue amstellodamois.<\/p>\n<p><strong>\u00ab\u00a0Donner du bonheur\u00a0\u00bb<\/strong><\/p>\n<p>Des succ\u00e8s qui n\u2019entament pas sa lucidit\u00e9: \u00ab\u00a0Ce que j\u2019aime, c\u2019est le partage des \u00e9motions, confie Paul Salard. J\u2019aime ces moments privil\u00e9gi\u00e9s, lorsque je suis au clavier, pour donner du bonheur \u00e0 ceux qui m\u2019\u00e9coutent. La musique, c\u2019est ma vie. Je vis pour elle et \u00e0 travers elle, m\u00eame si je sais que j\u2019ai encore tant de choses \u00e0 apprendre et \u00e0 d\u00e9couvrir en mati\u00e8re de r\u00e9pertoire et de culture g\u00e9n\u00e9rale. Je mesure ma chance de pouvoir m\u2019exprimer \u00e0 travers mon art. Il m\u2019arrive beaucoup de belles choses mais je travaille beaucoup pour me donner cette chance.\u00a0\u00bb<\/p>\n<p>Pour poursuivre sa progression, le jeune Ni\u00e7ois va int\u00e9grer l\u2019universit\u00e9 des arts de Berlin pour \u00e9tudier avec le professeur Bj\u00f6rn Lehmann. Une nouvelle \u00e9tape dans une carri\u00e8re qui s\u2019annonce pav\u00e9e de moments exceptionnels.<\/p>\n<p><strong>\u00c0 Amsterdam, un succ\u00e8s total et in\u00e9dit<\/strong><\/p>\n<p>\u00ab\u00a0Un formidable talent ! \u00a0\u00bb Benjamin L\u00e9vy, directeur musical de l\u2019Orchestre national de Cannes, \u00e0 la t\u00eate du Gelderland and Overijssel Orchestra lors du concours europ\u00e9en de la Young Pianist Foundation d\u2019Amsterdam, ne tarit pas d\u2019\u00e9loge sur Paul Salard.<\/p>\n<p>Au d\u00e9part du concours que le jeune Ni\u00e7ois vient d\u2019\u00e9clabousser de son talent, 40 pianistes d\u2019\u00e9lite venus de toute l\u2019Europe.<\/p>\n<p>\u00c0 l\u2019arriv\u00e9e, trois finalistes d\u00e9partag\u00e9s par un jury international et une victoire sans appel de Paul Salard. Seul Fran\u00e7ais engag\u00e9 et plus jeune participant, il a obtenu le prix de musique de chambre, le prix du public, le prix de la meilleure interpr\u00e9tation d\u2019une \u0153uvre contemporaine de Jan-Peter de Graaf et le prix Youri Egorov, d\u00e9croch\u00e9 \u00e0 l\u2019unanimit\u00e9 du jury et qui n\u2019avait \u00e9t\u00e9 attribu\u00e9 que deux fois dans l\u2019histoire du concours pour consacrer \u00ab\u00a0un talent musical, artistique et pianistique exceptionnel\u00a0\u00bb.<\/p>\n<p>Outre des engagements de concerts, Paul Salard a remport\u00e9 un prix de 15.000 euros et un autre de 1.000 euros que le jeune interpr\u00e8te a d\u00e9cid\u00e9 d\u2019offrir \u00e0 la fondation qui organise le concours. Un geste qui t\u00e9moigne de sa g\u00e9n\u00e9rosit\u00e9 et de ses qualit\u00e9s humaines.<\/p>\n","protected":false},"excerpt":{"rendered":"Arriv\u00e9 presque par hasard \u00e0 la musique, il est, \u00e0 18 ans, la nouvelle promesse du piano. Paul&hellip;\n","protected":false},"author":2,"featured_media":15109,"comment_status":"","ping_status":"","sticky":false,"template":"","format":"standard","meta":{"footnotes":""},"categories":[2819],"tags":[1111,11,1777,674,1011,27,12,2401,882,25,3366],"class_list":{"0":"post-15108","1":"post","2":"type-post","3":"status-publish","4":"format-standard","5":"has-post-thumbnail","7":"category-nice","8":"tag-actu","9":"tag-actualites","10":"tag-eu","11":"tag-europe","12":"tag-fr","13":"tag-france","14":"tag-news","15":"tag-nice","16":"tag-provence-alpes-cote-dazur","17":"tag-republique-francaise","18":"tag-vie-locale"},"share_on_mastodon":{"url":"https:\/\/pubeurope.com\/@fr\/114314013808700028","error":""},"_links":{"self":[{"href":"https:\/\/www.europesays.com\/fr\/wp-json\/wp\/v2\/posts\/15108","targetHints":{"allow":["GET"]}}],"collection":[{"href":"https:\/\/www.europesays.com\/fr\/wp-json\/wp\/v2\/posts"}],"about":[{"href":"https:\/\/www.europesays.com\/fr\/wp-json\/wp\/v2\/types\/post"}],"author":[{"embeddable":true,"href":"https:\/\/www.europesays.com\/fr\/wp-json\/wp\/v2\/users\/2"}],"replies":[{"embeddable":true,"href":"https:\/\/www.europesays.com\/fr\/wp-json\/wp\/v2\/comments?post=15108"}],"version-history":[{"count":0,"href":"https:\/\/www.europesays.com\/fr\/wp-json\/wp\/v2\/posts\/15108\/revisions"}],"wp:featuredmedia":[{"embeddable":true,"href":"https:\/\/www.europesays.com\/fr\/wp-json\/wp\/v2\/media\/15109"}],"wp:attachment":[{"href":"https:\/\/www.europesays.com\/fr\/wp-json\/wp\/v2\/media?parent=15108"}],"wp:term":[{"taxonomy":"category","embeddable":true,"href":"https:\/\/www.europesays.com\/fr\/wp-json\/wp\/v2\/categories?post=15108"},{"taxonomy":"post_tag","embeddable":true,"href":"https:\/\/www.europesays.com\/fr\/wp-json\/wp\/v2\/tags?post=15108"}],"curies":[{"name":"wp","href":"https:\/\/api.w.org\/{rel}","templated":true}]}}