{"id":151082,"date":"2025-06-04T09:25:15","date_gmt":"2025-06-04T09:25:15","guid":{"rendered":"https:\/\/www.europesays.com\/fr\/151082\/"},"modified":"2025-06-04T09:25:15","modified_gmt":"2025-06-04T09:25:15","slug":"comment-gerer-limpact-chez-les-jeunes-adultes","status":"publish","type":"post","link":"https:\/\/www.europesays.com\/fr\/151082\/","title":{"rendered":"comment g\u00e9rer l&rsquo;impact chez les jeunes adultes ?"},"content":{"rendered":"<p>             <a href=\"https:\/\/ma-sante.news\/wp-content\/uploads\/2025\/05\/horaires-decales-jeunes-travailleurs-ma-sante.jpg\" data-caption=\"Horaires variables : un d\u00e9fi de taille pour l\u2019\u00e9quilibre vie pro-vie perso des jeunes actifs. \u00a9Freepik\" rel=\"nofollow noopener\" target=\"_blank\"><img loading=\"lazy\" decoding=\"async\" width=\"696\" height=\"464\" class=\"entry-thumb td-modal-image\" src=\"data:image\/svg+xml,%3Csvg%20xmlns=\" http:=\"\" data-lazy- data-lazy- alt=\"Un jeune adulte en proie \u00e0 des difficult\u00e9s \u00e0 g\u00e9rer le temps de travail d\u00e9cal\u00e9.\" title=\"horaires d\u00e9cal\u00e9s jeunes travailleurs ma sante\" data-lazy-src=\"https:\/\/www.europesays.com\/fr\/wp-content\/uploads\/2025\/06\/horaires-decales-jeunes-travailleurs-ma-sante-696x464.jpg\"\/><\/a>Horaires variables : un d\u00e9fi de taille pour l\u2019\u00e9quilibre vie pro-vie perso des jeunes actifs. \u00a9Freepik                                    \t\t\t             <a class=\"gofollow\" data-track=\"MjgsMCwxLDYw\" href=\"https:\/\/ma-sante.news\/inscrivez-vous-a-notre-newsletter\/\" rel=\"nofollow noopener\" target=\"_blank\"><img loading=\"lazy\" decoding=\"async\" width=\"1068\" height=\"131\" src=\"data:image\/svg+xml,%3Csvg%20xmlns=\" http:=\"\" data-lazy-src=\"https:\/\/www.europesays.com\/fr\/wp-content\/uploads\/2025\/03\/banniere-newsletter.png\"\/><\/a> <\/p>\n<p>Pour les g\u00e9n\u00e9rations montantes, un emploi n\u2019est pas seulement une question de salaire, mais aussi de flexibilit\u00e9 et de qualit\u00e9 de vie. Pourtant, ce qu\u2019ils consid\u00e8rent comme un atout peut se transformer en v\u00e9ritable pi\u00e8ge pour leur corps et leur esprit. <\/p>\n<p>Il est temps de se poser la question : <a href=\"https:\/\/ma-sante.news\/sante-au-travail-comment-bien-gerer-les-horaires-decales\/\" rel=\"nofollow noopener\" target=\"_blank\">le travail \u00e0 horaires variables<\/a> est-il vraiment compatible avec un bien-\u00eatre durable pour <a href=\"https:\/\/ma-sante.news\/sante-mentale-souffrance-jeunes-moins-epanouis-au-travail\/\" rel=\"nofollow noopener\" target=\"_blank\">les jeunes adultes <\/a>?<\/p>\n<p>        Quand la flexibilit\u00e9 devient une contrainte     <strong>Un mode de vie impos\u00e9, pas toujours bien choisi<\/strong>    <\/p>\n<p>Les jeunes adultes, de 18 \u00e0 30 ans, sont de plus en plus nombreux \u00e0 accepter des emplois \u00e0 horaires d\u00e9cal\u00e9s ou variables, souvent par n\u00e9cessit\u00e9 \u00e9conomique ou par d\u00e9sir d\u2019un emploi flexible. Selon une \u00e9tude de la DARES, le travail le samedi et le dimanche est particuli\u00e8rement \u00e9lev\u00e9 chez les moins de 30 ans, ce qui t\u00e9moigne de leur forte exposition aux horaires atypiques. <\/p>\n<p>Si ce mode de travail peut sembler une r\u00e9ponse aux exigences de la vie moderne et \u00e0 la qu\u00eate de souplesse professionnelle, il n\u2019en demeure pas moins un v\u00e9ritable d\u00e9fi pour leur bien-\u00eatre.<\/p>\n<p>En effet, contrairement aux g\u00e9n\u00e9rations pr\u00e9c\u00e9dentes, ces jeunes travailleurs sont moins enclins \u00e0 accepter des emplois avec des horaires stricts. La qu\u00eate de flexibilit\u00e9 est au c\u0153ur de leurs attentes. Cependant, ce que l\u2019on ne leur dit pas toujours, c\u2019est que ces horaires d\u00e9cal\u00e9s peuvent perturber particuli\u00e8rement deux \u00e9l\u00e9ments essentiels \u00e0 leur sant\u00e9: leur sommeil et leur alimentation.<\/p>\n<p>        <strong>Le sommeil : un cercle vicieux de fatigue<\/strong>    <\/p>\n<p>Le travail de nuit perturbe les rythmes circadiens, l\u2019horloge biologique interne du corps, entra\u00eenant des d\u00e9synchronisations entre le cerveau et les organes p\u00e9riph\u00e9riques tels que le foie, le pancr\u00e9as et le syst\u00e8me digestif.\u00a0Cette d\u00e9synchronisation peut entra\u00eener des troubles du sommeil, du m\u00e9tabolisme et augmenter le risque de maladies chroniques.\u00a0\u00a0<\/p>\n<p>Les travailleurs de nuit sont ainsi <a href=\"https:\/\/ma-sante.news\/travail-de-nuit-comment-lutter-contre-la-fatigue\/\" rel=\"nofollow noopener\" target=\"_blank\">plus susceptibles de souffrir de fatigue<\/a>, d\u2019insomnie et de somnolence diurne excessive.\u00a0Sachant que ces troubles du sommeil peuvent affecter leur bien-\u00eatre g\u00e9n\u00e9ral et leur performance au travail.\u00a0\u00a0<\/p>\n<p>        <strong>L\u2019alimentation : malmener son corps sans le savoir<\/strong>    <\/p>\n<p>Le travail de nuit perturbe le m\u00e9tabolisme, affectant la r\u00e9gulation de la glyc\u00e9mie, la production d\u2019insuline et le m\u00e9tabolisme des graisses.\u00a0Cette perturbation peut augmenter le risque de diab\u00e8te, d\u2019ob\u00e9sit\u00e9 et d\u2019autres troubles m\u00e9taboliques.\u00a0<\/p>\n<p>Les travailleurs de nuit ont tendance \u00e0 adopter des habitudes alimentaires d\u00e9s\u00e9quilibr\u00e9es, telles que la consommation de repas riches en graisses et en sucres \u00e0 des heures inhabituelles.\u00a0Cependant, ces habitudes parfois en d\u00e9calage avec leurs besoins nutritionnels  peuvent aggraver les risques de troubles m\u00e9taboliques et affecter la sant\u00e9 digestive.<\/p>\n<p>        <strong>Un challenge pour la sant\u00e9 mentale<\/strong>    <\/p>\n<p>Cette d\u00e9synchronisation du rythme circadien peut affecter l\u2019humeur, augmentant le risque de troubles mentaux tels que l\u2019anxi\u00e9t\u00e9 et la d\u00e9pression.\u00a0Une \u00e9tude men\u00e9e aupr\u00e8s de 12 413 participants a r\u00e9v\u00e9l\u00e9 que les travailleurs post\u00e9s pr\u00e9sentaient des niveaux plus \u00e9lev\u00e9s de sympt\u00f4mes d\u00e9pressifs et d\u2019anxi\u00e9t\u00e9 par rapport aux travailleurs ayant des horaires r\u00e9guliers.<\/p>\n<p>Ce manque de stabilit\u00e9 est source d\u2019anxi\u00e9t\u00e9 et d\u2019une pression constante. Et les horaires de travail non standards peuvent aussi perturber les interactions sociales et familiales, contribuant \u00e0 un sentiment d\u2019isolement.\u00a0Ces perturbations peuvent donc affecter le bien-\u00eatre g\u00e9n\u00e9ral des travailleurs.<\/p>\n<p>        Des solutions existent : une meilleure organisation est possible    <\/p>\n<p>Bien que ces horaires de travail repr\u00e9sentent un d\u00e9fi, il existe <a href=\"https:\/\/ma-sante.news\/sante-au-travail-comment-bien-gerer-les-horaires-decales\/\" rel=\"nofollow noopener\" target=\"_blank\">des solutions pour aider les jeunes adultes <\/a>\u00e0 mieux g\u00e9rer leur quotidien et pr\u00e9server leur sant\u00e9.<\/p>\n<p>        <strong>Optimiser la qualit\u00e9 du sommeil malgr\u00e9 les contraintes horaires<\/strong>    <\/p>\n<p>Le travail en horaires d\u00e9cal\u00e9s perturbe profond\u00e9ment le rythme circadien, ce qui impacte la qualit\u00e9 du sommeil. Pour limiter l\u2019impact sur le sommeil, il est recommand\u00e9 de cr\u00e9er un environnement propice au sommeil : <a href=\"https:\/\/ma-sante.news\/sommeil-quelle-est-la-temperature-ideale-pour-dormir\/\" rel=\"nofollow noopener\" target=\"_blank\">une chambre fra\u00eeche (entre 15 et 19\u00b0C)<\/a>, sombre (rideaux occultants ou masque) et silencieuse (bouchons d\u2019oreille ou bruit blanc). <\/p>\n<p>De plus, \u00e9viter les \u00e9crans au moins une heure avant le coucher est crucial pour limiter l\u2019exposition \u00e0 la lumi\u00e8re bleue qui inhibe la s\u00e9cr\u00e9tion de m\u00e9latonine, l\u2019hormone du sommeil. <\/p>\n<p>Enfin, instaurer une routine r\u00e9guli\u00e8re de coucher, m\u00eame en horaires variables, permet de favoriser l\u2019endormissement. Ces pratiques peuvent montrer une am\u00e9lioration notable de la qualit\u00e9 du sommeil, m\u00eame lorsque la dur\u00e9e totale reste r\u00e9duite.\u00a0<\/p>\n<p>        <strong>Adapter son alimentation \u00e0 un rythme de travail d\u00e9cal\u00e9<\/strong>    <\/p>\n<p>Il est conseill\u00e9 de privil\u00e9gier des repas \u00e9quilibr\u00e9s, riches en fibres et en prot\u00e9ines, et de limiter les aliments gras ou tr\u00e8s sucr\u00e9s, particuli\u00e8rement avant le sommeil. Fractionner l\u2019alimentation en plusieurs petits repas adapt\u00e9s au rythme de travail permet d\u2019\u00e9viter les pics glyc\u00e9miques et la fatigue digestive. <\/p>\n<p>De plus, manger \u00e0 heures r\u00e9guli\u00e8res, m\u00eame lors de travail de nuit, aide \u00e0 stabiliser le m\u00e9tabolisme et \u00e0 r\u00e9duire le stress corporel.<\/p>\n<p>        <strong>Maintenir un \u00e9quilibre social et psychologique<\/strong>    <\/p>\n<p>Des \u00e9tudes montrent que maintenir des interactions sociales r\u00e9guli\u00e8res, m\u00eame limit\u00e9es, am\u00e9liore la r\u00e9silience au stress et r\u00e9duit les sympt\u00f4mes anxieux et d\u00e9pressifs. <\/p>\n<p>Organiser des temps pour des activit\u00e9s sociales, sportives ou culturelles, m\u00eame en dehors des horaires traditionnels, aide \u00e0 pr\u00e9server le bien-\u00eatre mental. Le soutien social est un facteur protecteur essentiel face \u00e0 l\u2019\u00e9puisement professionnel et \u00e0 la d\u00e9tresse psychologique.<\/p>\n<blockquote class=\"wp-block-quote is-layout-flow wp-block-quote-is-layout-flow\">\n<p><strong>\u00c0 SAVOIR<\/strong><\/p>\n<p>Faire un peu de sport r\u00e9guli\u00e8rement peut vraiment aider les jeunes qui travaillent en horaires d\u00e9cal\u00e9s \u00e0 mieux dormir. Une \u00e9tude a montr\u00e9 que les personnes qui bougent assez souvent s\u2019endorment plus vite et ont un sommeil plus r\u00e9parateur, m\u00eame quand elles travaillent la nuit ou ont des horaires changeants.<\/p>\n<\/blockquote>\n<p>  <a class=\"gofollow\" data-track=\"MTIsMCwxLDYw\" href=\"https:\/\/ma-sante.news\/annonceurs\/\" rel=\"nofollow noopener\" target=\"_blank\"><img loading=\"lazy\" decoding=\"async\" width=\"2560\" height=\"2133\" src=\"data:image\/svg+xml,%3Csvg%20xmlns=\" http:=\"\" data-lazy-src=\"https:\/\/www.europesays.com\/fr\/wp-content\/uploads\/2025\/03\/pub-annonceurs-4-scaled.jpg\"\/><\/a>    <img loading=\"lazy\" decoding=\"async\" width=\"755\" height=\"495\" src=\"data:image\/svg+xml,%3Csvg%20xmlns=\" http:=\"\" data-lazy-src=\"https:\/\/www.europesays.com\/fr\/wp-content\/uploads\/2025\/03\/Image1.jpg\"\/>Inscrivez-vous \u00e0 notre newsletter <br \/>Ma Sant\u00e9                      <\/p>\n","protected":false},"excerpt":{"rendered":"Horaires variables : un d\u00e9fi de taille pour l\u2019\u00e9quilibre vie pro-vie perso des jeunes actifs. \u00a9Freepik Pour les&hellip;\n","protected":false},"author":2,"featured_media":151083,"comment_status":"","ping_status":"","sticky":false,"template":"","format":"standard","meta":{"footnotes":""},"categories":[10],"tags":[28048,27947,1011,27,72,71],"class_list":{"0":"post-151082","1":"post","2":"type-post","3":"status-publish","4":"format-standard","5":"has-post-thumbnail","7":"category-sante","8":"tag-du00e9calage-horaire","9":"tag-du00e9pression-travail","10":"tag-fr","11":"tag-france","12":"tag-health","13":"tag-sante"},"share_on_mastodon":{"url":"https:\/\/pubeurope.com\/@fr\/114624379300996932","error":""},"_links":{"self":[{"href":"https:\/\/www.europesays.com\/fr\/wp-json\/wp\/v2\/posts\/151082","targetHints":{"allow":["GET"]}}],"collection":[{"href":"https:\/\/www.europesays.com\/fr\/wp-json\/wp\/v2\/posts"}],"about":[{"href":"https:\/\/www.europesays.com\/fr\/wp-json\/wp\/v2\/types\/post"}],"author":[{"embeddable":true,"href":"https:\/\/www.europesays.com\/fr\/wp-json\/wp\/v2\/users\/2"}],"replies":[{"embeddable":true,"href":"https:\/\/www.europesays.com\/fr\/wp-json\/wp\/v2\/comments?post=151082"}],"version-history":[{"count":0,"href":"https:\/\/www.europesays.com\/fr\/wp-json\/wp\/v2\/posts\/151082\/revisions"}],"wp:featuredmedia":[{"embeddable":true,"href":"https:\/\/www.europesays.com\/fr\/wp-json\/wp\/v2\/media\/151083"}],"wp:attachment":[{"href":"https:\/\/www.europesays.com\/fr\/wp-json\/wp\/v2\/media?parent=151082"}],"wp:term":[{"taxonomy":"category","embeddable":true,"href":"https:\/\/www.europesays.com\/fr\/wp-json\/wp\/v2\/categories?post=151082"},{"taxonomy":"post_tag","embeddable":true,"href":"https:\/\/www.europesays.com\/fr\/wp-json\/wp\/v2\/tags?post=151082"}],"curies":[{"name":"wp","href":"https:\/\/api.w.org\/{rel}","templated":true}]}}