{"id":151090,"date":"2025-06-04T09:29:13","date_gmt":"2025-06-04T09:29:13","guid":{"rendered":"https:\/\/www.europesays.com\/fr\/151090\/"},"modified":"2025-06-04T09:29:13","modified_gmt":"2025-06-04T09:29:13","slug":"aux-etats-unis-donald-trump-passe-a-50-la-surtaxe-sur-lacier-et-laluminium-et-met-le-secteur-sous-pression","status":"publish","type":"post","link":"https:\/\/www.europesays.com\/fr\/151090\/","title":{"rendered":"Aux Etats-Unis, Donald Trump passe \u00e0 50\u00a0% la surtaxe sur l\u2019acier et l\u2019aluminium et met le secteur sous pression"},"content":{"rendered":"<p>                          <img loading=\"lazy\" decoding=\"async\" src=\"https:\/\/www.europesays.com\/fr\/wp-content\/uploads\/2025\/06\/3df6f34_ftp-import-images-1-d38t5ufmksza-4f9a75c2f26041dea8f9306a64c31804-0-f29d281a13ef4d94a0ead86f.jpeg\" alt=\"Donald Trump dans l\u2019usine U.S. Steel Mon Valley Works-Irvin, \u00e0 West Mifflin, en Pennsylvanie, le 30\u00a0mai 2025.\"  width=\"664\" height=\"443\"\/>    Donald Trump dans l\u2019usine U.S. Steel Mon Valley Works-Irvin, \u00e0 West Mifflin, en Pennsylvanie, le 30\u00a0mai 2025.  JULIA DEMAREE NIKHINSON\/AP                <\/p>\n<p class=\"article__paragraph  \">Donald Trump l\u2019avait promis, le 30\u00a0mai, lors d\u2019une visite dans une usine sid\u00e9rurgique en Pennsylvanie. Le pr\u00e9sident des Etats-Unis a sign\u00e9, mardi 3\u00a0juin, le d\u00e9cret faisant passer de 25\u00a0% \u00e0 50\u00a0% les droits de douane impos\u00e9s aux importations d\u2019acier et d\u2019aluminium, deux secteurs qu\u2019il consid\u00e8re comme strat\u00e9giques pour l\u2019\u00e9conomie am\u00e9ricaine. La nouvelle surtaxe est entr\u00e9e en vigueur mercredi 4\u00a0juin.<\/p>\n<p>   Lire plus tard  <\/p>\n<p class=\"article__paragraph  \">Selon le locataire de la Maison Blanche, \u00ab\u00a0ces nouveaux droits de douane seront plus efficaces pour lutter contre l\u2019exc\u00e8s de production bon march\u00e9 provenant de pays \u00e9trangers qui vient miner la comp\u00e9titivit\u00e9 des industries de l\u2019acier et de l\u2019aluminium aux Etats-Unis\u00a0\u00bb. La surtaxation de 25\u00a0% sur ces deux produits avait \u00e9t\u00e9 la premi\u00e8re d\u00e9cid\u00e9e par Donald Trump \u00e0 son retour au pouvoir, mise en place d\u00e8s le 12\u00a0mars, afin de relancer la production am\u00e9ricaine locale ou d\u2019inciter les groupes \u00e9trangers \u00e0 investir aux Etats-Unis.<\/p>\n<p class=\"article__paragraph  \">En annon\u00e7ant leur doublement au nom de \u00ab\u00a0la s\u00e9curit\u00e9 nationale\u00a0\u00bb, Donald Trump cible donc \u00e0 nouveau le Canada, le Mexique ou la Chine, mais aussi l\u2019Europe, le Japon et l\u2019Australie, principaux exportateurs d\u2019acier et d\u2019aluminium outre-Atlantique. Le Royaume-Uni est, quant \u00e0 lui, exempt\u00e9 de cette nouvelle hausse et voit son taux rester \u00e0 25\u00a0%.<\/p>\n<p class=\"reading-mode-only \"><strong>Il vous reste 76.4% de cet article \u00e0 lire. La suite est r\u00e9serv\u00e9e aux abonn\u00e9s.<\/strong><\/p>\n","protected":false},"excerpt":{"rendered":"Donald Trump dans l\u2019usine U.S. Steel Mon Valley Works-Irvin, \u00e0 West Mifflin, en Pennsylvanie, le 30\u00a0mai 2025. JULIA&hellip;\n","protected":false},"author":2,"featured_media":151091,"comment_status":"","ping_status":"","sticky":false,"template":"","format":"standard","meta":{"footnotes":""},"categories":[6],"tags":[35,33,34,1011,27],"class_list":{"0":"post-151090","1":"post","2":"type-post","3":"status-publish","4":"format-standard","5":"has-post-thumbnail","7":"category-economie","8":"tag-business","9":"tag-economie","10":"tag-economy","11":"tag-fr","12":"tag-france"},"share_on_mastodon":{"url":"https:\/\/pubeurope.com\/@fr\/114624394974572507","error":""},"_links":{"self":[{"href":"https:\/\/www.europesays.com\/fr\/wp-json\/wp\/v2\/posts\/151090","targetHints":{"allow":["GET"]}}],"collection":[{"href":"https:\/\/www.europesays.com\/fr\/wp-json\/wp\/v2\/posts"}],"about":[{"href":"https:\/\/www.europesays.com\/fr\/wp-json\/wp\/v2\/types\/post"}],"author":[{"embeddable":true,"href":"https:\/\/www.europesays.com\/fr\/wp-json\/wp\/v2\/users\/2"}],"replies":[{"embeddable":true,"href":"https:\/\/www.europesays.com\/fr\/wp-json\/wp\/v2\/comments?post=151090"}],"version-history":[{"count":0,"href":"https:\/\/www.europesays.com\/fr\/wp-json\/wp\/v2\/posts\/151090\/revisions"}],"wp:featuredmedia":[{"embeddable":true,"href":"https:\/\/www.europesays.com\/fr\/wp-json\/wp\/v2\/media\/151091"}],"wp:attachment":[{"href":"https:\/\/www.europesays.com\/fr\/wp-json\/wp\/v2\/media?parent=151090"}],"wp:term":[{"taxonomy":"category","embeddable":true,"href":"https:\/\/www.europesays.com\/fr\/wp-json\/wp\/v2\/categories?post=151090"},{"taxonomy":"post_tag","embeddable":true,"href":"https:\/\/www.europesays.com\/fr\/wp-json\/wp\/v2\/tags?post=151090"}],"curies":[{"name":"wp","href":"https:\/\/api.w.org\/{rel}","templated":true}]}}