{"id":151094,"date":"2025-06-04T09:31:10","date_gmt":"2025-06-04T09:31:10","guid":{"rendered":"https:\/\/www.europesays.com\/fr\/151094\/"},"modified":"2025-06-04T09:31:10","modified_gmt":"2025-06-04T09:31:10","slug":"devenir-professeur-de-francais-en-30-minutes-cette-experimentation-ulcere-les-syndicats","status":"publish","type":"post","link":"https:\/\/www.europesays.com\/fr\/151094\/","title":{"rendered":"Devenir professeur de fran\u00e7ais en 30\u00a0minutes\u00a0? Cette exp\u00e9rimentation ulc\u00e8re les syndicats"},"content":{"rendered":"<p>        <img decoding=\"async\" loading=\"lazy\" src=\"https:\/\/www.europesays.com\/fr\/wp-content\/uploads\/2025\/06\/7056870_1726146196908-gettyimages-875189678.jpg\"  width=\"728\" height=\"410\" alt=\"Selon un document r\u00e9v\u00e9l\u00e9 par Mediapart, les candidats \u00e0 cette \u00ab\u00a0attestation\u00a0\u00bb doivent avoir suivi des \u00e9tudes litt\u00e9raires, \u00ab\u00a0\u00e0 un moment donn\u00e9 de leur parcours de formation initiale\u00a0\u00bb.\"\/>  <\/p>\n<p>skynesher \/ Getty Images<\/p>\n<p>Selon un document r\u00e9v\u00e9l\u00e9 par Mediapart, les candidats \u00e0 cette \u00ab\u00a0attestation\u00a0\u00bb doivent avoir suivi des \u00e9tudes litt\u00e9raires, \u00ab\u00a0\u00e0 un moment donn\u00e9 de leur parcours de formation initiale\u00a0\u00bb.<\/p>\n<p class=\"asset asset-text\">PROFS &#8211; \u00ab\u00a0<a href=\"https:\/\/www.huffingtonpost.fr\/politique\/article\/les-concours-pour-devenir-professeur-vont-changer-avec-ce-decret-voici-le-nouveau-cursus-pour-enseigner_249003.html\" rel=\"nofollow noopener\" target=\"_blank\">Des profs au rabais<\/a>\u00a0\u00bb\u00a0: l\u2019acad\u00e9mie de Dijon a suscit\u00e9 la pol\u00e9mique en lan\u00e7ant une \u00ab\u00a0exp\u00e9rimentation\u00a0\u00bb qui permet \u00e0 des enseignants d\u2019autres mati\u00e8res d\u2019enseigner le fran\u00e7ais, <a href=\"https:\/\/www.huffingtonpost.fr\/politique\/article\/la-deputee-brigitte-klinkert-propose-d-etre-professeure-d-allemand-dans-un-college-de-colmar_249324.html\" rel=\"nofollow noopener\" target=\"_blank\">sans dipl\u00f4me sp\u00e9cifique<\/a> mais apr\u00e8s un simple entretien d\u2019une demi-heure.<\/p>\n<p class=\"asset asset-text\">\u00ab\u00a0L\u2019acad\u00e9mie de Dijon lance une exp\u00e9rimentation, dans le but de trouver de nouvelles solutions pour assurer l\u2019enseignement du fran\u00e7ais dans les classes de coll\u00e8ge et de lyc\u00e9e de notre acad\u00e9mie\u00a0\u00bb, dit un courriel adress\u00e9 le 22\u00a0mai \u00e0 tous les professeurs et vu par l\u2019AFP.<\/p>\n<p class=\"asset asset-text\">\u00ab\u00a0Il s\u2019agit de permettre \u00e0 des enseignants d\u2019une autre discipline de prendre en charge cet enseignement (du fran\u00e7ais, ndlr). \u00c0 cette fin, est cr\u00e9\u00e9e une attestation \u201cEnseigner le fran\u00e7ais\u201d\u00a0\u00bb, ajoute le message. <a href=\"https:\/\/www.mediapart.fr\/journal\/france\/270525\/face-la-penurie-en-lettres-l-academie-de-dijon-invente-les-profs-interchangeables\" target=\"_blank\" rel=\"noopener nofollow\" title=\"Nouvelle fen\u00eatre\">Selon un document r\u00e9v\u00e9l\u00e9 par Mediapart<\/a>, et dont l\u2019AFP a obtenu copie, les candidats \u00e0 cette \u00ab\u00a0attestation\u00a0\u00bb doivent avoir suivi des \u00e9tudes litt\u00e9raires, \u00ab\u00a0\u00e0 un moment donn\u00e9 de leur parcours de formation initiale\u00a0\u00bb.<\/p>\n<p class=\"asset asset-text\">Ils doivent envoyer un CV et un courrier listant leurs exp\u00e9riences puis passer un oral de dix minutes o\u00f9 ils pr\u00e9sentent un cours de fran\u00e7ais factice, suivi d\u2019un \u00ab\u00a0\u00e9change\u00a0\u00bb de vingt minutes, notamment sur leurs connaissances des programmes du fran\u00e7ais.<\/p>\n<p>                     Une attestation \u00ab\u00a0temporaire\u00a0\u00bb    <\/p>\n<p class=\"asset asset-text\">Interrog\u00e9 mardi par l\u2019AFP, le rectorat pr\u00e9cise que ce syst\u00e8me ne doit pas \u00eatre mis en service avant l\u2019ann\u00e9e scolaire 2026-2027 et insiste sur le fait que l\u2019attestation \u00ab\u00a0n\u2019est pas une simple formalit\u00e9 administrative\u00a0\u00bb et qu\u2019elle n\u2019est attribu\u00e9e que si \u00ab\u00a0les comp\u00e9tences \u00e0 enseigner en lettres sont reconnues\u00a0\u00bb.<\/p>\n<p class=\"asset asset-text\">De plus, l\u2019attestation est \u00ab\u00a0temporaire, valable uniquement pour l\u2019ann\u00e9e scolaire\u00a0\u00bb, ajoute le rectorat. \u00ab\u00a0L\u2019obtention de cette attestation ne vaut pas autorisation \u00e0 enseigner le fran\u00e7ais de fa\u00e7on syst\u00e9matique et p\u00e9renne\u00a0\u00bb, d\u00e9veloppe le rectorat aupr\u00e8s de Mediapart et devra \u00eatre \u00ab\u00a0r\u00e9interrog\u00e9e chaque ann\u00e9e\u00a0\u00bb.<\/p>\n<p class=\"asset asset-text\">\u00ab\u00a0Ce sont des profs au rabais\u00a0\u00bb, r\u00e9agit aupr\u00e8s de l\u2019AFP Maxime Lacroix, secr\u00e9taire acad\u00e9mique de l\u2019Unsa Dijon, deuxi\u00e8me syndicat du secondaire. Un professeur d\u2019une autre discipline pourra enseigner le fran\u00e7ais, \u00ab\u00a0sans avoir un Capes ou une Agr\u00e9gation\u00a0\u00bb dans cette mati\u00e8re, des dipl\u00f4mes ouvrant normalement droit au professorat apr\u00e8s plusieurs ann\u00e9es d\u2019\u00e9tudes, argumente-t-il. \u00ab\u00a0Apr\u00e8s seulement un entretien rapide, ils pourront potentiellement enseigner jusqu\u2019au bac de fran\u00e7ais\u00a0\u00bb, souligne Maxime Lacroix.<\/p>\n<p>                     \u00ab\u00a0Que des mauvaises id\u00e9es\u00a0\u00bb    <\/p>\n<p class=\"asset asset-text\">\u00ab\u00a0Apr\u00e8s le job-dating, les annonces sur Facebook, les parents qui s\u2019improvisent professeurs\u00a0\u00bb, initiatives r\u00e9cemment prises \u00e0 travers la France pour pallier le manque de professeurs, \u00ab\u00a0voil\u00e0 les \u201cattestations pour enseigner\u201d\u00a0\u00bb, ironise le Snes-FSU, principal syndicat enseignant du secondaire, sur un pastiche d\u2019affiche intitul\u00e9 \u00ab\u00a0BricoEduc\u00a0\u00bb, publi\u00e9 sur le site du syndicat et qui imite de c\u00e9l\u00e8bres enseignes de bricolage.<\/p>\n<p> La lecture de ce contenu est susceptible d\u2019entra\u00eener un d\u00e9p\u00f4t de cookies de la part de l\u2019op\u00e9rateur tiers qui l\u2019h\u00e9berge. Compte-tenu des choix que vous avez exprim\u00e9s en mati\u00e8re de d\u00e9p\u00f4t de cookies, nous avons bloqu\u00e9 l\u2019affichage de ce contenu. Si vous souhaitez y acc\u00e9der, vous devez accepter la cat\u00e9gorie de cookies \u201cContenus tiers\u201d en cliquant sur le bouton ci-dessous. <\/p>\n<p> Lire la Vid\u00e9o        <\/p>\n<p class=\"asset asset-text\">\u00ab\u00a0Un oral de 30\u00a0minutes ne suffit pas pour devenir professeur de fran\u00e7ais, a comment\u00e9 Sophie V\u00e9n\u00e9titay, secr\u00e9taire g\u00e9n\u00e9rale du SNES-FSU, interrog\u00e9e le 4\u00a0juin sur BFMTV (&#8230;). C\u2019est tromper les \u00e9l\u00e8ves et les familles que de laisser croire qu\u2019on peut s\u2019improviser ainsi professeur de fran\u00e7ais\u00a0\u00bb. Pour elle, cela montre une chose\u00a0: que le rectorat de Dijon comme le minist\u00e8re de l\u2019\u00c9ducation nationale n\u2019ont \u00ab\u00a0que des mauvaises id\u00e9es\u00a0\u00bb pour faire face \u00e0 la p\u00e9nurie d\u2019enseignants, qui est bien r\u00e9elle.<\/p>\n<p class=\"asset asset-text\">\u00ab\u00a0Le vrai probl\u00e8me est en fait dans le recrutement\u00a0: ce m\u00e9tier n\u2019attire plus car il n\u2019est plus reconnu et pas valoris\u00e9 financi\u00e8rement\u00a0\u00bb, juge Philippe Bernard, cosecr\u00e9taire acad\u00e9mique du SNES-FSU Dijon, qui accuse \u00e9galement les suppressions de postes dans l\u2019\u00c9ducation. \u00ab\u00a0Il y a actuellement une soixantaine de classes sans prof de fran\u00e7ais dans l\u2019acad\u00e9mie mais sept postes de profs de fran\u00e7ais ont \u00e9t\u00e9 supprim\u00e9s \u00e0 la rentr\u00e9e derni\u00e8re\u00a0\u00bb, rappelle le syndicaliste.<\/p>\n","protected":false},"excerpt":{"rendered":"skynesher \/ Getty Images Selon un document r\u00e9v\u00e9l\u00e9 par Mediapart, les candidats \u00e0 cette \u00ab\u00a0attestation\u00a0\u00bb doivent avoir suivi&hellip;\n","protected":false},"author":2,"featured_media":151095,"comment_status":"","ping_status":"","sticky":false,"template":"","format":"standard","meta":{"footnotes":""},"categories":[4],"tags":[11,1124,1057,1736,1011,27,5656,2633,12,25,28049],"class_list":{"0":"post-151094","1":"post","2":"type-post","3":"status-publish","4":"format-standard","5":"has-post-thumbnail","7":"category-france","8":"tag-actualites","9":"tag-college","10":"tag-education","11":"tag-enseignant","12":"tag-fr","13":"tag-france","14":"tag-life","15":"tag-lycee","16":"tag-news","17":"tag-republique-francaise","18":"tag-vie-de-prof"},"share_on_mastodon":{"url":"https:\/\/pubeurope.com\/@fr\/114624402806004811","error":""},"_links":{"self":[{"href":"https:\/\/www.europesays.com\/fr\/wp-json\/wp\/v2\/posts\/151094","targetHints":{"allow":["GET"]}}],"collection":[{"href":"https:\/\/www.europesays.com\/fr\/wp-json\/wp\/v2\/posts"}],"about":[{"href":"https:\/\/www.europesays.com\/fr\/wp-json\/wp\/v2\/types\/post"}],"author":[{"embeddable":true,"href":"https:\/\/www.europesays.com\/fr\/wp-json\/wp\/v2\/users\/2"}],"replies":[{"embeddable":true,"href":"https:\/\/www.europesays.com\/fr\/wp-json\/wp\/v2\/comments?post=151094"}],"version-history":[{"count":0,"href":"https:\/\/www.europesays.com\/fr\/wp-json\/wp\/v2\/posts\/151094\/revisions"}],"wp:featuredmedia":[{"embeddable":true,"href":"https:\/\/www.europesays.com\/fr\/wp-json\/wp\/v2\/media\/151095"}],"wp:attachment":[{"href":"https:\/\/www.europesays.com\/fr\/wp-json\/wp\/v2\/media?parent=151094"}],"wp:term":[{"taxonomy":"category","embeddable":true,"href":"https:\/\/www.europesays.com\/fr\/wp-json\/wp\/v2\/categories?post=151094"},{"taxonomy":"post_tag","embeddable":true,"href":"https:\/\/www.europesays.com\/fr\/wp-json\/wp\/v2\/tags?post=151094"}],"curies":[{"name":"wp","href":"https:\/\/api.w.org\/{rel}","templated":true}]}}