{"id":151098,"date":"2025-06-04T09:33:10","date_gmt":"2025-06-04T09:33:10","guid":{"rendered":"https:\/\/www.europesays.com\/fr\/151098\/"},"modified":"2025-06-04T09:33:10","modified_gmt":"2025-06-04T09:33:10","slug":"outils-pour-lutter-contre-les-chutes-des-personnes-de-60-ans-et-plus","status":"publish","type":"post","link":"https:\/\/www.europesays.com\/fr\/151098\/","title":{"rendered":"Outils pour lutter contre les chutes des personnes de 60 ans et plus"},"content":{"rendered":"<p>L&rsquo;ARS Auvergne-Rh\u00f4ne-Alpes coordonne, avec le G\u00e9rontop\u00f4le AURA, le <a href=\"https:\/\/www.auvergne-rhone-alpes.ars.sante.fr\/plan-antichute-des-personnes-agees-0\" target=\"_blank\" data-xiti-name=\"plan r\u00e9gional antichute\" data-xiti-chapitre1=\"Outils pour lutter contre les chutes des personnes de 60 ans et plus\" data-xiti-type=\"exit\" rel=\"noopener\">plan r\u00e9gional antichute<\/a> en d\u00e9clinaison du <a class=\"link-ext-icon\" href=\"https:\/\/solidarites.gouv.fr\/plan-antichute-des-personnes-agees\" target=\"_blank\" data-xiti-name=\"plan national\" data-xiti-chapitre1=\"Outils pour lutter contre les chutes des personnes de 60 ans et plus\" data-xiti-type=\"exit\" rel=\"noopener\">plan national<\/a>. Dans le cadre de ce plan, des groupes de travail produisent des outils concrets autour de th\u00e9matiques comme l\u2019ost\u00e9oporose, l\u2019iatrog\u00e9nie m\u00e9dicamenteuse, le parcours du primo-chuteur ou la communication.<\/p>\n<p>Cette page sera enrichie au fur et \u00e0 mesure de la production d\u2019outils.<\/p>\n<p>M\u00e9mo \u201cQuand et comment traiter l\u2019ost\u00e9oporose d\u2019un patient en EHPAD ?\u201d<\/p>\n<p>Ce document, destin\u00e9 aux m\u00e9decins coordonnateurs d\u2019EHPAD, permet de rappeler les principales recommandations (traitements, rendez-vous dentaires, prescriptions&#8230;).<\/p>\n<p><strong>Emetteur\u202f: <\/strong>Groupe de recherche et d&rsquo;information sur les ost\u00e9oporoses (GRIO), ARS Auvergne-Rh\u00f4ne-Alpes, G\u00e9rontop\u00f4le AURA, Association des m\u00e9decins coordonnateurs du Rh\u00f4ne (AMC 69)<\/p>\n<p><strong>Date de publication : <\/strong>17 avril 2025<\/p>\n<p><strong>Acc\u00e9der \u00e0 la ressource\u202f:<\/strong>\u00a0<\/p>\n<p>        <a href=\"https:\/\/www.auvergne-rhone-alpes.ars.sante.fr\/media\/139611\/download?inline\" class=\"file-pdf\" target=\"_blank\" rel=\"noopener noreferrer\" title=\"Antichute - Poster M\u00e9mo EHPAD ost\u00e9oporose (pdf, 551.52 Ko) (Nouvelle fen\u00eatre)\" data-xiti-name=\"Antichute - Poster M\u00e9mo EHPAD ost\u00e9oporose\" data-xiti-chapitre1=\"Outils pour lutter contre les chutes des personnes de 60 ans et plus\" data-xiti-type=\"download\"><br \/>\n    Antichute &#8211; Poster M\u00e9mo EHPAD ost\u00e9oporose \u00a0(pdf, 551.52 Ko)<br \/>\n  <\/a><\/p>\n<p>Poster \u201cPr\u00e9vention iatrog\u00e9nie m\u00e9dicamenteuse\u201d<\/p>\n<p>Le poster pr\u00e9sente les objectifs et la m\u00e9thodologie pour mettre en \u0153uvre la pr\u00e9vention de la iatrog\u00e9nie m\u00e9dicamenteuse via la sensibilisation des m\u00e9decins et des pharmaciens. \u00a0<\/p>\n<p><strong>Emetteur\u202f: <\/strong>ARS Auvergne-Rh\u00f4ne-Alpes, CHU Grenoble Alpes, CHU de Saint-Etienne, CH Annecy-Genevois<\/p>\n<p><strong>Date de publication\u202f:<\/strong> 17 avril 2025<\/p>\n<p><strong>Acc\u00e9der \u00e0 la ressource\u202f:\u00a0<\/strong><\/p>\n<p>        <a href=\"https:\/\/www.auvergne-rhone-alpes.ars.sante.fr\/media\/139612\/download?inline\" class=\"file-pdf\" target=\"_blank\" rel=\"noopener noreferrer\" title=\"Antichute - Poster Pr\u00e9vention iatrog\u00e9nie (pdf, 115.9 Ko) (Nouvelle fen\u00eatre)\" data-xiti-name=\"Antichute - Poster Pr\u00e9vention iatrog\u00e9nie\" data-xiti-chapitre1=\"Outils pour lutter contre les chutes des personnes de 60 ans et plus\" data-xiti-type=\"download\"><br \/>\n    Antichute &#8211; Poster Pr\u00e9vention iatrog\u00e9nie \u00a0(pdf, 115.9 Ko)<br \/>\n  <\/a><\/p>\n<p>2e journ\u00e9e r\u00e9gionale antichute : pr\u00e9sentation<\/p>\n<p>La diapositive pr\u00e9sent\u00e9e lors de la deuxi\u00e8me journ\u00e9e r\u00e9gionale antichute est \u00e0 votre disposition pour retrouver le contenu des diff\u00e9rentes interventions :<\/p>\n<ul>\n<li>Etat d\u2019avancement des travaux en r\u00e9gion<\/li>\n<li>Ost\u00e9oporose fracturaire : de la pr\u00e9vention \u00e0 la prise en soin<\/li>\n<li>Iatrog\u00e9nie m\u00e9dicamenteuse : sensibilisation aux bonnes pratiques pour r\u00e9duire le risque de chute<\/li>\n<li>Parcours du chuteur : approche en sciences humaines et sociales<\/li>\n<\/ul>\n<p><strong>Emetteur\u202f: <\/strong>ARS Auvergne-Rh\u00f4ne-Alpes, G\u00e9rontop\u00f4le AURA, CHU de Saint-Etienne, Hospices civils de Lyon, CHU de Clermont-Ferrand, CH Annecy-Genevois, CHU Grenoble-Alpes, universit\u00e9 Claude Bernard Lyon I<\/p>\n<p><strong>Date de publication\u202f: <\/strong>17 avril 2025<\/p>\n<p><strong>Acc\u00e9der \u00e0 la ressource\u202f:\u00a0<\/strong><\/p>\n<p>        <a href=\"https:\/\/www.auvergne-rhone-alpes.ars.sante.fr\/media\/139610\/download?inline\" class=\"file-pdf\" target=\"_blank\" rel=\"noopener noreferrer\" title=\"Pr\u00e9sentation journ\u00e9e antichute 2025 (pdf, 3.81 Mo) (Nouvelle fen\u00eatre)\" data-xiti-name=\"Pr\u00e9sentation journ\u00e9e antichute 2025\" data-xiti-chapitre1=\"Outils pour lutter contre les chutes des personnes de 60 ans et plus\" data-xiti-type=\"download\"><br \/>\n    Pr\u00e9sentation journ\u00e9e antichute 2025 \u00a0(pdf, 3.81 Mo)<br \/>\n  <\/a><\/p>\n","protected":false},"excerpt":{"rendered":"L&rsquo;ARS Auvergne-Rh\u00f4ne-Alpes coordonne, avec le G\u00e9rontop\u00f4le AURA, le plan r\u00e9gional antichute en d\u00e9clinaison du plan national. Dans le&hellip;\n","protected":false},"author":2,"featured_media":151099,"comment_status":"","ping_status":"","sticky":false,"template":"","format":"standard","meta":{"footnotes":""},"categories":[9653],"tags":[1111,11,13643,2430,1777,674,1011,27,12,28050,2571,25,4001],"class_list":{"0":"post-151098","1":"post","2":"type-post","3":"status-publish","4":"format-standard","5":"has-post-thumbnail","7":"category-saint-etienne","8":"tag-actu","9":"tag-actualites","10":"tag-autonomie","11":"tag-auvergne-rhone-alpes","12":"tag-eu","13":"tag-europe","14":"tag-fr","15":"tag-france","16":"tag-news","17":"tag-outils","18":"tag-personnes-agees","19":"tag-republique-francaise","20":"tag-saint-etienne"},"share_on_mastodon":{"url":"https:\/\/pubeurope.com\/@fr\/114624410636290992","error":""},"_links":{"self":[{"href":"https:\/\/www.europesays.com\/fr\/wp-json\/wp\/v2\/posts\/151098","targetHints":{"allow":["GET"]}}],"collection":[{"href":"https:\/\/www.europesays.com\/fr\/wp-json\/wp\/v2\/posts"}],"about":[{"href":"https:\/\/www.europesays.com\/fr\/wp-json\/wp\/v2\/types\/post"}],"author":[{"embeddable":true,"href":"https:\/\/www.europesays.com\/fr\/wp-json\/wp\/v2\/users\/2"}],"replies":[{"embeddable":true,"href":"https:\/\/www.europesays.com\/fr\/wp-json\/wp\/v2\/comments?post=151098"}],"version-history":[{"count":0,"href":"https:\/\/www.europesays.com\/fr\/wp-json\/wp\/v2\/posts\/151098\/revisions"}],"wp:featuredmedia":[{"embeddable":true,"href":"https:\/\/www.europesays.com\/fr\/wp-json\/wp\/v2\/media\/151099"}],"wp:attachment":[{"href":"https:\/\/www.europesays.com\/fr\/wp-json\/wp\/v2\/media?parent=151098"}],"wp:term":[{"taxonomy":"category","embeddable":true,"href":"https:\/\/www.europesays.com\/fr\/wp-json\/wp\/v2\/categories?post=151098"},{"taxonomy":"post_tag","embeddable":true,"href":"https:\/\/www.europesays.com\/fr\/wp-json\/wp\/v2\/tags?post=151098"}],"curies":[{"name":"wp","href":"https:\/\/api.w.org\/{rel}","templated":true}]}}