{"id":151114,"date":"2025-06-04T09:41:13","date_gmt":"2025-06-04T09:41:13","guid":{"rendered":"https:\/\/www.europesays.com\/fr\/151114\/"},"modified":"2025-06-04T09:41:13","modified_gmt":"2025-06-04T09:41:13","slug":"sncf-des-animaux-reperes-sur-les-voies-pres-de-rouen-la-circulation-toujours-perturbee","status":"publish","type":"post","link":"https:\/\/www.europesays.com\/fr\/151114\/","title":{"rendered":"SNCF. Des animaux rep\u00e9r\u00e9s sur les voies pr\u00e8s de Rouen : la circulation toujours perturb\u00e9e"},"content":{"rendered":"<p>            Par<br \/>\n        <strong><br \/>\n            <a href=\"https:\/\/actu.fr\/auteur\/eaube\" title=\"Consulter tous les articles de Elo\u00efse Aub\u00e9\" target=\"_blank\" rel=\"noopener\">Elo\u00efse Aub\u00e9<\/a><br \/>\n        <\/strong><\/p>\n<p>        Publi\u00e9 le<\/p>\n<p>            4 juin 2025 \u00e0 10h40<br \/>\n        ; mis \u00e0 jour le 4 juin 2025 \u00e0 11h18    <\/p>\n<p>\u00a0<\/p>\n<p class=\" wall-content\"><strong>Mise \u00e0 jour le 4 juin 2025 \u00e0 11h<\/strong> : le train endommag\u00e9 a \u00e9t\u00e9 r\u00e9par\u00e9 et ramen\u00e9 en gare de Rouen. Cependant la pr\u00e9sence d\u2019animaux sur les voies pr\u00e8s de Sotteville perturbe toujours la circulation. L\u2019heure de reprise est estim\u00e9e \u00e0 12h20.<\/p>\n<p class=\" wall-content\">Plusieurs incidents sont en cours ce mercredi 4\u00a0juin 2025 sur <strong>le r\u00e9seau SNCF en Normandie<\/strong>.\u00a0En effet, depuis environ 10\u00a0heures, une panne dans le secteur de<a href=\"https:\/\/actu.fr\/normandie\/rouen_76540\" target=\"_blank\" rel=\"noopener\"> Rouen<\/a> a perturb\u00e9 la circulation des trains.<\/p>\n<p class=\" wall-content\">\n<p class=\" wall-content\">\u00ab\u2009Le conducteur va essayer de ramener le train \u00e0 vitesse r\u00e9duite en garde de Rouen\u2009\u00bb, indiquait la SNCF en milieu de matin\u00e9e.<\/p>\n<p class=\" wall-content\">Vers 11 heures, le train \u00e9tait arriv\u00e9 en gare. Mais des animaux ont \u00e9t\u00e9 aper\u00e7us dans le secteur de Sotteville. Cons\u00e9quence : la circulation est toujours perturb\u00e9e entre Rouen et Sotteville sur la ligne Paris-Rouen-Le Havre.\u00a0<\/p>\n<p>Quelles solutions pour les usagers\u2009?<\/p>\n<p class=\" wall-content\">Deux solutions sont propos\u00e9es aux voyageurs\u2009:<\/p>\n<ul class=\" wall-content\">\n<li>le transilien au d\u00e9part de Vernon<\/li>\n<li>le 13128 au d\u00e9part de Rouen<\/li>\n<\/ul>\n<p>Vid\u00e9os : en ce moment sur Actu<\/p>\n<p class=\" wall-content\">L\u2019heure de reprise de la circulation est estim\u00e9e \u00e0 12h20.<\/p>\n<p>Suivez l\u2019actualit\u00e9 de Rouen sur notre <a href=\"https:\/\/www.whatsapp.com\/channel\/0029VaKfnf99hXF2ddApFB1D\" target=\"_blank\" rel=\"noopener\">cha\u00eene WhatsApp<\/a> et sur notre<a href=\"https:\/\/www.tiktok.com\/@76actu.fr?lang=fr\" target=\"_blank\" rel=\"noopener\"> compte TikTok<\/a><\/p>\n<p class=\" wall-content\">Suivez toute l\u2019actualit\u00e9 de vos villes et m\u00e9dias favoris en vous inscrivant \u00e0 <a href=\"https:\/\/moncompte.actu.fr\" title=\"D\u00e9couvez Mon Actu\" rel=\"nofollow noopener\" data-trk=\"{&quot;cta&quot;:{&quot;action&quot;:&quot;https:\\\/\\\/moncompte.actu.fr&quot;,&quot;category&quot;:&quot;mon compte&quot;,&quot;from&quot;:&quot;article footer&quot;,&quot;name&quot;:&quot;Mon actu&quot;,&quot;type&quot;:&quot;cta&quot;}}\" target=\"_blank\">Mon Actu<\/a>.<\/p>\n<p>                    <script async src=\"\/\/www.tiktok.com\/embed.js\"><\/script><\/p>\n","protected":false},"excerpt":{"rendered":"Par Elo\u00efse Aub\u00e9 Publi\u00e9 le 4 juin 2025 \u00e0 10h40 ; mis \u00e0 jour le 4 juin 2025&hellip;\n","protected":false},"author":2,"featured_media":151115,"comment_status":"","ping_status":"","sticky":false,"template":"","format":"standard","meta":{"footnotes":""},"categories":[9587],"tags":[1111,11,1777,674,1011,27,12,5161,25,9590,2215,104,586],"class_list":{"0":"post-151114","1":"post","2":"type-post","3":"status-publish","4":"format-standard","5":"has-post-thumbnail","7":"category-rouen","8":"tag-actu","9":"tag-actualites","10":"tag-eu","11":"tag-europe","12":"tag-fr","13":"tag-france","14":"tag-news","15":"tag-normandie","16":"tag-republique-francaise","17":"tag-rouen","18":"tag-sncf","19":"tag-societe","20":"tag-voyage"},"share_on_mastodon":{"url":"https:\/\/pubeurope.com\/@fr\/114624442076888380","error":""},"_links":{"self":[{"href":"https:\/\/www.europesays.com\/fr\/wp-json\/wp\/v2\/posts\/151114","targetHints":{"allow":["GET"]}}],"collection":[{"href":"https:\/\/www.europesays.com\/fr\/wp-json\/wp\/v2\/posts"}],"about":[{"href":"https:\/\/www.europesays.com\/fr\/wp-json\/wp\/v2\/types\/post"}],"author":[{"embeddable":true,"href":"https:\/\/www.europesays.com\/fr\/wp-json\/wp\/v2\/users\/2"}],"replies":[{"embeddable":true,"href":"https:\/\/www.europesays.com\/fr\/wp-json\/wp\/v2\/comments?post=151114"}],"version-history":[{"count":0,"href":"https:\/\/www.europesays.com\/fr\/wp-json\/wp\/v2\/posts\/151114\/revisions"}],"wp:featuredmedia":[{"embeddable":true,"href":"https:\/\/www.europesays.com\/fr\/wp-json\/wp\/v2\/media\/151115"}],"wp:attachment":[{"href":"https:\/\/www.europesays.com\/fr\/wp-json\/wp\/v2\/media?parent=151114"}],"wp:term":[{"taxonomy":"category","embeddable":true,"href":"https:\/\/www.europesays.com\/fr\/wp-json\/wp\/v2\/categories?post=151114"},{"taxonomy":"post_tag","embeddable":true,"href":"https:\/\/www.europesays.com\/fr\/wp-json\/wp\/v2\/tags?post=151114"}],"curies":[{"name":"wp","href":"https:\/\/api.w.org\/{rel}","templated":true}]}}